{"id":131485,"date":"2025-05-13T07:10:00","date_gmt":"2025-05-13T12:10:00","guid":{"rendered":"https:\/\/www.villaeducativa.edu.mx\/newspaper\/?p=131485"},"modified":"2025-05-13T13:29:34","modified_gmt":"2025-05-13T18:29:34","slug":"futbol-4","status":"publish","type":"post","link":"https:\/\/www.villaeducativa.edu.mx\/newspaper\/?p=131485","title":{"rendered":"F\u00fatbol"},"content":{"rendered":"\n<p>Les recordamos que el 17 de mayo retomamos el torneo de f\u00fatbol en el deportivo Chapultepec para nuestros equipos representativos. Ese mismo d\u00eda, tendremos juego de pr\u00e1ctica con nuestros alumnos de K\u00ednder 2, Kinder 3 y Villa High. Los horarios se compartir\u00e1n v\u00eda WhatsApp una vez que los tengamos confirmados.<\/p>\n\n\n\n<p>Pap\u00e1s, recuerden que es muy importante contar con la asistencia de los alumnos.<\/p>\n\n\n\n<p><strong><span class=\"has-inline-color has-vivid-cyan-blue-color\">Berenice \u00c1ngeles<br><\/span><\/strong><em><span class=\"has-inline-color has-vivid-cyan-blue-color\">Coordinadora de Club AfterSchool<\/span><\/em><\/p>\n","protected":false},"excerpt":{"rendered":"<p>Les recordamos que el 17 de mayo retomamos el torneo de f\u00fatbol en el deportivo Chapultepec para nuestros equipos representativos. Ese mismo d\u00eda, tendremos juego de pr\u00e1ctica con nuestros alumnos de K\u00ednder 2, Kinder 3 y Villa High. Los horarios se compartir\u00e1n v\u00eda WhatsApp una vez que los tengamos confirmados.&hellip; <\/p>\n","protected":false},"author":2,"featured_media":130855,"comment_status":"closed","ping_status":"closed","sticky":false,"template":"","format":"standard","meta":{"ngg_post_thumbnail":0},"categories":[5],"tags":[],"_links":{"self":[{"href":"https:\/\/www.villaeducativa.edu.mx\/newspaper\/index.php?rest_route=\/wp\/v2\/posts\/131485"}],"collection":[{"href":"https:\/\/www.villaeducativa.edu.mx\/newspaper\/index.php?rest_route=\/wp\/v2\/posts"}],"about":[{"href":"https:\/\/www.villaeducativa.edu.mx\/newspaper\/index.php?rest_route=\/wp\/v2\/types\/post"}],"author":[{"embeddable":true,"href":"https:\/\/www.villaeducativa.edu.mx\/newspaper\/index.php?rest_route=\/wp\/v2\/users\/2"}],"replies":[{"embeddable":true,"href":"https:\/\/www.villaeducativa.edu.mx\/newspaper\/index.php?rest_route=%2Fwp%2Fv2%2Fcomments&post=131485"}],"version-history":[{"count":1,"href":"https:\/\/www.villaeducativa.edu.mx\/newspaper\/index.php?rest_route=\/wp\/v2\/posts\/131485\/revisions"}],"predecessor-version":[{"id":131486,"href":"https:\/\/www.villaeducativa.edu.mx\/newspaper\/index.php?rest_route=\/wp\/v2\/posts\/131485\/revisions\/131486"}],"wp:featuredmedia":[{"embeddable":true,"href":"https:\/\/www.villaeducativa.edu.mx\/newspaper\/index.php?rest_route=\/wp\/v2\/media\/130855"}],"wp:attachment":[{"href":"https:\/\/www.villaeducativa.edu.mx\/newspaper\/index.php?rest_route=%2Fwp%2Fv2%2Fmedia&parent=131485"}],"wp:term":[{"taxonomy":"category","embeddable":true,"href":"https:\/\/www.villaeducativa.edu.mx\/newspaper\/index.php?rest_route=%2Fwp%2Fv2%2Fcategories&post=131485"},{"taxonomy":"post_tag","embeddable":true,"href":"https:\/\/www.villaeducativa.edu.mx\/newspaper\/index.php?rest_route=%2Fwp%2Fv2%2Ftags&post=131485"}],"curies":[{"name":"wp","href":"https:\/\/api.w.org\/{rel}","templated":true}]}}