{"id":131453,"date":"2025-05-13T09:35:00","date_gmt":"2025-05-13T14:35:00","guid":{"rendered":"https:\/\/www.villaeducativa.edu.mx\/newspaper\/?p=131453"},"modified":"2025-05-13T12:40:21","modified_gmt":"2025-05-13T17:40:21","slug":"dia-en-la-familia","status":"publish","type":"post","link":"https:\/\/www.villaeducativa.edu.mx\/newspaper\/?p=131453","title":{"rendered":"D\u00eda en la Familia"},"content":{"rendered":"\n<p><strong>Estimadas familias,<\/strong><\/p>\n\n\n\n<p>Reciban un cordial saludo y mis mejores deseos para ustedes y sus seres queridos.<\/p>\n\n\n\n<p>Como directora de esta instituci\u00f3n, siempre he cre\u00eddo firmemente en la importancia de fomentar valores que construyan una comunidad escolar s\u00f3lida y unida. En este esp\u00edritu, y tras una cuidadosa reflexi\u00f3n, queremos compartir con ustedes una decisi\u00f3n que consideramos enriquecer\u00e1 la forma en que celebramos los lazos afectivos que nos unen.<\/p>\n\n\n\n<p>Tradicionalmente, en nuestra escuela hemos dedicado d\u00edas especiales a honrar a las madres y a los padres. Estas celebraciones han sido significativas y llenas de cari\u00f1o. Sin embargo, en el coraz\u00f3n de cada ni\u00f1o y cada ni\u00f1a reside una verdad a\u00fan m\u00e1s amplia: la importancia fundamental de la <strong>familia<\/strong> en todas sus diversas y hermosas formas.<\/p>\n\n\n\n<p>Hoy en d\u00eda, las estructuras familiares son variadas y complejas. Tenemos familias nucleares, familias monoparentales, familias extendidas, familias ensambladas, familias adoptivas, y muchas otras configuraciones donde el amor, el cuidado y el apoyo mutuo son los pilares fundamentales. Celebrar \u00fanicamente el D\u00eda de la Madre y el D\u00eda del Padre, aunque con la mejor intenci\u00f3n, puede dejar fuera a figuras igualmente importantes en la vida de nuestros alumnos: abuelos, t\u00edos, hermanos mayores, tutores legales, y todas aquellas personas que con su amor y dedicaci\u00f3n contribuyen al bienestar y desarrollo de nuestros ni\u00f1os.<\/p>\n\n\n\n<p>Es por ello que, aprovechando nuestro aniversario de 50 a\u00f1os, con gran entusiasmo, les anunciamos que a partir de este ciclo escolar, nuestra escuela transformar\u00e1 la celebraci\u00f3n del D\u00eda de la Madre y del D\u00eda del Padre en el <strong>D\u00eda de la Familia<\/strong>. La celebraci\u00f3n del D\u00eda de la Madre y el D\u00eda del Padre es \u00fanica y sabemos que, celebrarlos en un mismo festejo, no resta importancia.<\/p>\n\n\n\n<p>Este cambio tiene como objetivo principal:<\/p>\n\n\n\n<ul><li><strong>Promover la inclusi\u00f3n:<\/strong> Queremos que cada uno de nuestros alumnos se sienta reconocido y valorado junto a las personas que forman su n\u00facleo afectivo, sin importar su estructura familiar.<\/li><li><strong>Celebrar la diversidad:<\/strong> Reconocemos y honramos las m\u00faltiples formas en que se manifiesta el amor y el cuidado dentro de una familia.<\/li><li><strong>Fortalecer los lazos:<\/strong> Buscamos crear un espacio donde todos los miembros importantes de la vida de nuestros estudiantes puedan participar y sentirse parte de nuestra comunidad escolar.<\/li><li><strong>Enfocarnos en los valores universales:<\/strong> El amor, el respeto, la colaboraci\u00f3n y el apoyo son valores esenciales que trascienden los roles parentales tradicionales y son fundamentales en cualquier tipo de familia.<\/li><\/ul>\n\n\n\n<p>El <strong>D\u00eda de la Familia<\/strong> ser\u00e1 una ocasi\u00f3n especial para celebrar juntos, realizar actividades significativas y reconocer la invaluable labor de todos aquellos que, de una u otra manera, brindan amor, gu\u00eda y apoyo a nuestros ni\u00f1os.<\/p>\n\n\n\n<p>Entendemos que este cambio puede generar algunas inquietudes, pero estamos convencidos de que esta transformaci\u00f3n enriquecer\u00e1 nuestra comunidad escolar y permitir\u00e1 que todos nuestros alumnos se sientan plenamente incluidos y celebrados.<\/p>\n\n\n\n<p>Agradecemos de antemano su comprensi\u00f3n y apoyo en esta nueva etapa. Juntos, seguiremos construyendo una escuela donde el amor y la inclusi\u00f3n sean los pilares fundamentales.<\/p>\n\n\n\n<p>Con afecto,<\/p>\n\n\n\n<p><strong><span class=\"has-inline-color has-vivid-cyan-blue-color\">Lorena Esparza<br><\/span><\/strong><span class=\"has-inline-color has-vivid-cyan-blue-color\"><em>Directora General<\/em><\/span><\/p>\n\n\n\n<div class=\"wp-block-image\"><figure class=\"aligncenter size-large is-resized\"><img loading=\"lazy\" src=\"https:\/\/www.villaeducativa.edu.mx\/newspaper\/wp-content\/uploads\/2025\/05\/50-familia-1024x876.png\" alt=\"\" class=\"wp-image-131454\" width=\"264\" height=\"225\" srcset=\"https:\/\/www.villaeducativa.edu.mx\/newspaper\/wp-content\/uploads\/2025\/05\/50-familia-1024x876.png 1024w, https:\/\/www.villaeducativa.edu.mx\/newspaper\/wp-content\/uploads\/2025\/05\/50-familia-300x257.png 300w, https:\/\/www.villaeducativa.edu.mx\/newspaper\/wp-content\/uploads\/2025\/05\/50-familia-768x657.png 768w, https:\/\/www.villaeducativa.edu.mx\/newspaper\/wp-content\/uploads\/2025\/05\/50-familia-600x513.png 600w, https:\/\/www.villaeducativa.edu.mx\/newspaper\/wp-content\/uploads\/2025\/05\/50-familia.png 1165w\" sizes=\"(max-width: 264px) 100vw, 264px\" \/><\/figure><\/div>\n","protected":false},"excerpt":{"rendered":"<p>Estimadas familias, Reciban un cordial saludo y mis mejores deseos para ustedes y sus seres queridos. Como directora de esta instituci\u00f3n, siempre he cre\u00eddo firmemente en la importancia de fomentar valores que construyan una comunidad escolar s\u00f3lida y unida. En este esp\u00edritu, y tras una cuidadosa reflexi\u00f3n, queremos compartir con&hellip; <\/p>\n","protected":false},"author":2,"featured_media":131455,"comment_status":"closed","ping_status":"closed","sticky":false,"template":"","format":"standard","meta":{"ngg_post_thumbnail":0},"categories":[17],"tags":[],"_links":{"self":[{"href":"https:\/\/www.villaeducativa.edu.mx\/newspaper\/index.php?rest_route=\/wp\/v2\/posts\/131453"}],"collection":[{"href":"https:\/\/www.villaeducativa.edu.mx\/newspaper\/index.php?rest_route=\/wp\/v2\/posts"}],"about":[{"href":"https:\/\/www.villaeducativa.edu.mx\/newspaper\/index.php?rest_route=\/wp\/v2\/types\/post"}],"author":[{"embeddable":true,"href":"https:\/\/www.villaeducativa.edu.mx\/newspaper\/index.php?rest_route=\/wp\/v2\/users\/2"}],"replies":[{"embeddable":true,"href":"https:\/\/www.villaeducativa.edu.mx\/newspaper\/index.php?rest_route=%2Fwp%2Fv2%2Fcomments&post=131453"}],"version-history":[{"count":2,"href":"https:\/\/www.villaeducativa.edu.mx\/newspaper\/index.php?rest_route=\/wp\/v2\/posts\/131453\/revisions"}],"predecessor-version":[{"id":131520,"href":"https:\/\/www.villaeducativa.edu.mx\/newspaper\/index.php?rest_route=\/wp\/v2\/posts\/131453\/revisions\/131520"}],"wp:featuredmedia":[{"embeddable":true,"href":"https:\/\/www.villaeducativa.edu.mx\/newspaper\/index.php?rest_route=\/wp\/v2\/media\/131455"}],"wp:attachment":[{"href":"https:\/\/www.villaeducativa.edu.mx\/newspaper\/index.php?rest_route=%2Fwp%2Fv2%2Fmedia&parent=131453"}],"wp:term":[{"taxonomy":"category","embeddable":true,"href":"https:\/\/www.villaeducativa.edu.mx\/newspaper\/index.php?rest_route=%2Fwp%2Fv2%2Fcategories&post=131453"},{"taxonomy":"post_tag","embeddable":true,"href":"https:\/\/www.villaeducativa.edu.mx\/newspaper\/index.php?rest_route=%2Fwp%2Fv2%2Ftags&post=131453"}],"curies":[{"name":"wp","href":"https:\/\/api.w.org\/{rel}","templated":true}]}}