{"id":131312,"date":"2025-05-13T09:30:00","date_gmt":"2025-05-13T14:30:00","guid":{"rendered":"https:\/\/www.villaeducativa.edu.mx\/newspaper\/?p=131312"},"modified":"2025-05-20T11:42:25","modified_gmt":"2025-05-20T16:42:25","slug":"libros-y-materiales-2025-2026","status":"publish","type":"post","link":"https:\/\/www.villaeducativa.edu.mx\/newspaper\/?p=131312","title":{"rendered":"Libros y materiales 2025-2026"},"content":{"rendered":"\n<p>Happy Kinder, Villa Educativa y Villa High se caracterizan por respetar los procesos de aprendizaje de los alumnos. Valoramos las diferencias que tiene cada uno, as\u00ed como las necesidades que van requiriendo (Child-centered). Es por ello, que cada a\u00f1o se hacen revisiones, actualizaciones y\/o ajustes a los materiales acad\u00e9micos, tomando en cuenta no solo los conocimientos, sino tambi\u00e9n las habilidades que deseamos desarrollar en cada uno de ellos.<\/p>\n\n\n\n<p>Hoy recibir\u00e1 por correo electr\u00f3nico la lista de materiales y \u00fatiles que utilizar\u00e1 su hijo durante el ciclo escolar 2025-2026. Usted puede decidir cancelar alguno (s) de los conceptos indic\u00e1ndolo a trav\u00e9s del siguiente <a href=\"https:\/\/www.jotform.com\/agent\/0196c62cd8217d5c8d9103c53387611cf12a\"><strong><em>Asistente Virtual<\/em><\/strong><\/a> a m\u00e1s tardar el <strong>16 de mayo<\/strong>; si no hace dicha cancelaci\u00f3n en esa fecha, tomaremos como confirmaci\u00f3n que usted est\u00e1 de acuerdo en solicitar el paquete completo, comprometi\u00e9ndose al pago total.<\/p>\n\n\n\n<p>Favor de tomar en cuenta que las licencias y el material institucional interno deber\u00e1n adquirirse completos en la escuela y no pueden eliminarse, ya que no los encontrar\u00e1n en otro lado al formar parte del proyecto educativo de nuestra instituci\u00f3n. Los cuadernillos de trabajo son desarrollados por las Direcciones Acad\u00e9micas y son de autor\u00eda y dise\u00f1o propios.<\/p>\n\n\n\n<p><strong><em><strong><em>*La forma de pago es en efectivo \u00fanicamente, por ser cobros efectuados para terceros.<\/em><\/strong><\/em><\/strong><\/p>\n\n\n\n<p>Atenderemos a los pap\u00e1s de cada grado en los d\u00edas espec\u00edficos establecidos por la escuela para tener un aforo controlado. Para los que tienen <strong>hermanos,<\/strong> les pedimos acudir el d\u00eda que corresponde <strong>a su hijo mayor<\/strong> y podr\u00e1n realizar los pagos juntos.<\/p>\n\n\n\n<p>Usted puede decidir comprar sus libros en un solo pago o en cuatro parcialidades.<\/p>\n\n\n\n<h5><strong>Pago \u00fanico<\/strong><\/h5>\n\n\n\n<p class=\"has-text-align-center\"><strong>PAGO COMPLETO DE LIBROS<\/strong> <strong>(PAGO \u00daNICO)<\/strong><\/p>\n\n\n\n<figure class=\"wp-block-table is-style-regular\"><table class=\"has-fixed-layout\"><tbody><tr><td><strong>2 de junio<\/strong><\/td><td><strong>3 de junio<\/strong><\/td><td><strong>4 de junio<\/strong><\/td><td><strong>5 de junio<\/strong><\/td><td><strong>6 de junio<\/strong><\/td><td><strong>9 de junio<\/strong><\/td><\/tr><tr><td>Kinder 1<\/td><td>Kinder 3<\/td><td>2\u00ba Primaria<\/td><td>4\u00ba Primaria<\/td><td>6\u00ba Primaria<\/td><td>2\u00ba Secundaria<\/td><\/tr><tr><td>Kinder 2<\/td><td>1\u00ba Primaria<\/td><td>3\u00ba Primaria<\/td><td>5\u00ba Primaria<\/td><td>1\u00ba Secundaria<\/td><td>3\u00ba Secundaria<\/td><\/tr><\/tbody><\/table><\/figure>\n\n\n\n<h5><strong>Parcialidades<\/strong><\/h5>\n\n\n\n<p class=\"has-text-align-center\"><strong>PRIMER PAGO DE LIBROS<\/strong><\/p>\n\n\n\n<figure class=\"wp-block-table is-style-regular\"><table class=\"has-fixed-layout\"><tbody><tr><td><strong>19 de mayo<\/strong><\/td><td><strong>20 de mayo<\/strong><\/td><td><strong>21 de mayo<\/strong><\/td><td><strong>22 de mayo<\/strong><\/td><td><strong>23 de mayo<\/strong><\/td><td><strong>26 de mayo<\/strong><\/td><\/tr><tr><td>Kinder 1<\/td><td>Kinder 3<\/td><td>2\u00ba Primaria<\/td><td>4\u00ba Primaria<\/td><td>6\u00ba Primaria<\/td><td>2\u00ba Secundaria<\/td><\/tr><tr><td>Kinder 2<\/td><td>1\u00ba Primaria<\/td><td>3\u00ba Primaria<\/td><td>5\u00ba Primaria<\/td><td>1\u00ba Secundaria<\/td><td>3\u00ba Secundaria<\/td><\/tr><\/tbody><\/table><\/figure>\n\n\n\n<p class=\"has-text-align-center\"><strong>SEGUNDO PAGO DE LIBROS<\/strong><\/p>\n\n\n\n<figure class=\"wp-block-table is-style-regular\"><table class=\"has-fixed-layout\"><tbody><tr><td><strong>9 de junio<\/strong><\/td><td><strong>10 de junio<\/strong><\/td><td><strong>11 de junio<\/strong><\/td><td><strong>12 de junio<\/strong><\/td><td><strong>13 de junio<\/strong><\/td><td><strong>16 de junio<\/strong><\/td><\/tr><tr><td>Kinder 1<\/td><td>Kinder 3<\/td><td>2\u00ba Primaria<\/td><td>4\u00ba Primaria<\/td><td>6\u00ba Primaria<\/td><td>2\u00ba Secundaria<\/td><\/tr><tr><td>Kinder 2<\/td><td>1\u00ba Primaria<\/td><td>3\u00ba Primaria<\/td><td>5\u00ba Primaria<\/td><td>1\u00ba Secundaria<\/td><td>3\u00ba Secundaria<\/td><\/tr><\/tbody><\/table><\/figure>\n\n\n\n<p class=\"has-text-align-center\"><strong>TERCER PAGO DE LIBROS<\/strong><\/p>\n\n\n\n<figure class=\"wp-block-table is-style-regular\"><table class=\"has-fixed-layout\"><tbody><tr><td><strong>23 de junio<\/strong><\/td><td><strong>24 de junio<\/strong><\/td><td><strong>25 de junio<\/strong><\/td><td><strong>26 de junio<\/strong><\/td><td><strong>27 de junio<\/strong><\/td><td><strong>30 de junio<\/strong><\/td><\/tr><tr><td>Kinder 1<\/td><td>Kinder 3<\/td><td>2\u00ba Primaria<\/td><td>4\u00ba Primaria<\/td><td>6\u00ba Primaria<\/td><td>2\u00ba Secundaria<\/td><\/tr><tr><td>Kinder 2<\/td><td>1\u00ba Primaria<\/td><td>3\u00ba Primaria<\/td><td>5\u00ba Primaria<\/td><td>1\u00ba Secundaria<\/td><td>3\u00ba Secundaria<\/td><\/tr><\/tbody><\/table><\/figure>\n\n\n\n<p class=\"has-text-align-center\"><strong>CUARTO PAGO DE LIBROS<\/strong><\/p>\n\n\n\n<figure class=\"wp-block-table is-style-regular\"><table class=\"has-fixed-layout\"><tbody><tr><td><strong>7 de julio<\/strong><\/td><td><strong>8 de julio<\/strong><\/td><td><strong>9 de julio<\/strong><\/td><td><strong>10 de julio<\/strong><\/td><td><strong>11 de julio<\/strong><\/td><td><strong>14 de julio<\/strong><\/td><\/tr><tr><td>Kinder 1<\/td><td>Kinder 3<\/td><td>2\u00ba Primaria<\/td><td>4\u00ba Primaria<\/td><td>6\u00ba Primaria<\/td><td>2\u00ba Secundaria<\/td><\/tr><tr><td>Kinder 2<\/td><td>1\u00ba Primaria<\/td><td>3\u00ba Primaria<\/td><td>5\u00ba Primaria<\/td><td>1\u00ba Secundaria<\/td><td>3\u00ba Secundaria<\/td><\/tr><\/tbody><\/table><\/figure>\n\n\n\n<p>Se entregar\u00e1n materiales antes de iniciar clases solo a las familias que realizaron el pago completo en la fecha indicada, ya que los proveedores \u00fanicamente entregar\u00e1n los materiales que est\u00e9n pagados en su totalidad como fecha l\u00edmite el <strong>14 de julio.<\/strong><\/p>\n\n\n\n<p><strong><span class=\"has-inline-color has-vivid-cyan-blue-color\">Karla Renter\u00eda<br><\/span><\/strong><span class=\"has-inline-color has-vivid-cyan-blue-color\"><em>Directora Acad\u00e9mica<\/em><\/span><\/p>\n","protected":false},"excerpt":{"rendered":"<p>Happy Kinder, Villa Educativa y Villa High se caracterizan por respetar los procesos de aprendizaje de los alumnos. Valoramos las diferencias que tiene cada uno, as\u00ed como las necesidades que van requiriendo (Child-centered). Es por ello, que cada a\u00f1o se hacen revisiones, actualizaciones y\/o ajustes a los materiales acad\u00e9micos, tomando&hellip; <\/p>\n","protected":false},"author":2,"featured_media":131317,"comment_status":"closed","ping_status":"closed","sticky":false,"template":"","format":"standard","meta":{"ngg_post_thumbnail":0},"categories":[17],"tags":[],"_links":{"self":[{"href":"https:\/\/www.villaeducativa.edu.mx\/newspaper\/index.php?rest_route=\/wp\/v2\/posts\/131312"}],"collection":[{"href":"https:\/\/www.villaeducativa.edu.mx\/newspaper\/index.php?rest_route=\/wp\/v2\/posts"}],"about":[{"href":"https:\/\/www.villaeducativa.edu.mx\/newspaper\/index.php?rest_route=\/wp\/v2\/types\/post"}],"author":[{"embeddable":true,"href":"https:\/\/www.villaeducativa.edu.mx\/newspaper\/index.php?rest_route=\/wp\/v2\/users\/2"}],"replies":[{"embeddable":true,"href":"https:\/\/www.villaeducativa.edu.mx\/newspaper\/index.php?rest_route=%2Fwp%2Fv2%2Fcomments&post=131312"}],"version-history":[{"count":5,"href":"https:\/\/www.villaeducativa.edu.mx\/newspaper\/index.php?rest_route=\/wp\/v2\/posts\/131312\/revisions"}],"predecessor-version":[{"id":131517,"href":"https:\/\/www.villaeducativa.edu.mx\/newspaper\/index.php?rest_route=\/wp\/v2\/posts\/131312\/revisions\/131517"}],"wp:featuredmedia":[{"embeddable":true,"href":"https:\/\/www.villaeducativa.edu.mx\/newspaper\/index.php?rest_route=\/wp\/v2\/media\/131317"}],"wp:attachment":[{"href":"https:\/\/www.villaeducativa.edu.mx\/newspaper\/index.php?rest_route=%2Fwp%2Fv2%2Fmedia&parent=131312"}],"wp:term":[{"taxonomy":"category","embeddable":true,"href":"https:\/\/www.villaeducativa.edu.mx\/newspaper\/index.php?rest_route=%2Fwp%2Fv2%2Fcategories&post=131312"},{"taxonomy":"post_tag","embeddable":true,"href":"https:\/\/www.villaeducativa.edu.mx\/newspaper\/index.php?rest_route=%2Fwp%2Fv2%2Ftags&post=131312"}],"curies":[{"name":"wp","href":"https:\/\/api.w.org\/{rel}","templated":true}]}}