{"id":130464,"date":"2025-05-13T09:05:00","date_gmt":"2025-05-13T14:05:00","guid":{"rendered":"https:\/\/www.villaeducativa.edu.mx\/newspaper\/?p=130464"},"modified":"2025-05-13T12:47:49","modified_gmt":"2025-05-13T17:47:49","slug":"32o-carrera-con-causa-de-la-asociacion-medica-centro-medico-abc","status":"publish","type":"post","link":"https:\/\/www.villaeducativa.edu.mx\/newspaper\/?p=130464","title":{"rendered":"32o Carrera con Causa de la Asociaci\u00f3n M\u00e9dica Centro M\u00e9dico ABC"},"content":{"rendered":"\n<p>\u00a1Nos llena de emoci\u00f3n participar en este evento familiar con toda nuestra comunidad educativa!<\/p>\n\n\n\n<p>Les recordamos que la <strong>Carrera con Causa<\/strong> se llevar\u00e1 a cabo el <strong>s\u00e1bado 24 de mayo<\/strong> en el <strong>Bosque de Chapultepec<\/strong>, con salida y meta dentro de <strong>Aztl\u00e1n Parque Urbano<\/strong>.<\/p>\n\n\n\n<p><strong>Horarios del evento:<\/strong><br><strong>Calentamiento:<\/strong> 6:30 a.m.<br><strong>Inicio de la carrera:<\/strong> 7:00 a.m. (Primero saldr\u00e1n los corredores de 10 km, seguidos por los de 5 km)<\/p>\n\n\n\n<p><a href=\"https:\/\/drive.google.com\/file\/d\/1HFLL9f8orAMvOaFyzSnSmSqPYBnoGFU4\/view?usp=drive_link\"><strong>Mapa de rutas<\/strong><\/a><\/p>\n\n\n\n<p><strong>Premiaci\u00f3n y Reto Kids:<\/strong> de 8:30 a 9:30 a.m.<br><strong>Reto Kids:<\/strong> 9:30 a.m. (incluido en el boleto)<\/p>\n\n\n\n<p><strong>Categor\u00edas por edad:<\/strong><br>&#8211; 4 y 5 a\u00f1os<br>&#8211; 6 y 7 a\u00f1os<br>&#8211; 8 y 9 a\u00f1os<br>&#8211; 10 a 12 a\u00f1os<\/p>\n\n\n\n<p><strong>Recomendaciones:<\/strong><br>&#8211; Llevar gorra<br>&#8211; Usar bloqueador solar<\/p>\n\n\n\n<p><strong>Importante:<\/strong> Este a\u00f1o, por disposici\u00f3n del Parque Aztl\u00e1n, el evento <strong>no ser\u00e1 pet friendly<\/strong>. Agradecemos su comprensi\u00f3n.<\/p>\n\n\n\n<p><strong>Registro obligatorio:<\/strong><br>Es indispensable escanear el <strong>c\u00f3digo QR impreso en su boleto<\/strong> y completar el formulario con:<\/p>\n\n\n\n<ul><li>Nombre completo del participante<\/li><li>Categor\u00eda elegida<\/li><li>Talla de playera<br><\/li><\/ul>\n\n\n\n<p><strong>Fecha l\u00edmite de registro:<\/strong> <em>15 de mayo<br>Quienes no se registren, recibir\u00e1n una playera unitalla.<\/em><\/p>\n\n\n\n<p><strong>Entrega de kits (playera y n\u00famero de competidor):<\/strong><\/p>\n\n\n\n<p><strong>Servicios Escolares<br><\/strong> <em>Jueves 22 y viernes 23 de mayo<br><\/em> <strong>Horario:<\/strong> de 7:30 a.m. a 4:00 p.m.<\/p>\n\n\n\n<p><strong>\u00a1Gracias por sumarse a esta causa!<br><\/strong> Su participaci\u00f3n apoya directamente a la <strong>Fundaci\u00f3n Leer Contigo<br><\/strong><a href=\"https:\/\/leercontigo.org\"><strong><em><span class=\"has-inline-color has-vivid-cyan-blue-color\">Leercontigo.org<\/span><\/em><\/strong><\/a><\/p>\n\n\n\n<p><strong><span class=\"has-inline-color has-vivid-cyan-blue-color\"><em>Jacive Monroy<\/em><br><\/span><\/strong><span class=\"has-inline-color has-vivid-cyan-blue-color\"><em>Coordinadora Operativa<\/em><\/span><\/p>\n","protected":false},"excerpt":{"rendered":"<p>\u00a1Nos llena de emoci\u00f3n participar en este evento familiar con toda nuestra comunidad educativa! Les recordamos que la Carrera con Causa se llevar\u00e1 a cabo el s\u00e1bado 24 de mayo en el Bosque de Chapultepec, con salida y meta dentro de Aztl\u00e1n Parque Urbano. Horarios del evento:Calentamiento: 6:30 a.m.Inicio de&hellip; <\/p>\n","protected":false},"author":2,"featured_media":131457,"comment_status":"closed","ping_status":"closed","sticky":false,"template":"","format":"standard","meta":{"ngg_post_thumbnail":0},"categories":[17],"tags":[],"_links":{"self":[{"href":"https:\/\/www.villaeducativa.edu.mx\/newspaper\/index.php?rest_route=\/wp\/v2\/posts\/130464"}],"collection":[{"href":"https:\/\/www.villaeducativa.edu.mx\/newspaper\/index.php?rest_route=\/wp\/v2\/posts"}],"about":[{"href":"https:\/\/www.villaeducativa.edu.mx\/newspaper\/index.php?rest_route=\/wp\/v2\/types\/post"}],"author":[{"embeddable":true,"href":"https:\/\/www.villaeducativa.edu.mx\/newspaper\/index.php?rest_route=\/wp\/v2\/users\/2"}],"replies":[{"embeddable":true,"href":"https:\/\/www.villaeducativa.edu.mx\/newspaper\/index.php?rest_route=%2Fwp%2Fv2%2Fcomments&post=130464"}],"version-history":[{"count":4,"href":"https:\/\/www.villaeducativa.edu.mx\/newspaper\/index.php?rest_route=\/wp\/v2\/posts\/130464\/revisions"}],"predecessor-version":[{"id":131522,"href":"https:\/\/www.villaeducativa.edu.mx\/newspaper\/index.php?rest_route=\/wp\/v2\/posts\/130464\/revisions\/131522"}],"wp:featuredmedia":[{"embeddable":true,"href":"https:\/\/www.villaeducativa.edu.mx\/newspaper\/index.php?rest_route=\/wp\/v2\/media\/131457"}],"wp:attachment":[{"href":"https:\/\/www.villaeducativa.edu.mx\/newspaper\/index.php?rest_route=%2Fwp%2Fv2%2Fmedia&parent=130464"}],"wp:term":[{"taxonomy":"category","embeddable":true,"href":"https:\/\/www.villaeducativa.edu.mx\/newspaper\/index.php?rest_route=%2Fwp%2Fv2%2Fcategories&post=130464"},{"taxonomy":"post_tag","embeddable":true,"href":"https:\/\/www.villaeducativa.edu.mx\/newspaper\/index.php?rest_route=%2Fwp%2Fv2%2Ftags&post=130464"}],"curies":[{"name":"wp","href":"https:\/\/api.w.org\/{rel}","templated":true}]}}