{"id":130450,"date":"2025-04-29T09:15:12","date_gmt":"2025-04-29T14:15:12","guid":{"rendered":"https:\/\/www.villaeducativa.edu.mx\/newspaper\/?p=130450"},"modified":"2025-05-06T12:54:45","modified_gmt":"2025-05-06T17:54:45","slug":"villa-educativa-presente-en-la-32a-carrera-con-causa-del-hospital-abc","status":"publish","type":"post","link":"https:\/\/www.villaeducativa.edu.mx\/newspaper\/?p=130450","title":{"rendered":"Villa Educativa presente en la 32\u00aa Carrera con Causa del Hospital ABC"},"content":{"rendered":"\n<p>Nos llena de entusiasmo compartir que este a\u00f1o participaremos en la <strong>32\u00aa edici\u00f3n de la Carrera con Causa<\/strong>, organizada por el <strong>Hospital ABC<\/strong> en colaboraci\u00f3n con la <strong>Fundaci\u00f3n Leer Contigo<\/strong>, organizaci\u00f3n que instala salas de lectura en \u00e1reas infantiles de hospitales p\u00fablicos y cuyos voluntarios leen cuentos a ni\u00f1os hospitalizados, brind\u00e1ndoles momentos de alegr\u00eda y acompa\u00f1amiento.<\/p>\n\n\n\n<p><strong>Fecha:<\/strong> S\u00e1bado 24 de mayo<br><strong>Lugar:<\/strong> Salida y meta en el Parque Aztl\u00e1n<br><strong>Costo:<\/strong> $350.00 (pago en efectivo en caja de Servicios Escolares)<br><strong>Fecha l\u00edmite para compra de boletos y registro de boletos en el formulario (indispensable para el pedido de playeras):<\/strong> Mi\u00e9rcoles 14 de mayo<br><strong>Registro:<\/strong> <a href=\"https:\/\/forms.gle\/P9SjB8wDKoewtVgr8\"><span class=\"has-inline-color has-vivid-cyan-blue-color\"><em>https:\/\/forms.gle\/P9SjB8wDKoewtVgr8<\/em><\/span><\/a><\/p>\n\n\n\n<p><strong>La carrera incluye distintas categor\u00edas para todos los gustos y edades:<\/strong><\/p>\n\n\n\n<ul><li>10 y 5 km<\/li><li>Caminata familiar de 3 km (ideal para ni\u00f1as, ni\u00f1os y adultos; pueden participar con bicicleta, patines, carritos o carriola).<\/li><li>Al finalizar la caminata, los m\u00e1s peque\u00f1os podr\u00e1n unirse al <strong>RETO KIDS<\/strong>, un espacio lleno de juegos, competencias y diversi\u00f3n.<\/li><li><em>Todos los participantes recibir\u00e1n una playera conmemorativa y medalla.<\/em><\/li><\/ul>\n\n\n\n<div class=\"wp-block-image\"><figure class=\"aligncenter is-resized\"><img loading=\"lazy\" src=\"https:\/\/lh7-rt.googleusercontent.com\/docsz\/AD_4nXd8dWJg7S1que7HLc4qdbhpQdkbyMIkV7asyTG5l5OLEi5_Pzti15BlLhJlNOZS-peGEmRLkOvH0GsmhfSMWIvU7HR5DzLBLgbmA-Fd45lSRaeAC9ANuMT9eJDRUbEkPOoRug1vMw?key=XSFR6xLJAnZtBZfKV8dg5xDj\" alt=\"\" width=\"309\" height=\"231\"\/><\/figure><\/div>\n\n\n\n<p>Una vez adquirido el boleto, es importante <strong>escanear el c\u00f3digo QR impreso<\/strong> y completar el registro en l\u00ednea, indicando:<\/p>\n\n\n\n<ul><li>Nombre completo del participante<\/li><li>Categor\u00eda elegida<\/li><li>Talla de playera que deber\u00e1 portar el d\u00eda del evento<\/li><\/ul>\n\n\n\n<p><strong>Correr nos llena de salud y, hacerlo con una causa tan especial, nos llena el coraz\u00f3n.<br><\/strong>\u00a1Los esperamos para compartir este momento como comunidad!<\/p>\n\n\n\n<p><strong><span class=\"has-inline-color has-vivid-cyan-blue-color\">Jacive Monroy<br><\/span><\/strong><span class=\"has-inline-color has-vivid-cyan-blue-color\"><em>Coordinadora Operativa<\/em><\/span><\/p>\n\n\n\n<div class=\"wp-block-image\"><figure class=\"aligncenter size-large is-resized\"><img loading=\"lazy\" src=\"https:\/\/www.villaeducativa.edu.mx\/newspaper\/wp-content\/uploads\/2025\/04\/carreraposter25-1024x1024.png\" alt=\"\" class=\"wp-image-130452\" width=\"465\" height=\"465\" srcset=\"https:\/\/www.villaeducativa.edu.mx\/newspaper\/wp-content\/uploads\/2025\/04\/carreraposter25-1024x1024.png 1024w, https:\/\/www.villaeducativa.edu.mx\/newspaper\/wp-content\/uploads\/2025\/04\/carreraposter25-300x300.png 300w, https:\/\/www.villaeducativa.edu.mx\/newspaper\/wp-content\/uploads\/2025\/04\/carreraposter25-150x150.png 150w, https:\/\/www.villaeducativa.edu.mx\/newspaper\/wp-content\/uploads\/2025\/04\/carreraposter25-768x768.png 768w, https:\/\/www.villaeducativa.edu.mx\/newspaper\/wp-content\/uploads\/2025\/04\/carreraposter25-600x600.png 600w, https:\/\/www.villaeducativa.edu.mx\/newspaper\/wp-content\/uploads\/2025\/04\/carreraposter25-1536x1536.png 1536w, https:\/\/www.villaeducativa.edu.mx\/newspaper\/wp-content\/uploads\/2025\/04\/carreraposter25-100x100.png 100w, https:\/\/www.villaeducativa.edu.mx\/newspaper\/wp-content\/uploads\/2025\/04\/carreraposter25.png 2000w\" sizes=\"(max-width: 465px) 100vw, 465px\" \/><\/figure><\/div>\n","protected":false},"excerpt":{"rendered":"<p>Nos llena de entusiasmo compartir que este a\u00f1o participaremos en la 32\u00aa edici\u00f3n de la Carrera con Causa, organizada por el Hospital ABC, en colaboraci\u00f3n con la Fundaci\u00f3n Leer Contigo, organizaci\u00f3n que instala salas de lectura en \u00e1reas infantiles de hospitales p\u00fablicos y cuyas voluntarias y voluntarios leen cuentos a ni\u00f1os hospitalizados, brind\u00e1ndoles momentos de alegr\u00eda y acompa\u00f1amiento&#8230;<\/p>\n","protected":false},"author":2,"featured_media":130451,"comment_status":"closed","ping_status":"closed","sticky":false,"template":"","format":"standard","meta":{"ngg_post_thumbnail":0},"categories":[17],"tags":[],"_links":{"self":[{"href":"https:\/\/www.villaeducativa.edu.mx\/newspaper\/index.php?rest_route=\/wp\/v2\/posts\/130450"}],"collection":[{"href":"https:\/\/www.villaeducativa.edu.mx\/newspaper\/index.php?rest_route=\/wp\/v2\/posts"}],"about":[{"href":"https:\/\/www.villaeducativa.edu.mx\/newspaper\/index.php?rest_route=\/wp\/v2\/types\/post"}],"author":[{"embeddable":true,"href":"https:\/\/www.villaeducativa.edu.mx\/newspaper\/index.php?rest_route=\/wp\/v2\/users\/2"}],"replies":[{"embeddable":true,"href":"https:\/\/www.villaeducativa.edu.mx\/newspaper\/index.php?rest_route=%2Fwp%2Fv2%2Fcomments&post=130450"}],"version-history":[{"count":5,"href":"https:\/\/www.villaeducativa.edu.mx\/newspaper\/index.php?rest_route=\/wp\/v2\/posts\/130450\/revisions"}],"predecessor-version":[{"id":131180,"href":"https:\/\/www.villaeducativa.edu.mx\/newspaper\/index.php?rest_route=\/wp\/v2\/posts\/130450\/revisions\/131180"}],"wp:featuredmedia":[{"embeddable":true,"href":"https:\/\/www.villaeducativa.edu.mx\/newspaper\/index.php?rest_route=\/wp\/v2\/media\/130451"}],"wp:attachment":[{"href":"https:\/\/www.villaeducativa.edu.mx\/newspaper\/index.php?rest_route=%2Fwp%2Fv2%2Fmedia&parent=130450"}],"wp:term":[{"taxonomy":"category","embeddable":true,"href":"https:\/\/www.villaeducativa.edu.mx\/newspaper\/index.php?rest_route=%2Fwp%2Fv2%2Fcategories&post=130450"},{"taxonomy":"post_tag","embeddable":true,"href":"https:\/\/www.villaeducativa.edu.mx\/newspaper\/index.php?rest_route=%2Fwp%2Fv2%2Ftags&post=130450"}],"curies":[{"name":"wp","href":"https:\/\/api.w.org\/{rel}","templated":true}]}}