{"id":130105,"date":"2025-04-29T09:20:00","date_gmt":"2025-04-29T14:20:00","guid":{"rendered":"https:\/\/www.villaeducativa.edu.mx\/newspaper\/?p=130105"},"modified":"2025-05-06T12:33:52","modified_gmt":"2025-05-06T17:33:52","slug":"escuela-para-padres-autoestima-como-factor-protector-para-prevenir-el-bullying","status":"publish","type":"post","link":"https:\/\/www.villaeducativa.edu.mx\/newspaper\/?p=130105","title":{"rendered":"Escuela para Padres: \u201cAutoestima como factor protector para prevenir el bullying\u201d"},"content":{"rendered":"\n<p>Nos complace invitar a todas nuestras familias al pr\u00f3ximo taller de <em>Escuela para Padres<\/em> titulado <strong>\u00abAutoestima como factor protector para prevenir el bullying\u00bb<\/strong>, que ser\u00e1 impartido por la Psicoterapeuta<strong> Aitana Farr\u00e9 Mendoza<\/strong><\/p>\n\n\n\n<p><strong>Fecha:<\/strong> Jueves 22 de mayo<br><strong>Horario:<\/strong> 6:30 p.m.<br><strong>Formato:<\/strong> Virtual<br><strong>Google Meet:<\/strong> <a href=\"https:\/\/meet.google.com\/erf-brqp-ucc\"><em><span class=\"has-inline-color has-vivid-cyan-blue-color\">https:\/\/meet.google.com\/erf-brqp-ucc<\/span><\/em><\/a><\/p>\n\n\n\n<p>Este taller tiene como objetivo brindar herramientas pr\u00e1cticas para fortalecer la autoestima de sus hijos y, con ello, prevenir situaciones de acoso escolar. Durante la sesi\u00f3n, se llevar\u00e1 a cabo un ejercicio vivencial de empoderamiento junto a su hijo, por lo que su presencia es muy valiosa. <\/p>\n\n\n\n<p>Ser\u00e1 un espacio enriquecedor para reflexionar, compartir y reforzar v\u00ednculos desde la familia, con el acompa\u00f1amiento de un especialista en el tema.<\/p>\n\n\n\n<p><em><strong>Favor de conectarse con un post-it para utilizar durante la conferencia<\/strong><\/em>.<\/p>\n\n\n\n<p><span class=\"has-inline-color has-vivid-cyan-blue-color\"><strong>Jacive Monroy<\/strong><br><em>Coordinadora Operativa<\/em><\/span><\/p>\n","protected":false},"excerpt":{"rendered":"<p>Nos complace invitar a todas nuestras familias al pr\u00f3ximo taller de Escuela para Padres titulado \u00abAutoestima como factor protector para prevenir el bullying\u00bb, que ser\u00e1 impartido por la Psicoterapeuta Aitana Farr\u00e9 Mendoza. Este taller tiene como objetivo brindar herramientas pr\u00e1cticas para fortalecer la autoestima de sus hijos&#8230;<\/p>\n","protected":false},"author":2,"featured_media":130477,"comment_status":"closed","ping_status":"closed","sticky":false,"template":"","format":"standard","meta":{"ngg_post_thumbnail":0},"categories":[17],"tags":[],"_links":{"self":[{"href":"https:\/\/www.villaeducativa.edu.mx\/newspaper\/index.php?rest_route=\/wp\/v2\/posts\/130105"}],"collection":[{"href":"https:\/\/www.villaeducativa.edu.mx\/newspaper\/index.php?rest_route=\/wp\/v2\/posts"}],"about":[{"href":"https:\/\/www.villaeducativa.edu.mx\/newspaper\/index.php?rest_route=\/wp\/v2\/types\/post"}],"author":[{"embeddable":true,"href":"https:\/\/www.villaeducativa.edu.mx\/newspaper\/index.php?rest_route=\/wp\/v2\/users\/2"}],"replies":[{"embeddable":true,"href":"https:\/\/www.villaeducativa.edu.mx\/newspaper\/index.php?rest_route=%2Fwp%2Fv2%2Fcomments&post=130105"}],"version-history":[{"count":6,"href":"https:\/\/www.villaeducativa.edu.mx\/newspaper\/index.php?rest_route=\/wp\/v2\/posts\/130105\/revisions"}],"predecessor-version":[{"id":131178,"href":"https:\/\/www.villaeducativa.edu.mx\/newspaper\/index.php?rest_route=\/wp\/v2\/posts\/130105\/revisions\/131178"}],"wp:featuredmedia":[{"embeddable":true,"href":"https:\/\/www.villaeducativa.edu.mx\/newspaper\/index.php?rest_route=\/wp\/v2\/media\/130477"}],"wp:attachment":[{"href":"https:\/\/www.villaeducativa.edu.mx\/newspaper\/index.php?rest_route=%2Fwp%2Fv2%2Fmedia&parent=130105"}],"wp:term":[{"taxonomy":"category","embeddable":true,"href":"https:\/\/www.villaeducativa.edu.mx\/newspaper\/index.php?rest_route=%2Fwp%2Fv2%2Fcategories&post=130105"},{"taxonomy":"post_tag","embeddable":true,"href":"https:\/\/www.villaeducativa.edu.mx\/newspaper\/index.php?rest_route=%2Fwp%2Fv2%2Ftags&post=130105"}],"curies":[{"name":"wp","href":"https:\/\/api.w.org\/{rel}","templated":true}]}}