{"id":129718,"date":"2025-04-29T08:20:00","date_gmt":"2025-04-29T13:20:00","guid":{"rendered":"https:\/\/www.villaeducativa.edu.mx\/newspaper\/?p=129718"},"modified":"2025-04-29T15:14:00","modified_gmt":"2025-04-29T20:14:00","slug":"4o-un-viaje-a-traves-del-tiempo","status":"publish","type":"post","link":"https:\/\/www.villaeducativa.edu.mx\/newspaper\/?p=129718","title":{"rendered":"4o: Un viaje a trav\u00e9s del tiempo"},"content":{"rendered":"\n<p>En un emotivo proyecto escolar titulado \u201cUn viaje a trav\u00e9s del tiempo\u201d, los alumnos de cuarto se embarcaron en una aventura \u00fanica al entrevistar a adultos mayores de sus propias familias para descubrir c\u00f3mo era la vida en su juventud.<\/p>\n\n\n\n<p>La iniciativa busc\u00f3 conectar a los alumnos con sus ra\u00edces y ofrecerles una perspectiva invaluable sobre el pasado. A trav\u00e9s de conversaciones \u00edntimas, los estudiantes recopilaron relatos sobre juegos, tradiciones, desaf\u00edos y sue\u00f1os de \u00e9pocas pasadas.<\/p>\n\n\n\n<p>El proyecto <strong>\u201cUn viaje a trav\u00e9s del tiempo\u201d<\/strong> demostr\u00f3 que, a veces, las mejores lecciones no est\u00e1n en los libros, sino en las historias que esperan ser contadas por quienes ya han recorrido un largo camino.<\/p>\n\n\n\n<p>\u201cEs fundamental que los alumnos comprendan que el presente se construye sobre el pasado\u201d.<\/p>\n\n\n\n\n\n<div class=\"ngg-galleryoverview ngg-slideshow\"\n\t id=\"ngg-slideshow-bf11a2eb897a8bdc3c73b044279a661a-1553330020\"\n     data-gallery-id=\"bf11a2eb897a8bdc3c73b044279a661a\"\n     style=\"max-width: 600px; max-height: 600px;\">\n\n \t<div id=\"ngg-image-0\" class=\"ngg-gallery-slideshow-image\" style=\"height:600px\">\n\n        <a href=\"https:\/\/www.villaeducativa.edu.mx\/newspaper\/wp-content\/gallery\/34-entrevista4\/Entrevista-a-un-adulto-mayor-07-04-2025.-8-abr-2025-a-las-20_58.jpg\"\n           title=\"\"\n           data-src=\"https:\/\/www.villaeducativa.edu.mx\/newspaper\/wp-content\/gallery\/34-entrevista4\/Entrevista-a-un-adulto-mayor-07-04-2025.-8-abr-2025-a-las-20_58.jpg\"\n           data-thumbnail=\"https:\/\/www.villaeducativa.edu.mx\/newspaper\/wp-content\/gallery\/34-entrevista4\/thumbs\/thumbs_Entrevista-a-un-adulto-mayor-07-04-2025.-8-abr-2025-a-las-20_58.jpg\"\n           data-image-id=\"62312\"\n           data-title=\"Entrevista-a-un-adulto-mayor-07-04-2025.-8-abr-2025-a-las-20_58\"\n           data-description=\"\"\n           class=\"ngg-fancybox\" rel=\"bf11a2eb897a8bdc3c73b044279a661a\">\n\n            <img data-image-id='62312'\n                 title=\"\"\n                 alt=\"Entrevista-a-un-adulto-mayor-07-04-2025.-8-abr-2025-a-las-20_58\"\n                 src=\"https:\/\/www.villaeducativa.edu.mx\/newspaper\/wp-content\/gallery\/34-entrevista4\/Entrevista-a-un-adulto-mayor-07-04-2025.-8-abr-2025-a-las-20_58.jpg\"\n                 style=\"max-height: 580px;\"\/>\n        <\/a>\n\n        <\/div> \n<div id=\"ngg-image-1\" class=\"ngg-gallery-slideshow-image\" style=\"height:600px\">\n\n        <a href=\"https:\/\/www.villaeducativa.edu.mx\/newspaper\/wp-content\/gallery\/34-entrevista4\/IMG-20250408-WA0125.jpg\"\n           title=\"\"\n           data-src=\"https:\/\/www.villaeducativa.edu.mx\/newspaper\/wp-content\/gallery\/34-entrevista4\/IMG-20250408-WA0125.jpg\"\n           data-thumbnail=\"https:\/\/www.villaeducativa.edu.mx\/newspaper\/wp-content\/gallery\/34-entrevista4\/thumbs\/thumbs_IMG-20250408-WA0125.jpg\"\n           data-image-id=\"62323\"\n           data-title=\"IMG-20250408-WA0125\"\n           data-description=\"\"\n           class=\"ngg-fancybox\" rel=\"bf11a2eb897a8bdc3c73b044279a661a\">\n\n            <img data-image-id='62323'\n                 title=\"\"\n                 alt=\"IMG-20250408-WA0125\"\n                 src=\"https:\/\/www.villaeducativa.edu.mx\/newspaper\/wp-content\/gallery\/34-entrevista4\/IMG-20250408-WA0125.jpg\"\n                 style=\"max-height: 580px;\"\/>\n        <\/a>\n\n        <\/div> \n<div id=\"ngg-image-2\" class=\"ngg-gallery-slideshow-image\" style=\"height:600px\">\n\n        <a href=\"https:\/\/www.villaeducativa.edu.mx\/newspaper\/wp-content\/gallery\/34-entrevista4\/IMG20240509103059.jpg\"\n           title=\"\"\n           data-src=\"https:\/\/www.villaeducativa.edu.mx\/newspaper\/wp-content\/gallery\/34-entrevista4\/IMG20240509103059.jpg\"\n           data-thumbnail=\"https:\/\/www.villaeducativa.edu.mx\/newspaper\/wp-content\/gallery\/34-entrevista4\/thumbs\/thumbs_IMG20240509103059.jpg\"\n           data-image-id=\"62322\"\n           data-title=\"IMG20240509103059\"\n           data-description=\"\"\n           class=\"ngg-fancybox\" rel=\"bf11a2eb897a8bdc3c73b044279a661a\">\n\n            <img data-image-id='62322'\n                 title=\"\"\n                 alt=\"IMG20240509103059\"\n                 src=\"https:\/\/www.villaeducativa.edu.mx\/newspaper\/wp-content\/gallery\/34-entrevista4\/IMG20240509103059.jpg\"\n                 style=\"max-height: 580px;\"\/>\n        <\/a>\n\n        <\/div> \n<div id=\"ngg-image-3\" class=\"ngg-gallery-slideshow-image\" style=\"height:600px\">\n\n        <a href=\"https:\/\/www.villaeducativa.edu.mx\/newspaper\/wp-content\/gallery\/34-entrevista4\/Screenshot-2025-04-07-20.21.45.jpg\"\n           title=\"\"\n           data-src=\"https:\/\/www.villaeducativa.edu.mx\/newspaper\/wp-content\/gallery\/34-entrevista4\/Screenshot-2025-04-07-20.21.45.jpg\"\n           data-thumbnail=\"https:\/\/www.villaeducativa.edu.mx\/newspaper\/wp-content\/gallery\/34-entrevista4\/thumbs\/thumbs_Screenshot-2025-04-07-20.21.45.jpg\"\n           data-image-id=\"62321\"\n           data-title=\"Screenshot-2025-04-07-20.21.45\"\n           data-description=\"\"\n           class=\"ngg-fancybox\" rel=\"bf11a2eb897a8bdc3c73b044279a661a\">\n\n            <img data-image-id='62321'\n                 title=\"\"\n                 alt=\"Screenshot-2025-04-07-20.21.45\"\n                 src=\"https:\/\/www.villaeducativa.edu.mx\/newspaper\/wp-content\/gallery\/34-entrevista4\/Screenshot-2025-04-07-20.21.45.jpg\"\n                 style=\"max-height: 580px;\"\/>\n        <\/a>\n\n        <\/div> \n<div id=\"ngg-image-4\" class=\"ngg-gallery-slideshow-image\" style=\"height:600px\">\n\n        <a href=\"https:\/\/www.villaeducativa.edu.mx\/newspaper\/wp-content\/gallery\/34-entrevista4\/IMG_20250408_071138108_HDR.jpg\"\n           title=\"\"\n           data-src=\"https:\/\/www.villaeducativa.edu.mx\/newspaper\/wp-content\/gallery\/34-entrevista4\/IMG_20250408_071138108_HDR.jpg\"\n           data-thumbnail=\"https:\/\/www.villaeducativa.edu.mx\/newspaper\/wp-content\/gallery\/34-entrevista4\/thumbs\/thumbs_IMG_20250408_071138108_HDR.jpg\"\n           data-image-id=\"62320\"\n           data-title=\"IMG_20250408_071138108_HDR\"\n           data-description=\"\"\n           class=\"ngg-fancybox\" rel=\"bf11a2eb897a8bdc3c73b044279a661a\">\n\n            <img data-image-id='62320'\n                 title=\"\"\n                 alt=\"IMG_20250408_071138108_HDR\"\n                 src=\"https:\/\/www.villaeducativa.edu.mx\/newspaper\/wp-content\/gallery\/34-entrevista4\/IMG_20250408_071138108_HDR.jpg\"\n                 style=\"max-height: 580px;\"\/>\n        <\/a>\n\n        <\/div> \n<div id=\"ngg-image-5\" class=\"ngg-gallery-slideshow-image\" style=\"height:600px\">\n\n        <a href=\"https:\/\/www.villaeducativa.edu.mx\/newspaper\/wp-content\/gallery\/34-entrevista4\/IMG_20250408_204051.jpg\"\n           title=\"\"\n           data-src=\"https:\/\/www.villaeducativa.edu.mx\/newspaper\/wp-content\/gallery\/34-entrevista4\/IMG_20250408_204051.jpg\"\n           data-thumbnail=\"https:\/\/www.villaeducativa.edu.mx\/newspaper\/wp-content\/gallery\/34-entrevista4\/thumbs\/thumbs_IMG_20250408_204051.jpg\"\n           data-image-id=\"62319\"\n           data-title=\"IMG_20250408_204051\"\n           data-description=\"\"\n           class=\"ngg-fancybox\" rel=\"bf11a2eb897a8bdc3c73b044279a661a\">\n\n            <img data-image-id='62319'\n                 title=\"\"\n                 alt=\"IMG_20250408_204051\"\n                 src=\"https:\/\/www.villaeducativa.edu.mx\/newspaper\/wp-content\/gallery\/34-entrevista4\/IMG_20250408_204051.jpg\"\n                 style=\"max-height: 580px;\"\/>\n        <\/a>\n\n        <\/div> \n<div id=\"ngg-image-6\" class=\"ngg-gallery-slideshow-image\" style=\"height:600px\">\n\n        <a href=\"https:\/\/www.villaeducativa.edu.mx\/newspaper\/wp-content\/gallery\/34-entrevista4\/IMG_20250408_202738.jpg\"\n           title=\"\"\n           data-src=\"https:\/\/www.villaeducativa.edu.mx\/newspaper\/wp-content\/gallery\/34-entrevista4\/IMG_20250408_202738.jpg\"\n           data-thumbnail=\"https:\/\/www.villaeducativa.edu.mx\/newspaper\/wp-content\/gallery\/34-entrevista4\/thumbs\/thumbs_IMG_20250408_202738.jpg\"\n           data-image-id=\"62318\"\n           data-title=\"IMG_20250408_202738\"\n           data-description=\"\"\n           class=\"ngg-fancybox\" rel=\"bf11a2eb897a8bdc3c73b044279a661a\">\n\n            <img data-image-id='62318'\n                 title=\"\"\n                 alt=\"IMG_20250408_202738\"\n                 src=\"https:\/\/www.villaeducativa.edu.mx\/newspaper\/wp-content\/gallery\/34-entrevista4\/IMG_20250408_202738.jpg\"\n                 style=\"max-height: 580px;\"\/>\n        <\/a>\n\n        <\/div> \n<div id=\"ngg-image-7\" class=\"ngg-gallery-slideshow-image\" style=\"height:600px\">\n\n        <a href=\"https:\/\/www.villaeducativa.edu.mx\/newspaper\/wp-content\/gallery\/34-entrevista4\/IMG_20250408_182158.jpg\"\n           title=\"\"\n           data-src=\"https:\/\/www.villaeducativa.edu.mx\/newspaper\/wp-content\/gallery\/34-entrevista4\/IMG_20250408_182158.jpg\"\n           data-thumbnail=\"https:\/\/www.villaeducativa.edu.mx\/newspaper\/wp-content\/gallery\/34-entrevista4\/thumbs\/thumbs_IMG_20250408_182158.jpg\"\n           data-image-id=\"62317\"\n           data-title=\"IMG_20250408_182158\"\n           data-description=\"\"\n           class=\"ngg-fancybox\" rel=\"bf11a2eb897a8bdc3c73b044279a661a\">\n\n            <img data-image-id='62317'\n                 title=\"\"\n                 alt=\"IMG_20250408_182158\"\n                 src=\"https:\/\/www.villaeducativa.edu.mx\/newspaper\/wp-content\/gallery\/34-entrevista4\/IMG_20250408_182158.jpg\"\n                 style=\"max-height: 580px;\"\/>\n        <\/a>\n\n        <\/div> \n<div id=\"ngg-image-8\" class=\"ngg-gallery-slideshow-image\" style=\"height:600px\">\n\n        <a href=\"https:\/\/www.villaeducativa.edu.mx\/newspaper\/wp-content\/gallery\/34-entrevista4\/FOTO-ENTREVISTA-ADULTO-MAYOR.jpg\"\n           title=\"\"\n           data-src=\"https:\/\/www.villaeducativa.edu.mx\/newspaper\/wp-content\/gallery\/34-entrevista4\/FOTO-ENTREVISTA-ADULTO-MAYOR.jpg\"\n           data-thumbnail=\"https:\/\/www.villaeducativa.edu.mx\/newspaper\/wp-content\/gallery\/34-entrevista4\/thumbs\/thumbs_FOTO-ENTREVISTA-ADULTO-MAYOR.jpg\"\n           data-image-id=\"62316\"\n           data-title=\"FOTO-ENTREVISTA-ADULTO-MAYOR\"\n           data-description=\"\"\n           class=\"ngg-fancybox\" rel=\"bf11a2eb897a8bdc3c73b044279a661a\">\n\n            <img data-image-id='62316'\n                 title=\"\"\n                 alt=\"FOTO-ENTREVISTA-ADULTO-MAYOR\"\n                 src=\"https:\/\/www.villaeducativa.edu.mx\/newspaper\/wp-content\/gallery\/34-entrevista4\/FOTO-ENTREVISTA-ADULTO-MAYOR.jpg\"\n                 style=\"max-height: 580px;\"\/>\n        <\/a>\n\n        <\/div> \n<div id=\"ngg-image-9\" class=\"ngg-gallery-slideshow-image\" style=\"height:600px\">\n\n        <a href=\"https:\/\/www.villaeducativa.edu.mx\/newspaper\/wp-content\/gallery\/34-entrevista4\/IMG_0812.jpg\"\n           title=\"\"\n           data-src=\"https:\/\/www.villaeducativa.edu.mx\/newspaper\/wp-content\/gallery\/34-entrevista4\/IMG_0812.jpg\"\n           data-thumbnail=\"https:\/\/www.villaeducativa.edu.mx\/newspaper\/wp-content\/gallery\/34-entrevista4\/thumbs\/thumbs_IMG_0812.jpg\"\n           data-image-id=\"62315\"\n           data-title=\"IMG_0812\"\n           data-description=\"\"\n           class=\"ngg-fancybox\" rel=\"bf11a2eb897a8bdc3c73b044279a661a\">\n\n            <img data-image-id='62315'\n                 title=\"\"\n                 alt=\"IMG_0812\"\n                 src=\"https:\/\/www.villaeducativa.edu.mx\/newspaper\/wp-content\/gallery\/34-entrevista4\/IMG_0812.jpg\"\n                 style=\"max-height: 580px;\"\/>\n        <\/a>\n\n        <\/div> \n<div id=\"ngg-image-10\" class=\"ngg-gallery-slideshow-image\" style=\"height:600px\">\n\n        <a href=\"https:\/\/www.villaeducativa.edu.mx\/newspaper\/wp-content\/gallery\/34-entrevista4\/Entrevista-a-un-adulto-mayor-07-04-2025.-8-abr-2025-a-las-23_44.jpg\"\n           title=\"\"\n           data-src=\"https:\/\/www.villaeducativa.edu.mx\/newspaper\/wp-content\/gallery\/34-entrevista4\/Entrevista-a-un-adulto-mayor-07-04-2025.-8-abr-2025-a-las-23_44.jpg\"\n           data-thumbnail=\"https:\/\/www.villaeducativa.edu.mx\/newspaper\/wp-content\/gallery\/34-entrevista4\/thumbs\/thumbs_Entrevista-a-un-adulto-mayor-07-04-2025.-8-abr-2025-a-las-23_44.jpg\"\n           data-image-id=\"62314\"\n           data-title=\"Entrevista-a-un-adulto-mayor-07-04-2025.-8-abr-2025-a-las-23_44\"\n           data-description=\"\"\n           class=\"ngg-fancybox\" rel=\"bf11a2eb897a8bdc3c73b044279a661a\">\n\n            <img data-image-id='62314'\n                 title=\"\"\n                 alt=\"Entrevista-a-un-adulto-mayor-07-04-2025.-8-abr-2025-a-las-23_44\"\n                 src=\"https:\/\/www.villaeducativa.edu.mx\/newspaper\/wp-content\/gallery\/34-entrevista4\/Entrevista-a-un-adulto-mayor-07-04-2025.-8-abr-2025-a-las-23_44.jpg\"\n                 style=\"max-height: 580px;\"\/>\n        <\/a>\n\n        <\/div> \n<div id=\"ngg-image-11\" class=\"ngg-gallery-slideshow-image\" style=\"height:600px\">\n\n        <a href=\"https:\/\/www.villaeducativa.edu.mx\/newspaper\/wp-content\/gallery\/34-entrevista4\/Entrevista-a-un-adulto-mayor-07-04-2025.-8-abr-2025-a-las-19_44.jpg\"\n           title=\"\"\n           data-src=\"https:\/\/www.villaeducativa.edu.mx\/newspaper\/wp-content\/gallery\/34-entrevista4\/Entrevista-a-un-adulto-mayor-07-04-2025.-8-abr-2025-a-las-19_44.jpg\"\n           data-thumbnail=\"https:\/\/www.villaeducativa.edu.mx\/newspaper\/wp-content\/gallery\/34-entrevista4\/thumbs\/thumbs_Entrevista-a-un-adulto-mayor-07-04-2025.-8-abr-2025-a-las-19_44.jpg\"\n           data-image-id=\"62313\"\n           data-title=\"Entrevista-a-un-adulto-mayor-07-04-2025.-8-abr-2025-a-las-19_44\"\n           data-description=\"\"\n           class=\"ngg-fancybox\" rel=\"bf11a2eb897a8bdc3c73b044279a661a\">\n\n            <img data-image-id='62313'\n                 title=\"\"\n                 alt=\"Entrevista-a-un-adulto-mayor-07-04-2025.-8-abr-2025-a-las-19_44\"\n                 src=\"https:\/\/www.villaeducativa.edu.mx\/newspaper\/wp-content\/gallery\/34-entrevista4\/Entrevista-a-un-adulto-mayor-07-04-2025.-8-abr-2025-a-las-19_44.jpg\"\n                 style=\"max-height: 580px;\"\/>\n        <\/a>\n\n        <\/div> \n<div id=\"ngg-image-12\" class=\"ngg-gallery-slideshow-image\" style=\"height:600px\">\n\n        <a href=\"https:\/\/www.villaeducativa.edu.mx\/newspaper\/wp-content\/gallery\/34-entrevista4\/Screenshot_20250407_224634_Gallery.jpg\"\n           title=\"\"\n           data-src=\"https:\/\/www.villaeducativa.edu.mx\/newspaper\/wp-content\/gallery\/34-entrevista4\/Screenshot_20250407_224634_Gallery.jpg\"\n           data-thumbnail=\"https:\/\/www.villaeducativa.edu.mx\/newspaper\/wp-content\/gallery\/34-entrevista4\/thumbs\/thumbs_Screenshot_20250407_224634_Gallery.jpg\"\n           data-image-id=\"62301\"\n           data-title=\"Screenshot_20250407_224634_Gallery\"\n           data-description=\"\"\n           class=\"ngg-fancybox\" rel=\"bf11a2eb897a8bdc3c73b044279a661a\">\n\n            <img data-image-id='62301'\n                 title=\"\"\n                 alt=\"Screenshot_20250407_224634_Gallery\"\n                 src=\"https:\/\/www.villaeducativa.edu.mx\/newspaper\/wp-content\/gallery\/34-entrevista4\/Screenshot_20250407_224634_Gallery.jpg\"\n                 style=\"max-height: 580px;\"\/>\n        <\/a>\n\n        <\/div> \n<div id=\"ngg-image-13\" class=\"ngg-gallery-slideshow-image\" style=\"height:600px\">\n\n        <a href=\"https:\/\/www.villaeducativa.edu.mx\/newspaper\/wp-content\/gallery\/34-entrevista4\/Entrevista-a-un-adulto-mayor-07-04-2025.-8-abr-2025-a-las-19_38.jpg\"\n           title=\"\"\n           data-src=\"https:\/\/www.villaeducativa.edu.mx\/newspaper\/wp-content\/gallery\/34-entrevista4\/Entrevista-a-un-adulto-mayor-07-04-2025.-8-abr-2025-a-las-19_38.jpg\"\n           data-thumbnail=\"https:\/\/www.villaeducativa.edu.mx\/newspaper\/wp-content\/gallery\/34-entrevista4\/thumbs\/thumbs_Entrevista-a-un-adulto-mayor-07-04-2025.-8-abr-2025-a-las-19_38.jpg\"\n           data-image-id=\"62311\"\n           data-title=\"Entrevista-a-un-adulto-mayor-07-04-2025.-8-abr-2025-a-las-19_38\"\n           data-description=\"\"\n           class=\"ngg-fancybox\" rel=\"bf11a2eb897a8bdc3c73b044279a661a\">\n\n            <img data-image-id='62311'\n                 title=\"\"\n                 alt=\"Entrevista-a-un-adulto-mayor-07-04-2025.-8-abr-2025-a-las-19_38\"\n                 src=\"https:\/\/www.villaeducativa.edu.mx\/newspaper\/wp-content\/gallery\/34-entrevista4\/Entrevista-a-un-adulto-mayor-07-04-2025.-8-abr-2025-a-las-19_38.jpg\"\n                 style=\"max-height: 580px;\"\/>\n        <\/a>\n\n        <\/div> \n<div id=\"ngg-image-14\" class=\"ngg-gallery-slideshow-image\" style=\"height:600px\">\n\n        <a href=\"https:\/\/www.villaeducativa.edu.mx\/newspaper\/wp-content\/gallery\/34-entrevista4\/Entrevista-a-un-adulto-mayor-07-04-2025.-7-abr-2025-a-las-20_49.jpg\"\n           title=\"\"\n           data-src=\"https:\/\/www.villaeducativa.edu.mx\/newspaper\/wp-content\/gallery\/34-entrevista4\/Entrevista-a-un-adulto-mayor-07-04-2025.-7-abr-2025-a-las-20_49.jpg\"\n           data-thumbnail=\"https:\/\/www.villaeducativa.edu.mx\/newspaper\/wp-content\/gallery\/34-entrevista4\/thumbs\/thumbs_Entrevista-a-un-adulto-mayor-07-04-2025.-7-abr-2025-a-las-20_49.jpg\"\n           data-image-id=\"62310\"\n           data-title=\"Entrevista-a-un-adulto-mayor-07-04-2025.-7-abr-2025-a-las-20_49\"\n           data-description=\"\"\n           class=\"ngg-fancybox\" rel=\"bf11a2eb897a8bdc3c73b044279a661a\">\n\n            <img data-image-id='62310'\n                 title=\"\"\n                 alt=\"Entrevista-a-un-adulto-mayor-07-04-2025.-7-abr-2025-a-las-20_49\"\n                 src=\"https:\/\/www.villaeducativa.edu.mx\/newspaper\/wp-content\/gallery\/34-entrevista4\/Entrevista-a-un-adulto-mayor-07-04-2025.-7-abr-2025-a-las-20_49.jpg\"\n                 style=\"max-height: 580px;\"\/>\n        <\/a>\n\n        <\/div> \n<div id=\"ngg-image-15\" class=\"ngg-gallery-slideshow-image\" style=\"height:600px\">\n\n        <a href=\"https:\/\/www.villaeducativa.edu.mx\/newspaper\/wp-content\/gallery\/34-entrevista4\/Entrevista-a-un-adulto-mayor-07-04-2025.-7-abr-2025-a-las-16_53.jpg\"\n           title=\"\"\n           data-src=\"https:\/\/www.villaeducativa.edu.mx\/newspaper\/wp-content\/gallery\/34-entrevista4\/Entrevista-a-un-adulto-mayor-07-04-2025.-7-abr-2025-a-las-16_53.jpg\"\n           data-thumbnail=\"https:\/\/www.villaeducativa.edu.mx\/newspaper\/wp-content\/gallery\/34-entrevista4\/thumbs\/thumbs_Entrevista-a-un-adulto-mayor-07-04-2025.-7-abr-2025-a-las-16_53.jpg\"\n           data-image-id=\"62309\"\n           data-title=\"Entrevista-a-un-adulto-mayor-07-04-2025.-7-abr-2025-a-las-16_53\"\n           data-description=\"\"\n           class=\"ngg-fancybox\" rel=\"bf11a2eb897a8bdc3c73b044279a661a\">\n\n            <img data-image-id='62309'\n                 title=\"\"\n                 alt=\"Entrevista-a-un-adulto-mayor-07-04-2025.-7-abr-2025-a-las-16_53\"\n                 src=\"https:\/\/www.villaeducativa.edu.mx\/newspaper\/wp-content\/gallery\/34-entrevista4\/Entrevista-a-un-adulto-mayor-07-04-2025.-7-abr-2025-a-las-16_53.jpg\"\n                 style=\"max-height: 580px;\"\/>\n        <\/a>\n\n        <\/div> \n<div id=\"ngg-image-16\" class=\"ngg-gallery-slideshow-image\" style=\"height:600px\">\n\n        <a href=\"https:\/\/www.villaeducativa.edu.mx\/newspaper\/wp-content\/gallery\/34-entrevista4\/Entrevista-a-un-adulto-mayor-07-04-2025.-7-abr-2025-a-las-18_20.jpg\"\n           title=\"\"\n           data-src=\"https:\/\/www.villaeducativa.edu.mx\/newspaper\/wp-content\/gallery\/34-entrevista4\/Entrevista-a-un-adulto-mayor-07-04-2025.-7-abr-2025-a-las-18_20.jpg\"\n           data-thumbnail=\"https:\/\/www.villaeducativa.edu.mx\/newspaper\/wp-content\/gallery\/34-entrevista4\/thumbs\/thumbs_Entrevista-a-un-adulto-mayor-07-04-2025.-7-abr-2025-a-las-18_20.jpg\"\n           data-image-id=\"62308\"\n           data-title=\"Entrevista-a-un-adulto-mayor-07-04-2025.-7-abr-2025-a-las-18_20\"\n           data-description=\"\"\n           class=\"ngg-fancybox\" rel=\"bf11a2eb897a8bdc3c73b044279a661a\">\n\n            <img data-image-id='62308'\n                 title=\"\"\n                 alt=\"Entrevista-a-un-adulto-mayor-07-04-2025.-7-abr-2025-a-las-18_20\"\n                 src=\"https:\/\/www.villaeducativa.edu.mx\/newspaper\/wp-content\/gallery\/34-entrevista4\/Entrevista-a-un-adulto-mayor-07-04-2025.-7-abr-2025-a-las-18_20.jpg\"\n                 style=\"max-height: 580px;\"\/>\n        <\/a>\n\n        <\/div> \n<div id=\"ngg-image-17\" class=\"ngg-gallery-slideshow-image\" style=\"height:600px\">\n\n        <a href=\"https:\/\/www.villaeducativa.edu.mx\/newspaper\/wp-content\/gallery\/34-entrevista4\/Entrevista-a-un-adulto-mayor-07-04-2025.-7-abr-2025-a-las-16_29.jpg\"\n           title=\"\"\n           data-src=\"https:\/\/www.villaeducativa.edu.mx\/newspaper\/wp-content\/gallery\/34-entrevista4\/Entrevista-a-un-adulto-mayor-07-04-2025.-7-abr-2025-a-las-16_29.jpg\"\n           data-thumbnail=\"https:\/\/www.villaeducativa.edu.mx\/newspaper\/wp-content\/gallery\/34-entrevista4\/thumbs\/thumbs_Entrevista-a-un-adulto-mayor-07-04-2025.-7-abr-2025-a-las-16_29.jpg\"\n           data-image-id=\"62307\"\n           data-title=\"Entrevista-a-un-adulto-mayor-07-04-2025.-7-abr-2025-a-las-16_29\"\n           data-description=\"\"\n           class=\"ngg-fancybox\" rel=\"bf11a2eb897a8bdc3c73b044279a661a\">\n\n            <img data-image-id='62307'\n                 title=\"\"\n                 alt=\"Entrevista-a-un-adulto-mayor-07-04-2025.-7-abr-2025-a-las-16_29\"\n                 src=\"https:\/\/www.villaeducativa.edu.mx\/newspaper\/wp-content\/gallery\/34-entrevista4\/Entrevista-a-un-adulto-mayor-07-04-2025.-7-abr-2025-a-las-16_29.jpg\"\n                 style=\"max-height: 580px;\"\/>\n        <\/a>\n\n        <\/div> \n<div id=\"ngg-image-18\" class=\"ngg-gallery-slideshow-image\" style=\"height:600px\">\n\n        <a href=\"https:\/\/www.villaeducativa.edu.mx\/newspaper\/wp-content\/gallery\/34-entrevista4\/Captura-de-pantalla-2025-04-08-a-las-101311%E2%80%AFpm.jpg\"\n           title=\"\"\n           data-src=\"https:\/\/www.villaeducativa.edu.mx\/newspaper\/wp-content\/gallery\/34-entrevista4\/Captura-de-pantalla-2025-04-08-a-las-101311%E2%80%AFpm.jpg\"\n           data-thumbnail=\"https:\/\/www.villaeducativa.edu.mx\/newspaper\/wp-content\/gallery\/34-entrevista4\/thumbs\/thumbs_Captura-de-pantalla-2025-04-08-a-las-101311%E2%80%AFpm.jpg\"\n           data-image-id=\"62306\"\n           data-title=\"Captura-de-pantalla-2025-04-08-a-las-101311\u202fpm\"\n           data-description=\"\"\n           class=\"ngg-fancybox\" rel=\"bf11a2eb897a8bdc3c73b044279a661a\">\n\n            <img data-image-id='62306'\n                 title=\"\"\n                 alt=\"Captura-de-pantalla-2025-04-08-a-las-101311\u202fpm\"\n                 src=\"https:\/\/www.villaeducativa.edu.mx\/newspaper\/wp-content\/gallery\/34-entrevista4\/Captura-de-pantalla-2025-04-08-a-las-101311%E2%80%AFpm.jpg\"\n                 style=\"max-height: 580px;\"\/>\n        <\/a>\n\n        <\/div> \n<div id=\"ngg-image-19\" class=\"ngg-gallery-slideshow-image\" style=\"height:600px\">\n\n        <a href=\"https:\/\/www.villaeducativa.edu.mx\/newspaper\/wp-content\/gallery\/34-entrevista4\/20250405_165527.jpg\"\n           title=\"\"\n           data-src=\"https:\/\/www.villaeducativa.edu.mx\/newspaper\/wp-content\/gallery\/34-entrevista4\/20250405_165527.jpg\"\n           data-thumbnail=\"https:\/\/www.villaeducativa.edu.mx\/newspaper\/wp-content\/gallery\/34-entrevista4\/thumbs\/thumbs_20250405_165527.jpg\"\n           data-image-id=\"62305\"\n           data-title=\"20250405_165527\"\n           data-description=\"\"\n           class=\"ngg-fancybox\" rel=\"bf11a2eb897a8bdc3c73b044279a661a\">\n\n            <img data-image-id='62305'\n                 title=\"\"\n                 alt=\"20250405_165527\"\n                 src=\"https:\/\/www.villaeducativa.edu.mx\/newspaper\/wp-content\/gallery\/34-entrevista4\/20250405_165527.jpg\"\n                 style=\"max-height: 580px;\"\/>\n        <\/a>\n\n        <\/div> \n<div id=\"ngg-image-20\" class=\"ngg-gallery-slideshow-image\" style=\"height:600px\">\n\n        <a href=\"https:\/\/www.villaeducativa.edu.mx\/newspaper\/wp-content\/gallery\/34-entrevista4\/287033c7-33ca-4cb8-a061-25f4fac41b6c.jpg\"\n           title=\"\"\n           data-src=\"https:\/\/www.villaeducativa.edu.mx\/newspaper\/wp-content\/gallery\/34-entrevista4\/287033c7-33ca-4cb8-a061-25f4fac41b6c.jpg\"\n           data-thumbnail=\"https:\/\/www.villaeducativa.edu.mx\/newspaper\/wp-content\/gallery\/34-entrevista4\/thumbs\/thumbs_287033c7-33ca-4cb8-a061-25f4fac41b6c.jpg\"\n           data-image-id=\"62304\"\n           data-title=\"287033c7-33ca-4cb8-a061-25f4fac41b6c\"\n           data-description=\"\"\n           class=\"ngg-fancybox\" rel=\"bf11a2eb897a8bdc3c73b044279a661a\">\n\n            <img data-image-id='62304'\n                 title=\"\"\n                 alt=\"287033c7-33ca-4cb8-a061-25f4fac41b6c\"\n                 src=\"https:\/\/www.villaeducativa.edu.mx\/newspaper\/wp-content\/gallery\/34-entrevista4\/287033c7-33ca-4cb8-a061-25f4fac41b6c.jpg\"\n                 style=\"max-height: 580px;\"\/>\n        <\/a>\n\n        <\/div> \n<div id=\"ngg-image-21\" class=\"ngg-gallery-slideshow-image\" style=\"height:600px\">\n\n        <a href=\"https:\/\/www.villaeducativa.edu.mx\/newspaper\/wp-content\/gallery\/34-entrevista4\/4e0e7485-81c4-41e2-b2cf-7f57418e116e.jpg\"\n           title=\"\"\n           data-src=\"https:\/\/www.villaeducativa.edu.mx\/newspaper\/wp-content\/gallery\/34-entrevista4\/4e0e7485-81c4-41e2-b2cf-7f57418e116e.jpg\"\n           data-thumbnail=\"https:\/\/www.villaeducativa.edu.mx\/newspaper\/wp-content\/gallery\/34-entrevista4\/thumbs\/thumbs_4e0e7485-81c4-41e2-b2cf-7f57418e116e.jpg\"\n           data-image-id=\"62303\"\n           data-title=\"4e0e7485-81c4-41e2-b2cf-7f57418e116e\"\n           data-description=\"\"\n           class=\"ngg-fancybox\" rel=\"bf11a2eb897a8bdc3c73b044279a661a\">\n\n            <img data-image-id='62303'\n                 title=\"\"\n                 alt=\"4e0e7485-81c4-41e2-b2cf-7f57418e116e\"\n                 src=\"https:\/\/www.villaeducativa.edu.mx\/newspaper\/wp-content\/gallery\/34-entrevista4\/4e0e7485-81c4-41e2-b2cf-7f57418e116e.jpg\"\n                 style=\"max-height: 580px;\"\/>\n        <\/a>\n\n        <\/div> \n<div id=\"ngg-image-22\" class=\"ngg-gallery-slideshow-image\" style=\"height:600px\">\n\n        <a href=\"https:\/\/www.villaeducativa.edu.mx\/newspaper\/wp-content\/gallery\/34-entrevista4\/20250408_172254.jpg\"\n           title=\"\"\n           data-src=\"https:\/\/www.villaeducativa.edu.mx\/newspaper\/wp-content\/gallery\/34-entrevista4\/20250408_172254.jpg\"\n           data-thumbnail=\"https:\/\/www.villaeducativa.edu.mx\/newspaper\/wp-content\/gallery\/34-entrevista4\/thumbs\/thumbs_20250408_172254.jpg\"\n           data-image-id=\"62302\"\n           data-title=\"20250408_172254\"\n           data-description=\"\"\n           class=\"ngg-fancybox\" rel=\"bf11a2eb897a8bdc3c73b044279a661a\">\n\n            <img data-image-id='62302'\n                 title=\"\"\n                 alt=\"20250408_172254\"\n                 src=\"https:\/\/www.villaeducativa.edu.mx\/newspaper\/wp-content\/gallery\/34-entrevista4\/20250408_172254.jpg\"\n                 style=\"max-height: 580px;\"\/>\n        <\/a>\n\n        <\/div> \n<\/div>\n\n\n\n\n\n\n\n<p><strong><span class=\"has-inline-color has-vivid-cyan-blue-color\">Alma Morales<br><\/span><\/strong><span class=\"has-inline-color has-vivid-cyan-blue-color\"><em>Docente Espa\u00f1ol 4\u00b0 grado<\/em><\/span><\/p>\n","protected":false},"excerpt":{"rendered":"<p>En un emotivo proyecto escolar titulado \u201cUn viaje a trav\u00e9s del tiempo\u201d, los alumnos de cuarto se embarcaron en una aventura \u00fanica al entrevistar a adultos mayores de sus propias familias para descubrir c\u00f3mo era la vida en su juventud. La iniciativa busc\u00f3 conectar a los alumnos con sus ra\u00edces&hellip; <\/p>\n","protected":false},"author":2,"featured_media":129743,"comment_status":"closed","ping_status":"closed","sticky":false,"template":"","format":"standard","meta":{"ngg_post_thumbnail":0},"categories":[3],"tags":[],"_links":{"self":[{"href":"https:\/\/www.villaeducativa.edu.mx\/newspaper\/index.php?rest_route=\/wp\/v2\/posts\/129718"}],"collection":[{"href":"https:\/\/www.villaeducativa.edu.mx\/newspaper\/index.php?rest_route=\/wp\/v2\/posts"}],"about":[{"href":"https:\/\/www.villaeducativa.edu.mx\/newspaper\/index.php?rest_route=\/wp\/v2\/types\/post"}],"author":[{"embeddable":true,"href":"https:\/\/www.villaeducativa.edu.mx\/newspaper\/index.php?rest_route=\/wp\/v2\/users\/2"}],"replies":[{"embeddable":true,"href":"https:\/\/www.villaeducativa.edu.mx\/newspaper\/index.php?rest_route=%2Fwp%2Fv2%2Fcomments&post=129718"}],"version-history":[{"count":2,"href":"https:\/\/www.villaeducativa.edu.mx\/newspaper\/index.php?rest_route=\/wp\/v2\/posts\/129718\/revisions"}],"predecessor-version":[{"id":130487,"href":"https:\/\/www.villaeducativa.edu.mx\/newspaper\/index.php?rest_route=\/wp\/v2\/posts\/129718\/revisions\/130487"}],"wp:featuredmedia":[{"embeddable":true,"href":"https:\/\/www.villaeducativa.edu.mx\/newspaper\/index.php?rest_route=\/wp\/v2\/media\/129743"}],"wp:attachment":[{"href":"https:\/\/www.villaeducativa.edu.mx\/newspaper\/index.php?rest_route=%2Fwp%2Fv2%2Fmedia&parent=129718"}],"wp:term":[{"taxonomy":"category","embeddable":true,"href":"https:\/\/www.villaeducativa.edu.mx\/newspaper\/index.php?rest_route=%2Fwp%2Fv2%2Fcategories&post=129718"},{"taxonomy":"post_tag","embeddable":true,"href":"https:\/\/www.villaeducativa.edu.mx\/newspaper\/index.php?rest_route=%2Fwp%2Fv2%2Ftags&post=129718"}],"curies":[{"name":"wp","href":"https:\/\/api.w.org\/{rel}","templated":true}]}}