{"id":129709,"date":"2025-04-29T09:00:00","date_gmt":"2025-04-29T14:00:00","guid":{"rendered":"https:\/\/www.villaeducativa.edu.mx\/newspaper\/?p=129709"},"modified":"2025-04-29T14:47:47","modified_gmt":"2025-04-29T19:47:47","slug":"fechas-importante","status":"publish","type":"post","link":"https:\/\/www.villaeducativa.edu.mx\/newspaper\/?p=129709","title":{"rendered":"Fechas importantes"},"content":{"rendered":"\n<p><strong>Mayo<\/strong><\/p>\n\n\n\n<figure class=\"wp-block-table is-style-regular\"><table><tbody><tr><td><span class=\"has-inline-color has-luminous-vivid-orange-color\"><strong>1, 2<\/strong> <strong>y 5<\/strong><\/span><\/td><td><strong>\u2022 No hay clases por el D\u00eda del trabajo y conmemoraci\u00f3n de la Batalla de Puebla<\/strong><\/td><\/tr><tr><td><span class=\"has-inline-color has-luminous-vivid-orange-color\"><strong>14<\/strong><\/span><\/td><td><strong>\u2022<\/strong> <strong>Celebraci\u00f3n del D\u00eda del Maestro, no habr\u00e1 servicio de Club.<\/strong><\/td><\/tr><tr><td><strong><span class=\"has-inline-color has-luminous-vivid-orange-color\">15<\/span><\/strong><\/td><td><strong>\u2022<\/strong> <strong>No hay clases por el D\u00eda del Maestro<\/strong><\/td><\/tr><tr><td><strong><span class=\"has-inline-color has-luminous-vivid-orange-color\">22<\/span><\/strong><\/td><td><strong>\u2022<\/strong> <strong>Escuela para Padres virtual: Promover la autoestima en mi hijo como<br>medida para contrarrestar el bullying, 6:30 p.m.<\/strong><\/td><\/tr><tr><td><strong><span class=\"has-inline-color has-luminous-vivid-orange-color\">24<\/span><\/strong><\/td><td><strong>\u2022 Carrera Leer Contigo<\/strong><\/td><\/tr><tr><td><strong><span class=\"has-inline-color has-luminous-vivid-orange-color\">30<\/span><\/strong><\/td><td><strong>\u2022 No hay clases por Consejo T\u00e9cnico y capacitaci\u00f3n<br><strong>\u2022<\/strong><\/strong> <strong>Ex\u00e1menes de Cambridge Young Learners<\/strong><br><strong>\u2022 Clase abierta de Club de Baile y Club de M\u00fasica<\/strong><\/td><\/tr><tr><td><strong><span class=\"has-inline-color has-luminous-vivid-orange-color\">31<\/span><\/strong><\/td><td><strong>\u2022 Ex\u00e1menes de Cambridge&nbsp;Main&nbsp;Suite<\/strong><\/td><\/tr><\/tbody><\/table><\/figure>\n","protected":false},"excerpt":{"rendered":"<p>Mayo 1, 2 y 5 \u2022 No hay clases por el D\u00eda del trabajo y conmemoraci\u00f3n de la Batalla de Puebla 14 \u2022 Celebraci\u00f3n del D\u00eda del Maestro, no habr\u00e1 servicio de Club. 15 \u2022 No hay clases por el D\u00eda del Maestro 22 \u2022 Escuela para Padres virtual: Promover&hellip; <\/p>\n","protected":false},"author":2,"featured_media":129717,"comment_status":"closed","ping_status":"closed","sticky":false,"template":"","format":"standard","meta":{"ngg_post_thumbnail":0},"categories":[17],"tags":[],"_links":{"self":[{"href":"https:\/\/www.villaeducativa.edu.mx\/newspaper\/index.php?rest_route=\/wp\/v2\/posts\/129709"}],"collection":[{"href":"https:\/\/www.villaeducativa.edu.mx\/newspaper\/index.php?rest_route=\/wp\/v2\/posts"}],"about":[{"href":"https:\/\/www.villaeducativa.edu.mx\/newspaper\/index.php?rest_route=\/wp\/v2\/types\/post"}],"author":[{"embeddable":true,"href":"https:\/\/www.villaeducativa.edu.mx\/newspaper\/index.php?rest_route=\/wp\/v2\/users\/2"}],"replies":[{"embeddable":true,"href":"https:\/\/www.villaeducativa.edu.mx\/newspaper\/index.php?rest_route=%2Fwp%2Fv2%2Fcomments&post=129709"}],"version-history":[{"count":6,"href":"https:\/\/www.villaeducativa.edu.mx\/newspaper\/index.php?rest_route=\/wp\/v2\/posts\/129709\/revisions"}],"predecessor-version":[{"id":130476,"href":"https:\/\/www.villaeducativa.edu.mx\/newspaper\/index.php?rest_route=\/wp\/v2\/posts\/129709\/revisions\/130476"}],"wp:featuredmedia":[{"embeddable":true,"href":"https:\/\/www.villaeducativa.edu.mx\/newspaper\/index.php?rest_route=\/wp\/v2\/media\/129717"}],"wp:attachment":[{"href":"https:\/\/www.villaeducativa.edu.mx\/newspaper\/index.php?rest_route=%2Fwp%2Fv2%2Fmedia&parent=129709"}],"wp:term":[{"taxonomy":"category","embeddable":true,"href":"https:\/\/www.villaeducativa.edu.mx\/newspaper\/index.php?rest_route=%2Fwp%2Fv2%2Fcategories&post=129709"},{"taxonomy":"post_tag","embeddable":true,"href":"https:\/\/www.villaeducativa.edu.mx\/newspaper\/index.php?rest_route=%2Fwp%2Fv2%2Ftags&post=129709"}],"curies":[{"name":"wp","href":"https:\/\/api.w.org\/{rel}","templated":true}]}}