{"id":129692,"date":"2025-04-08T08:36:36","date_gmt":"2025-04-08T13:36:36","guid":{"rendered":"https:\/\/www.villaeducativa.edu.mx\/newspaper\/?p=129692"},"modified":"2025-04-08T14:04:16","modified_gmt":"2025-04-08T19:04:16","slug":"remodelacion-de-instalaciones","status":"publish","type":"post","link":"https:\/\/www.villaeducativa.edu.mx\/newspaper\/?p=129692","title":{"rendered":"Remodelaci\u00f3n de instalaciones"},"content":{"rendered":"\n<p>Estimadas Familias:<br><br>Los saludo y les informo que estamos iniciando una remodelaci\u00f3n general de las instalaciones de Villa Educativa.<\/p>\n\n\n\n<p>Debido al corto tiempo de las vacaciones de verano, estamos empezando antes, por lo que la biblioteca estar\u00e1 cerrada los 3 meses que restan del ciclo escolar; pero las clases de Book Club contin\u00faan en los salones, en donde miss Marisol llevar\u00e1 varios libros adecuados para cada grado para que los alumnos puedan continuar solicit\u00e1ndolos en pr\u00e9stamo.<\/p>\n\n\n\n<p>Entiendo y lamento las molestias que esto ocasiona; sin embargo ser\u00e1 para obtener grandes beneficios. La nueva biblioteca tendr\u00e1 muebles nuevos, m\u00e1s t\u00edtulos y ser\u00e1 un lugar muy agradable para que nuestros alumnos disfruten de la lectura y hagan de ella un h\u00e1bito.<\/p>\n\n\n\n<p>Por otro lado, les comento que los recreos de primaria alta se modificaron de tal forma que es un recreo para cada grado, lo que permite que todos est\u00e9n sentados en Time Out&nbsp; y posteriormente tendr\u00e1n tiempo para jugar con m\u00e1s espacio.<\/p>\n\n\n\n<p>En primaria baja continuamos con dos recreos, uno para comer lunch y jugar y otro para un snack.<\/p>\n\n\n\n<p><strong><span class=\"has-inline-color has-vivid-cyan-blue-color\">Lorena Esparza<br><\/span><\/strong><em><span class=\"has-inline-color has-vivid-cyan-blue-color\">Directora General<\/span><\/em><\/p>\n","protected":false},"excerpt":{"rendered":"<p>Estimadas Familias: Los saludo y les informo que estamos iniciando una remodelaci\u00f3n general de las instalaciones de Villa Educativa. Debido al corto tiempo de las vacaciones de verano, estamos empezando antes, por lo que la biblioteca estar\u00e1 cerrada los 3 meses que restan del ciclo escolar; pero las clases de&hellip; <\/p>\n","protected":false},"author":2,"featured_media":129694,"comment_status":"closed","ping_status":"closed","sticky":false,"template":"","format":"standard","meta":{"ngg_post_thumbnail":0},"categories":[3],"tags":[],"_links":{"self":[{"href":"https:\/\/www.villaeducativa.edu.mx\/newspaper\/index.php?rest_route=\/wp\/v2\/posts\/129692"}],"collection":[{"href":"https:\/\/www.villaeducativa.edu.mx\/newspaper\/index.php?rest_route=\/wp\/v2\/posts"}],"about":[{"href":"https:\/\/www.villaeducativa.edu.mx\/newspaper\/index.php?rest_route=\/wp\/v2\/types\/post"}],"author":[{"embeddable":true,"href":"https:\/\/www.villaeducativa.edu.mx\/newspaper\/index.php?rest_route=\/wp\/v2\/users\/2"}],"replies":[{"embeddable":true,"href":"https:\/\/www.villaeducativa.edu.mx\/newspaper\/index.php?rest_route=%2Fwp%2Fv2%2Fcomments&post=129692"}],"version-history":[{"count":2,"href":"https:\/\/www.villaeducativa.edu.mx\/newspaper\/index.php?rest_route=\/wp\/v2\/posts\/129692\/revisions"}],"predecessor-version":[{"id":129702,"href":"https:\/\/www.villaeducativa.edu.mx\/newspaper\/index.php?rest_route=\/wp\/v2\/posts\/129692\/revisions\/129702"}],"wp:featuredmedia":[{"embeddable":true,"href":"https:\/\/www.villaeducativa.edu.mx\/newspaper\/index.php?rest_route=\/wp\/v2\/media\/129694"}],"wp:attachment":[{"href":"https:\/\/www.villaeducativa.edu.mx\/newspaper\/index.php?rest_route=%2Fwp%2Fv2%2Fmedia&parent=129692"}],"wp:term":[{"taxonomy":"category","embeddable":true,"href":"https:\/\/www.villaeducativa.edu.mx\/newspaper\/index.php?rest_route=%2Fwp%2Fv2%2Fcategories&post=129692"},{"taxonomy":"post_tag","embeddable":true,"href":"https:\/\/www.villaeducativa.edu.mx\/newspaper\/index.php?rest_route=%2Fwp%2Fv2%2Ftags&post=129692"}],"curies":[{"name":"wp","href":"https:\/\/api.w.org\/{rel}","templated":true}]}}