{"id":129138,"date":"2025-04-08T07:05:00","date_gmt":"2025-04-08T12:05:00","guid":{"rendered":"https:\/\/www.villaeducativa.edu.mx\/newspaper\/?p=129138"},"modified":"2025-04-08T13:50:02","modified_gmt":"2025-04-08T18:50:02","slug":"chefcito-2","status":"publish","type":"post","link":"https:\/\/www.villaeducativa.edu.mx\/newspaper\/?p=129138","title":{"rendered":"Chefcito"},"content":{"rendered":"\n<p>Nuestra clase de chef fue muy divertida, los ni\u00f1os practicaron el concepto de largo\/corto con ayuda de las frutas, y jugaron a adivinar qu\u00e9 frutas ocupamos para hacer nuestra actividad: fresa, uvas y pl\u00e1tano. <\/p>\n\n\n\n<p>Describieron con detalle c\u00f3mo era el sabor de cada una con la intenci\u00f3n de trabajar el sentido del gusto y olfato.&nbsp;<\/p>\n\n\n\n\n\n<div class=\"ngg-galleryoverview ngg-slideshow\"\n\t id=\"ngg-slideshow-912bdc06df301a464acfc656044b2f5e-2693076840\"\n     data-gallery-id=\"912bdc06df301a464acfc656044b2f5e\"\n     style=\"max-width: 600px; max-height: 620px;\">\n\n \t<div id=\"ngg-image-0\" class=\"ngg-gallery-slideshow-image\" style=\"height:620px\">\n\n        <a href=\"https:\/\/www.villaeducativa.edu.mx\/newspaper\/wp-content\/gallery\/33-chefcitoabril\/WhatsApp-Image-2025-04-07-at-12.08.39-PM.jpg\"\n           title=\"\"\n           data-src=\"https:\/\/www.villaeducativa.edu.mx\/newspaper\/wp-content\/gallery\/33-chefcitoabril\/WhatsApp-Image-2025-04-07-at-12.08.39-PM.jpg\"\n           data-thumbnail=\"https:\/\/www.villaeducativa.edu.mx\/newspaper\/wp-content\/gallery\/33-chefcitoabril\/thumbs\/thumbs_WhatsApp-Image-2025-04-07-at-12.08.39-PM.jpg\"\n           data-image-id=\"62288\"\n           data-title=\"WhatsApp-Image-2025-04-07-at-12.08.39-PM\"\n           data-description=\"\"\n           class=\"ngg-fancybox\" rel=\"912bdc06df301a464acfc656044b2f5e\">\n\n            <img data-image-id='62288'\n                 title=\"\"\n                 alt=\"WhatsApp-Image-2025-04-07-at-12.08.39-PM\"\n                 src=\"https:\/\/www.villaeducativa.edu.mx\/newspaper\/wp-content\/gallery\/33-chefcitoabril\/WhatsApp-Image-2025-04-07-at-12.08.39-PM.jpg\"\n                 style=\"max-height: 600px;\"\/>\n        <\/a>\n\n        <\/div> \n<div id=\"ngg-image-1\" class=\"ngg-gallery-slideshow-image\" style=\"height:620px\">\n\n        <a href=\"https:\/\/www.villaeducativa.edu.mx\/newspaper\/wp-content\/gallery\/33-chefcitoabril\/WhatsApp-Image-2025-04-07-at-12.08.42-PM.jpg\"\n           title=\"\"\n           data-src=\"https:\/\/www.villaeducativa.edu.mx\/newspaper\/wp-content\/gallery\/33-chefcitoabril\/WhatsApp-Image-2025-04-07-at-12.08.42-PM.jpg\"\n           data-thumbnail=\"https:\/\/www.villaeducativa.edu.mx\/newspaper\/wp-content\/gallery\/33-chefcitoabril\/thumbs\/thumbs_WhatsApp-Image-2025-04-07-at-12.08.42-PM.jpg\"\n           data-image-id=\"62289\"\n           data-title=\"WhatsApp-Image-2025-04-07-at-12.08.42-PM\"\n           data-description=\"\"\n           class=\"ngg-fancybox\" rel=\"912bdc06df301a464acfc656044b2f5e\">\n\n            <img data-image-id='62289'\n                 title=\"\"\n                 alt=\"WhatsApp-Image-2025-04-07-at-12.08.42-PM\"\n                 src=\"https:\/\/www.villaeducativa.edu.mx\/newspaper\/wp-content\/gallery\/33-chefcitoabril\/WhatsApp-Image-2025-04-07-at-12.08.42-PM.jpg\"\n                 style=\"max-height: 600px;\"\/>\n        <\/a>\n\n        <\/div> \n<div id=\"ngg-image-2\" class=\"ngg-gallery-slideshow-image\" style=\"height:620px\">\n\n        <a href=\"https:\/\/www.villaeducativa.edu.mx\/newspaper\/wp-content\/gallery\/33-chefcitoabril\/WhatsApp-Image-2025-04-07-at-12.08.40-PM-1.jpg\"\n           title=\"\"\n           data-src=\"https:\/\/www.villaeducativa.edu.mx\/newspaper\/wp-content\/gallery\/33-chefcitoabril\/WhatsApp-Image-2025-04-07-at-12.08.40-PM-1.jpg\"\n           data-thumbnail=\"https:\/\/www.villaeducativa.edu.mx\/newspaper\/wp-content\/gallery\/33-chefcitoabril\/thumbs\/thumbs_WhatsApp-Image-2025-04-07-at-12.08.40-PM-1.jpg\"\n           data-image-id=\"62290\"\n           data-title=\"WhatsApp-Image-2025-04-07-at-12.08.40-PM-1\"\n           data-description=\"\"\n           class=\"ngg-fancybox\" rel=\"912bdc06df301a464acfc656044b2f5e\">\n\n            <img data-image-id='62290'\n                 title=\"\"\n                 alt=\"WhatsApp-Image-2025-04-07-at-12.08.40-PM-1\"\n                 src=\"https:\/\/www.villaeducativa.edu.mx\/newspaper\/wp-content\/gallery\/33-chefcitoabril\/WhatsApp-Image-2025-04-07-at-12.08.40-PM-1.jpg\"\n                 style=\"max-height: 600px;\"\/>\n        <\/a>\n\n        <\/div> \n<div id=\"ngg-image-3\" class=\"ngg-gallery-slideshow-image\" style=\"height:620px\">\n\n        <a href=\"https:\/\/www.villaeducativa.edu.mx\/newspaper\/wp-content\/gallery\/33-chefcitoabril\/WhatsApp-Image-2025-04-07-at-12.08.40-PM-2.jpg\"\n           title=\"\"\n           data-src=\"https:\/\/www.villaeducativa.edu.mx\/newspaper\/wp-content\/gallery\/33-chefcitoabril\/WhatsApp-Image-2025-04-07-at-12.08.40-PM-2.jpg\"\n           data-thumbnail=\"https:\/\/www.villaeducativa.edu.mx\/newspaper\/wp-content\/gallery\/33-chefcitoabril\/thumbs\/thumbs_WhatsApp-Image-2025-04-07-at-12.08.40-PM-2.jpg\"\n           data-image-id=\"62291\"\n           data-title=\"WhatsApp-Image-2025-04-07-at-12.08.40-PM-2\"\n           data-description=\"\"\n           class=\"ngg-fancybox\" rel=\"912bdc06df301a464acfc656044b2f5e\">\n\n            <img data-image-id='62291'\n                 title=\"\"\n                 alt=\"WhatsApp-Image-2025-04-07-at-12.08.40-PM-2\"\n                 src=\"https:\/\/www.villaeducativa.edu.mx\/newspaper\/wp-content\/gallery\/33-chefcitoabril\/WhatsApp-Image-2025-04-07-at-12.08.40-PM-2.jpg\"\n                 style=\"max-height: 600px;\"\/>\n        <\/a>\n\n        <\/div> \n<div id=\"ngg-image-4\" class=\"ngg-gallery-slideshow-image\" style=\"height:620px\">\n\n        <a href=\"https:\/\/www.villaeducativa.edu.mx\/newspaper\/wp-content\/gallery\/33-chefcitoabril\/WhatsApp-Image-2025-04-07-at-12.08.40-PM-3.jpg\"\n           title=\"\"\n           data-src=\"https:\/\/www.villaeducativa.edu.mx\/newspaper\/wp-content\/gallery\/33-chefcitoabril\/WhatsApp-Image-2025-04-07-at-12.08.40-PM-3.jpg\"\n           data-thumbnail=\"https:\/\/www.villaeducativa.edu.mx\/newspaper\/wp-content\/gallery\/33-chefcitoabril\/thumbs\/thumbs_WhatsApp-Image-2025-04-07-at-12.08.40-PM-3.jpg\"\n           data-image-id=\"62292\"\n           data-title=\"WhatsApp-Image-2025-04-07-at-12.08.40-PM-3\"\n           data-description=\"\"\n           class=\"ngg-fancybox\" rel=\"912bdc06df301a464acfc656044b2f5e\">\n\n            <img data-image-id='62292'\n                 title=\"\"\n                 alt=\"WhatsApp-Image-2025-04-07-at-12.08.40-PM-3\"\n                 src=\"https:\/\/www.villaeducativa.edu.mx\/newspaper\/wp-content\/gallery\/33-chefcitoabril\/WhatsApp-Image-2025-04-07-at-12.08.40-PM-3.jpg\"\n                 style=\"max-height: 600px;\"\/>\n        <\/a>\n\n        <\/div> \n<div id=\"ngg-image-5\" class=\"ngg-gallery-slideshow-image\" style=\"height:620px\">\n\n        <a href=\"https:\/\/www.villaeducativa.edu.mx\/newspaper\/wp-content\/gallery\/33-chefcitoabril\/WhatsApp-Image-2025-04-07-at-12.08.40-PM-4.jpg\"\n           title=\"\"\n           data-src=\"https:\/\/www.villaeducativa.edu.mx\/newspaper\/wp-content\/gallery\/33-chefcitoabril\/WhatsApp-Image-2025-04-07-at-12.08.40-PM-4.jpg\"\n           data-thumbnail=\"https:\/\/www.villaeducativa.edu.mx\/newspaper\/wp-content\/gallery\/33-chefcitoabril\/thumbs\/thumbs_WhatsApp-Image-2025-04-07-at-12.08.40-PM-4.jpg\"\n           data-image-id=\"62293\"\n           data-title=\"WhatsApp-Image-2025-04-07-at-12.08.40-PM-4\"\n           data-description=\"\"\n           class=\"ngg-fancybox\" rel=\"912bdc06df301a464acfc656044b2f5e\">\n\n            <img data-image-id='62293'\n                 title=\"\"\n                 alt=\"WhatsApp-Image-2025-04-07-at-12.08.40-PM-4\"\n                 src=\"https:\/\/www.villaeducativa.edu.mx\/newspaper\/wp-content\/gallery\/33-chefcitoabril\/WhatsApp-Image-2025-04-07-at-12.08.40-PM-4.jpg\"\n                 style=\"max-height: 600px;\"\/>\n        <\/a>\n\n        <\/div> \n<div id=\"ngg-image-6\" class=\"ngg-gallery-slideshow-image\" style=\"height:620px\">\n\n        <a href=\"https:\/\/www.villaeducativa.edu.mx\/newspaper\/wp-content\/gallery\/33-chefcitoabril\/WhatsApp-Image-2025-04-07-at-12.08.41-PM.jpg\"\n           title=\"\"\n           data-src=\"https:\/\/www.villaeducativa.edu.mx\/newspaper\/wp-content\/gallery\/33-chefcitoabril\/WhatsApp-Image-2025-04-07-at-12.08.41-PM.jpg\"\n           data-thumbnail=\"https:\/\/www.villaeducativa.edu.mx\/newspaper\/wp-content\/gallery\/33-chefcitoabril\/thumbs\/thumbs_WhatsApp-Image-2025-04-07-at-12.08.41-PM.jpg\"\n           data-image-id=\"62294\"\n           data-title=\"WhatsApp-Image-2025-04-07-at-12.08.41-PM\"\n           data-description=\"\"\n           class=\"ngg-fancybox\" rel=\"912bdc06df301a464acfc656044b2f5e\">\n\n            <img data-image-id='62294'\n                 title=\"\"\n                 alt=\"WhatsApp-Image-2025-04-07-at-12.08.41-PM\"\n                 src=\"https:\/\/www.villaeducativa.edu.mx\/newspaper\/wp-content\/gallery\/33-chefcitoabril\/WhatsApp-Image-2025-04-07-at-12.08.41-PM.jpg\"\n                 style=\"max-height: 600px;\"\/>\n        <\/a>\n\n        <\/div> \n<div id=\"ngg-image-7\" class=\"ngg-gallery-slideshow-image\" style=\"height:620px\">\n\n        <a href=\"https:\/\/www.villaeducativa.edu.mx\/newspaper\/wp-content\/gallery\/33-chefcitoabril\/WhatsApp-Image-2025-04-07-at-12.08.40-PM.jpg\"\n           title=\"\"\n           data-src=\"https:\/\/www.villaeducativa.edu.mx\/newspaper\/wp-content\/gallery\/33-chefcitoabril\/WhatsApp-Image-2025-04-07-at-12.08.40-PM.jpg\"\n           data-thumbnail=\"https:\/\/www.villaeducativa.edu.mx\/newspaper\/wp-content\/gallery\/33-chefcitoabril\/thumbs\/thumbs_WhatsApp-Image-2025-04-07-at-12.08.40-PM.jpg\"\n           data-image-id=\"62295\"\n           data-title=\"WhatsApp-Image-2025-04-07-at-12.08.40-PM\"\n           data-description=\"\"\n           class=\"ngg-fancybox\" rel=\"912bdc06df301a464acfc656044b2f5e\">\n\n            <img data-image-id='62295'\n                 title=\"\"\n                 alt=\"WhatsApp-Image-2025-04-07-at-12.08.40-PM\"\n                 src=\"https:\/\/www.villaeducativa.edu.mx\/newspaper\/wp-content\/gallery\/33-chefcitoabril\/WhatsApp-Image-2025-04-07-at-12.08.40-PM.jpg\"\n                 style=\"max-height: 600px;\"\/>\n        <\/a>\n\n        <\/div> \n<div id=\"ngg-image-8\" class=\"ngg-gallery-slideshow-image\" style=\"height:620px\">\n\n        <a href=\"https:\/\/www.villaeducativa.edu.mx\/newspaper\/wp-content\/gallery\/33-chefcitoabril\/WhatsApp-Image-2025-04-07-at-12.08.41-PM-2.jpg\"\n           title=\"\"\n           data-src=\"https:\/\/www.villaeducativa.edu.mx\/newspaper\/wp-content\/gallery\/33-chefcitoabril\/WhatsApp-Image-2025-04-07-at-12.08.41-PM-2.jpg\"\n           data-thumbnail=\"https:\/\/www.villaeducativa.edu.mx\/newspaper\/wp-content\/gallery\/33-chefcitoabril\/thumbs\/thumbs_WhatsApp-Image-2025-04-07-at-12.08.41-PM-2.jpg\"\n           data-image-id=\"62296\"\n           data-title=\"WhatsApp-Image-2025-04-07-at-12.08.41-PM-2\"\n           data-description=\"\"\n           class=\"ngg-fancybox\" rel=\"912bdc06df301a464acfc656044b2f5e\">\n\n            <img data-image-id='62296'\n                 title=\"\"\n                 alt=\"WhatsApp-Image-2025-04-07-at-12.08.41-PM-2\"\n                 src=\"https:\/\/www.villaeducativa.edu.mx\/newspaper\/wp-content\/gallery\/33-chefcitoabril\/WhatsApp-Image-2025-04-07-at-12.08.41-PM-2.jpg\"\n                 style=\"max-height: 600px;\"\/>\n        <\/a>\n\n        <\/div> \n<div id=\"ngg-image-9\" class=\"ngg-gallery-slideshow-image\" style=\"height:620px\">\n\n        <a href=\"https:\/\/www.villaeducativa.edu.mx\/newspaper\/wp-content\/gallery\/33-chefcitoabril\/WhatsApp-Image-2025-04-07-at-12.08.42-PM-2.jpg\"\n           title=\"\"\n           data-src=\"https:\/\/www.villaeducativa.edu.mx\/newspaper\/wp-content\/gallery\/33-chefcitoabril\/WhatsApp-Image-2025-04-07-at-12.08.42-PM-2.jpg\"\n           data-thumbnail=\"https:\/\/www.villaeducativa.edu.mx\/newspaper\/wp-content\/gallery\/33-chefcitoabril\/thumbs\/thumbs_WhatsApp-Image-2025-04-07-at-12.08.42-PM-2.jpg\"\n           data-image-id=\"62297\"\n           data-title=\"WhatsApp-Image-2025-04-07-at-12.08.42-PM-2\"\n           data-description=\"\"\n           class=\"ngg-fancybox\" rel=\"912bdc06df301a464acfc656044b2f5e\">\n\n            <img data-image-id='62297'\n                 title=\"\"\n                 alt=\"WhatsApp-Image-2025-04-07-at-12.08.42-PM-2\"\n                 src=\"https:\/\/www.villaeducativa.edu.mx\/newspaper\/wp-content\/gallery\/33-chefcitoabril\/WhatsApp-Image-2025-04-07-at-12.08.42-PM-2.jpg\"\n                 style=\"max-height: 600px;\"\/>\n        <\/a>\n\n        <\/div> \n<div id=\"ngg-image-10\" class=\"ngg-gallery-slideshow-image\" style=\"height:620px\">\n\n        <a href=\"https:\/\/www.villaeducativa.edu.mx\/newspaper\/wp-content\/gallery\/33-chefcitoabril\/WhatsApp-Image-2025-04-07-at-12.08.42-PM-1.jpg\"\n           title=\"\"\n           data-src=\"https:\/\/www.villaeducativa.edu.mx\/newspaper\/wp-content\/gallery\/33-chefcitoabril\/WhatsApp-Image-2025-04-07-at-12.08.42-PM-1.jpg\"\n           data-thumbnail=\"https:\/\/www.villaeducativa.edu.mx\/newspaper\/wp-content\/gallery\/33-chefcitoabril\/thumbs\/thumbs_WhatsApp-Image-2025-04-07-at-12.08.42-PM-1.jpg\"\n           data-image-id=\"62298\"\n           data-title=\"WhatsApp-Image-2025-04-07-at-12.08.42-PM-1\"\n           data-description=\"\"\n           class=\"ngg-fancybox\" rel=\"912bdc06df301a464acfc656044b2f5e\">\n\n            <img data-image-id='62298'\n                 title=\"\"\n                 alt=\"WhatsApp-Image-2025-04-07-at-12.08.42-PM-1\"\n                 src=\"https:\/\/www.villaeducativa.edu.mx\/newspaper\/wp-content\/gallery\/33-chefcitoabril\/WhatsApp-Image-2025-04-07-at-12.08.42-PM-1.jpg\"\n                 style=\"max-height: 600px;\"\/>\n        <\/a>\n\n        <\/div> \n<div id=\"ngg-image-11\" class=\"ngg-gallery-slideshow-image\" style=\"height:620px\">\n\n        <a href=\"https:\/\/www.villaeducativa.edu.mx\/newspaper\/wp-content\/gallery\/33-chefcitoabril\/WhatsApp-Image-2025-04-07-at-12.08.41-PM-1.jpg\"\n           title=\"\"\n           data-src=\"https:\/\/www.villaeducativa.edu.mx\/newspaper\/wp-content\/gallery\/33-chefcitoabril\/WhatsApp-Image-2025-04-07-at-12.08.41-PM-1.jpg\"\n           data-thumbnail=\"https:\/\/www.villaeducativa.edu.mx\/newspaper\/wp-content\/gallery\/33-chefcitoabril\/thumbs\/thumbs_WhatsApp-Image-2025-04-07-at-12.08.41-PM-1.jpg\"\n           data-image-id=\"62299\"\n           data-title=\"WhatsApp-Image-2025-04-07-at-12.08.41-PM-1\"\n           data-description=\"\"\n           class=\"ngg-fancybox\" rel=\"912bdc06df301a464acfc656044b2f5e\">\n\n            <img data-image-id='62299'\n                 title=\"\"\n                 alt=\"WhatsApp-Image-2025-04-07-at-12.08.41-PM-1\"\n                 src=\"https:\/\/www.villaeducativa.edu.mx\/newspaper\/wp-content\/gallery\/33-chefcitoabril\/WhatsApp-Image-2025-04-07-at-12.08.41-PM-1.jpg\"\n                 style=\"max-height: 600px;\"\/>\n        <\/a>\n\n        <\/div> \n<div id=\"ngg-image-12\" class=\"ngg-gallery-slideshow-image\" style=\"height:620px\">\n\n        <a href=\"https:\/\/www.villaeducativa.edu.mx\/newspaper\/wp-content\/gallery\/33-chefcitoabril\/WhatsApp-Image-2025-04-07-at-12.08.42-PM-3.jpg\"\n           title=\"\"\n           data-src=\"https:\/\/www.villaeducativa.edu.mx\/newspaper\/wp-content\/gallery\/33-chefcitoabril\/WhatsApp-Image-2025-04-07-at-12.08.42-PM-3.jpg\"\n           data-thumbnail=\"https:\/\/www.villaeducativa.edu.mx\/newspaper\/wp-content\/gallery\/33-chefcitoabril\/thumbs\/thumbs_WhatsApp-Image-2025-04-07-at-12.08.42-PM-3.jpg\"\n           data-image-id=\"62300\"\n           data-title=\"WhatsApp-Image-2025-04-07-at-12.08.42-PM-3\"\n           data-description=\"\"\n           class=\"ngg-fancybox\" rel=\"912bdc06df301a464acfc656044b2f5e\">\n\n            <img data-image-id='62300'\n                 title=\"\"\n                 alt=\"WhatsApp-Image-2025-04-07-at-12.08.42-PM-3\"\n                 src=\"https:\/\/www.villaeducativa.edu.mx\/newspaper\/wp-content\/gallery\/33-chefcitoabril\/WhatsApp-Image-2025-04-07-at-12.08.42-PM-3.jpg\"\n                 style=\"max-height: 600px;\"\/>\n        <\/a>\n\n        <\/div> \n<\/div>\n\n\n\n\n\n\n\n<p><strong><span class=\"has-inline-color has-vivid-cyan-blue-color\">Georgia Quintero<br><\/span><\/strong><span class=\"has-inline-color has-vivid-cyan-blue-color\"><em>Chef<\/em><\/span><\/p>\n\n\n\n<p><\/p>\n","protected":false},"excerpt":{"rendered":"<p>Nuestra clase de chef fue muy divertida, los ni\u00f1os practicaron el concepto de largo\/corto con ayuda de las frutas, y jugaron a adivinar qu\u00e9 frutas ocupamos para hacer nuestra actividad: fresa, uvas y pl\u00e1tano. Describieron con detalle c\u00f3mo era el sabor de cada una con la intenci\u00f3n de trabajar el&hellip; <\/p>\n","protected":false},"author":2,"featured_media":129676,"comment_status":"closed","ping_status":"closed","sticky":false,"template":"","format":"standard","meta":{"ngg_post_thumbnail":0},"categories":[5],"tags":[],"_links":{"self":[{"href":"https:\/\/www.villaeducativa.edu.mx\/newspaper\/index.php?rest_route=\/wp\/v2\/posts\/129138"}],"collection":[{"href":"https:\/\/www.villaeducativa.edu.mx\/newspaper\/index.php?rest_route=\/wp\/v2\/posts"}],"about":[{"href":"https:\/\/www.villaeducativa.edu.mx\/newspaper\/index.php?rest_route=\/wp\/v2\/types\/post"}],"author":[{"embeddable":true,"href":"https:\/\/www.villaeducativa.edu.mx\/newspaper\/index.php?rest_route=\/wp\/v2\/users\/2"}],"replies":[{"embeddable":true,"href":"https:\/\/www.villaeducativa.edu.mx\/newspaper\/index.php?rest_route=%2Fwp%2Fv2%2Fcomments&post=129138"}],"version-history":[{"count":3,"href":"https:\/\/www.villaeducativa.edu.mx\/newspaper\/index.php?rest_route=\/wp\/v2\/posts\/129138\/revisions"}],"predecessor-version":[{"id":129700,"href":"https:\/\/www.villaeducativa.edu.mx\/newspaper\/index.php?rest_route=\/wp\/v2\/posts\/129138\/revisions\/129700"}],"wp:featuredmedia":[{"embeddable":true,"href":"https:\/\/www.villaeducativa.edu.mx\/newspaper\/index.php?rest_route=\/wp\/v2\/media\/129676"}],"wp:attachment":[{"href":"https:\/\/www.villaeducativa.edu.mx\/newspaper\/index.php?rest_route=%2Fwp%2Fv2%2Fmedia&parent=129138"}],"wp:term":[{"taxonomy":"category","embeddable":true,"href":"https:\/\/www.villaeducativa.edu.mx\/newspaper\/index.php?rest_route=%2Fwp%2Fv2%2Fcategories&post=129138"},{"taxonomy":"post_tag","embeddable":true,"href":"https:\/\/www.villaeducativa.edu.mx\/newspaper\/index.php?rest_route=%2Fwp%2Fv2%2Ftags&post=129138"}],"curies":[{"name":"wp","href":"https:\/\/api.w.org\/{rel}","templated":true}]}}