{"id":129058,"date":"2025-04-08T09:10:00","date_gmt":"2025-04-08T14:10:00","guid":{"rendered":"https:\/\/www.villaeducativa.edu.mx\/newspaper\/?p=129058"},"modified":"2025-04-08T11:58:23","modified_gmt":"2025-04-08T16:58:23","slug":"save-the-date-carrera-con-causa-2025","status":"publish","type":"post","link":"https:\/\/www.villaeducativa.edu.mx\/newspaper\/?p=129058","title":{"rendered":"Save the Date! Carrera con Causa 2025"},"content":{"rendered":"\n<p>Nos llena de alegr\u00eda compartir con nuestra comunidad que el pr\u00f3ximo <strong>s\u00e1bado 24 de mayo<\/strong> se llevar\u00e1 a cabo la <strong>Carrera con Causa 2025<\/strong>, organizada por el <strong>Hospital ABC<\/strong>. \u00a1Una gran oportunidad para correr, convivir y ayudar!<\/p>\n\n\n\n<p>Esta carrera tiene un prop\u00f3sito muy especial: <strong>el 100% de lo recaudado ser\u00e1 donado a la Fundaci\u00f3n Leer Contigo<\/strong> (<em>leercontigo.org<\/em>), una organizaci\u00f3n que instala salas de lectura en las \u00e1reas infantiles de hospitales p\u00fablicos. Adem\u00e1s, sus voluntarios leen cuentos a los ni\u00f1os hospitalizados, llevando momentos de alegr\u00eda, imaginaci\u00f3n y compa\u00f1\u00eda a quienes m\u00e1s lo necesitan.<\/p>\n\n\n\n<p>Muy pronto les compartiremos todos los detalles para participar.<\/p>\n\n\n\n<p><strong><span class=\"has-inline-color has-vivid-cyan-blue-color\">Jacive Monroy <\/span><\/strong><em><span class=\"has-inline-color has-vivid-cyan-blue-color\"><br>Coordinadora Operativa<\/span><\/em><\/p>\n","protected":false},"excerpt":{"rendered":"<p>Nos llena de alegr\u00eda compartir con nuestra comunidad que el pr\u00f3ximo s\u00e1bado 24 de mayo se llevar\u00e1 a cabo la Carrera con Causa 2025, organizada por el Hospital ABC. \u00a1Una gran oportunidad para correr, convivir y ayudar! Esta carrera tiene un prop\u00f3sito muy especial: el 100% de lo recaudado ser\u00e1&hellip; <\/p>\n","protected":false},"author":2,"featured_media":129059,"comment_status":"closed","ping_status":"closed","sticky":false,"template":"","format":"standard","meta":{"ngg_post_thumbnail":0},"categories":[17],"tags":[],"_links":{"self":[{"href":"https:\/\/www.villaeducativa.edu.mx\/newspaper\/index.php?rest_route=\/wp\/v2\/posts\/129058"}],"collection":[{"href":"https:\/\/www.villaeducativa.edu.mx\/newspaper\/index.php?rest_route=\/wp\/v2\/posts"}],"about":[{"href":"https:\/\/www.villaeducativa.edu.mx\/newspaper\/index.php?rest_route=\/wp\/v2\/types\/post"}],"author":[{"embeddable":true,"href":"https:\/\/www.villaeducativa.edu.mx\/newspaper\/index.php?rest_route=\/wp\/v2\/users\/2"}],"replies":[{"embeddable":true,"href":"https:\/\/www.villaeducativa.edu.mx\/newspaper\/index.php?rest_route=%2Fwp%2Fv2%2Fcomments&post=129058"}],"version-history":[{"count":3,"href":"https:\/\/www.villaeducativa.edu.mx\/newspaper\/index.php?rest_route=\/wp\/v2\/posts\/129058\/revisions"}],"predecessor-version":[{"id":129401,"href":"https:\/\/www.villaeducativa.edu.mx\/newspaper\/index.php?rest_route=\/wp\/v2\/posts\/129058\/revisions\/129401"}],"wp:featuredmedia":[{"embeddable":true,"href":"https:\/\/www.villaeducativa.edu.mx\/newspaper\/index.php?rest_route=\/wp\/v2\/media\/129059"}],"wp:attachment":[{"href":"https:\/\/www.villaeducativa.edu.mx\/newspaper\/index.php?rest_route=%2Fwp%2Fv2%2Fmedia&parent=129058"}],"wp:term":[{"taxonomy":"category","embeddable":true,"href":"https:\/\/www.villaeducativa.edu.mx\/newspaper\/index.php?rest_route=%2Fwp%2Fv2%2Fcategories&post=129058"},{"taxonomy":"post_tag","embeddable":true,"href":"https:\/\/www.villaeducativa.edu.mx\/newspaper\/index.php?rest_route=%2Fwp%2Fv2%2Ftags&post=129058"}],"curies":[{"name":"wp","href":"https:\/\/api.w.org\/{rel}","templated":true}]}}