{"id":129054,"date":"2025-04-08T08:28:00","date_gmt":"2025-04-08T13:28:00","guid":{"rendered":"https:\/\/www.villaeducativa.edu.mx\/newspaper\/?p=129054"},"modified":"2025-04-08T12:43:21","modified_gmt":"2025-04-08T17:43:21","slug":"1o-3o-a-bailar-y-a-cuidar-el-planeta","status":"publish","type":"post","link":"https:\/\/www.villaeducativa.edu.mx\/newspaper\/?p=129054","title":{"rendered":"1o-3o: \u00a1A bailar y a cuidar el planeta!"},"content":{"rendered":"\n<p>\u00bfA d\u00f3nde va toda la basura que tiramos? Esa fue la pregunta detonante para las clases de 1\u00b0, 2\u00b0 y 3\u00b0 grado en la clase de m\u00fasica, y la respuesta lleg\u00f3 en forma de canci\u00f3n: \u00abTanta basura\u00bb. El profesor Axel Ordaz cre\u00f3 esta pegajosa canci\u00f3n que busca sembrar una semillita para el cuidado de nuestro planeta.<\/p>\n\n\n\n<p>Con ritmo latino y un trabalenguas de las 8 \u00abR\u00bbs (\u201cReciclo, reutilizo, reduzco, rechazo, reviso, reordeno, recupero y reparo\u201d) los alumnos aprendieron sobre la importancia de cuidar el medio ambiente de una forma divertida y memorable. La monta\u00f1a y la ballena, personajes sorpresivos de la canci\u00f3n, les recordaron que cada acci\u00f3n cuenta para proteger a los animales y a la naturaleza.<\/p>\n\n\n\n<p>Pero la cosa no se qued\u00f3 en la teor\u00eda, \u00a1Los ni\u00f1os se pusieron a bailar y a tocar! Percusi\u00f3n corporal e instrumentos se unieron al ritmo de \u00abTanta basura\u00bb, creando una experiencia educativa llena de energ\u00eda.<\/p>\n\n\n\n<p>Si quieren escucharla en casa y seguir aprendiendo juntos sobre el cuidado del planeta, pueden encontrarla en todas las plataformas digitales, como: \u00abTanta basura\u00bb de Axel\u00f3fono.<\/p>\n\n\n\n<p><strong>\u00a1A cantar, bailar y cuidar el planeta con \u00ab\u00a1Tanta basura!\u201d<\/strong><\/p>\n\n\n\n<p><strong><em><a rel=\"noreferrer noopener\" href=\"https:\/\/onerpm.link\/448058184023\" target=\"_blank\">Canci\u00f3n \u00a1Tanta basura!<\/a><\/em><\/strong><\/p>\n\n\n\n<p><strong><span class=\"has-inline-color has-vivid-cyan-blue-color\">Axel Ordaz Reyes<br><\/span><\/strong><span class=\"has-inline-color has-vivid-cyan-blue-color\"><em>M\u00fasica<\/em><\/span><\/p>\n","protected":false},"excerpt":{"rendered":"<p>\u00bfA d\u00f3nde va toda la basura que tiramos? Esa fue la pregunta detonante para las clases de 1\u00b0, 2\u00b0 y 3\u00b0 grado en la clase de m\u00fasica, y la respuesta lleg\u00f3 en forma de canci\u00f3n: \u00abTanta basura\u00bb. El profesor Axel Ordaz cre\u00f3 esta pegajosa canci\u00f3n que busca sembrar una semillita&hellip; <\/p>\n","protected":false},"author":2,"featured_media":129055,"comment_status":"closed","ping_status":"closed","sticky":false,"template":"","format":"standard","meta":{"ngg_post_thumbnail":0},"categories":[3],"tags":[],"_links":{"self":[{"href":"https:\/\/www.villaeducativa.edu.mx\/newspaper\/index.php?rest_route=\/wp\/v2\/posts\/129054"}],"collection":[{"href":"https:\/\/www.villaeducativa.edu.mx\/newspaper\/index.php?rest_route=\/wp\/v2\/posts"}],"about":[{"href":"https:\/\/www.villaeducativa.edu.mx\/newspaper\/index.php?rest_route=\/wp\/v2\/types\/post"}],"author":[{"embeddable":true,"href":"https:\/\/www.villaeducativa.edu.mx\/newspaper\/index.php?rest_route=\/wp\/v2\/users\/2"}],"replies":[{"embeddable":true,"href":"https:\/\/www.villaeducativa.edu.mx\/newspaper\/index.php?rest_route=%2Fwp%2Fv2%2Fcomments&post=129054"}],"version-history":[{"count":1,"href":"https:\/\/www.villaeducativa.edu.mx\/newspaper\/index.php?rest_route=\/wp\/v2\/posts\/129054\/revisions"}],"predecessor-version":[{"id":129056,"href":"https:\/\/www.villaeducativa.edu.mx\/newspaper\/index.php?rest_route=\/wp\/v2\/posts\/129054\/revisions\/129056"}],"wp:featuredmedia":[{"embeddable":true,"href":"https:\/\/www.villaeducativa.edu.mx\/newspaper\/index.php?rest_route=\/wp\/v2\/media\/129055"}],"wp:attachment":[{"href":"https:\/\/www.villaeducativa.edu.mx\/newspaper\/index.php?rest_route=%2Fwp%2Fv2%2Fmedia&parent=129054"}],"wp:term":[{"taxonomy":"category","embeddable":true,"href":"https:\/\/www.villaeducativa.edu.mx\/newspaper\/index.php?rest_route=%2Fwp%2Fv2%2Fcategories&post=129054"},{"taxonomy":"post_tag","embeddable":true,"href":"https:\/\/www.villaeducativa.edu.mx\/newspaper\/index.php?rest_route=%2Fwp%2Fv2%2Ftags&post=129054"}],"curies":[{"name":"wp","href":"https:\/\/api.w.org\/{rel}","templated":true}]}}