{"id":128995,"date":"2025-04-08T08:15:00","date_gmt":"2025-04-08T13:15:00","guid":{"rendered":"https:\/\/www.villaeducativa.edu.mx\/newspaper\/?p=128995"},"modified":"2025-04-08T12:49:26","modified_gmt":"2025-04-08T17:49:26","slug":"4o-visita-escolar","status":"publish","type":"post","link":"https:\/\/www.villaeducativa.edu.mx\/newspaper\/?p=128995","title":{"rendered":"4o: Visita escolar"},"content":{"rendered":"\n<p>Los alumnos de cuarto grado recibieron una visita muy importante del se\u00f1or Guillermo Miranda Nava, abuelito de Fey. La participaci\u00f3n del se\u00f1or fue muy enriquecedora en nuestro proyecto \u00abUn viaje a trav\u00e9s del tiempo\u00bb, ya que hizo que la experiencia fuera inolvidable para todos nosotros.<\/p>\n\n\n\n<p>Cada relato fue una fuente de inspiraci\u00f3n y ense\u00f1anza para nuestros alumnos. Sus historias mostraron la importancia de valorar nuestras ra\u00edces y de aprender de las experiencias de quienes nos precedieron.<\/p>\n\n\n\n<p>Nos sentimos profundamente honrados de haber escuchado las an\u00e9cdotas de cuando era ni\u00f1o, ya que sus recuerdos nos transportaron a otra \u00e9poca y nos permitieron comprender mejor c\u00f3mo era la vida en el pasado. Su sabidur\u00eda y generosidad al compartir sus experiencias con nosotros, son un regalo que atesoraremos siempre.<\/p>\n\n\n\n<p>Los alumnos y personal docente estamos muy agradecidos por la disposici\u00f3n que tuvo, ya que con gusto respondi\u00f3 todas las preguntas que se plantearon, as\u00ed como su paciencia al compartir sus conocimientos con nosotros. Su visita fue un ejemplo de c\u00f3mo la comunidad puede unirse para enriquecer la educaci\u00f3n de nuestros ni\u00f1os.<\/p>\n\n\n\n\n\n<div class=\"ngg-galleryoverview ngg-slideshow\"\n\t id=\"ngg-slideshow-64f38c79ace371a5cada001470e2682c-11088829270\"\n     data-gallery-id=\"64f38c79ace371a5cada001470e2682c\"\n     style=\"max-width: 600px; max-height: 400px;\">\n\n \t<div id=\"ngg-image-0\" class=\"ngg-gallery-slideshow-image\" style=\"height:400px\">\n\n        <a href=\"https:\/\/www.villaeducativa.edu.mx\/newspaper\/wp-content\/gallery\/33-visita4\/IMG-20250327-WA0009.jpg\"\n           title=\"\"\n           data-src=\"https:\/\/www.villaeducativa.edu.mx\/newspaper\/wp-content\/gallery\/33-visita4\/IMG-20250327-WA0009.jpg\"\n           data-thumbnail=\"https:\/\/www.villaeducativa.edu.mx\/newspaper\/wp-content\/gallery\/33-visita4\/thumbs\/thumbs_IMG-20250327-WA0009.jpg\"\n           data-image-id=\"61965\"\n           data-title=\"IMG-20250327-WA0009\"\n           data-description=\"\"\n           class=\"ngg-fancybox\" rel=\"64f38c79ace371a5cada001470e2682c\">\n\n            <img data-image-id='61965'\n                 title=\"\"\n                 alt=\"IMG-20250327-WA0009\"\n                 src=\"https:\/\/www.villaeducativa.edu.mx\/newspaper\/wp-content\/gallery\/33-visita4\/IMG-20250327-WA0009.jpg\"\n                 style=\"max-height: 380px;\"\/>\n        <\/a>\n\n        <\/div> \n<div id=\"ngg-image-1\" class=\"ngg-gallery-slideshow-image\" style=\"height:400px\">\n\n        <a href=\"https:\/\/www.villaeducativa.edu.mx\/newspaper\/wp-content\/gallery\/33-visita4\/IMG-20250327-WA0012.jpg\"\n           title=\"\"\n           data-src=\"https:\/\/www.villaeducativa.edu.mx\/newspaper\/wp-content\/gallery\/33-visita4\/IMG-20250327-WA0012.jpg\"\n           data-thumbnail=\"https:\/\/www.villaeducativa.edu.mx\/newspaper\/wp-content\/gallery\/33-visita4\/thumbs\/thumbs_IMG-20250327-WA0012.jpg\"\n           data-image-id=\"61966\"\n           data-title=\"IMG-20250327-WA0012\"\n           data-description=\"\"\n           class=\"ngg-fancybox\" rel=\"64f38c79ace371a5cada001470e2682c\">\n\n            <img data-image-id='61966'\n                 title=\"\"\n                 alt=\"IMG-20250327-WA0012\"\n                 src=\"https:\/\/www.villaeducativa.edu.mx\/newspaper\/wp-content\/gallery\/33-visita4\/IMG-20250327-WA0012.jpg\"\n                 style=\"max-height: 380px;\"\/>\n        <\/a>\n\n        <\/div> \n<div id=\"ngg-image-2\" class=\"ngg-gallery-slideshow-image\" style=\"height:400px\">\n\n        <a href=\"https:\/\/www.villaeducativa.edu.mx\/newspaper\/wp-content\/gallery\/33-visita4\/IMG-20250327-WA0019.jpg\"\n           title=\"\"\n           data-src=\"https:\/\/www.villaeducativa.edu.mx\/newspaper\/wp-content\/gallery\/33-visita4\/IMG-20250327-WA0019.jpg\"\n           data-thumbnail=\"https:\/\/www.villaeducativa.edu.mx\/newspaper\/wp-content\/gallery\/33-visita4\/thumbs\/thumbs_IMG-20250327-WA0019.jpg\"\n           data-image-id=\"61967\"\n           data-title=\"IMG-20250327-WA0019\"\n           data-description=\"\"\n           class=\"ngg-fancybox\" rel=\"64f38c79ace371a5cada001470e2682c\">\n\n            <img data-image-id='61967'\n                 title=\"\"\n                 alt=\"IMG-20250327-WA0019\"\n                 src=\"https:\/\/www.villaeducativa.edu.mx\/newspaper\/wp-content\/gallery\/33-visita4\/IMG-20250327-WA0019.jpg\"\n                 style=\"max-height: 380px;\"\/>\n        <\/a>\n\n        <\/div> \n<div id=\"ngg-image-3\" class=\"ngg-gallery-slideshow-image\" style=\"height:400px\">\n\n        <a href=\"https:\/\/www.villaeducativa.edu.mx\/newspaper\/wp-content\/gallery\/33-visita4\/IMG20250327091907.jpg\"\n           title=\"\"\n           data-src=\"https:\/\/www.villaeducativa.edu.mx\/newspaper\/wp-content\/gallery\/33-visita4\/IMG20250327091907.jpg\"\n           data-thumbnail=\"https:\/\/www.villaeducativa.edu.mx\/newspaper\/wp-content\/gallery\/33-visita4\/thumbs\/thumbs_IMG20250327091907.jpg\"\n           data-image-id=\"61968\"\n           data-title=\"IMG20250327091907\"\n           data-description=\"\"\n           class=\"ngg-fancybox\" rel=\"64f38c79ace371a5cada001470e2682c\">\n\n            <img data-image-id='61968'\n                 title=\"\"\n                 alt=\"IMG20250327091907\"\n                 src=\"https:\/\/www.villaeducativa.edu.mx\/newspaper\/wp-content\/gallery\/33-visita4\/IMG20250327091907.jpg\"\n                 style=\"max-height: 380px;\"\/>\n        <\/a>\n\n        <\/div> \n<div id=\"ngg-image-4\" class=\"ngg-gallery-slideshow-image\" style=\"height:400px\">\n\n        <a href=\"https:\/\/www.villaeducativa.edu.mx\/newspaper\/wp-content\/gallery\/33-visita4\/IMG20250327091058.jpg\"\n           title=\"\"\n           data-src=\"https:\/\/www.villaeducativa.edu.mx\/newspaper\/wp-content\/gallery\/33-visita4\/IMG20250327091058.jpg\"\n           data-thumbnail=\"https:\/\/www.villaeducativa.edu.mx\/newspaper\/wp-content\/gallery\/33-visita4\/thumbs\/thumbs_IMG20250327091058.jpg\"\n           data-image-id=\"61969\"\n           data-title=\"IMG20250327091058\"\n           data-description=\"\"\n           class=\"ngg-fancybox\" rel=\"64f38c79ace371a5cada001470e2682c\">\n\n            <img data-image-id='61969'\n                 title=\"\"\n                 alt=\"IMG20250327091058\"\n                 src=\"https:\/\/www.villaeducativa.edu.mx\/newspaper\/wp-content\/gallery\/33-visita4\/IMG20250327091058.jpg\"\n                 style=\"max-height: 380px;\"\/>\n        <\/a>\n\n        <\/div> \n<div id=\"ngg-image-5\" class=\"ngg-gallery-slideshow-image\" style=\"height:400px\">\n\n        <a href=\"https:\/\/www.villaeducativa.edu.mx\/newspaper\/wp-content\/gallery\/33-visita4\/IMG-20250327-WA0022.jpg\"\n           title=\"\"\n           data-src=\"https:\/\/www.villaeducativa.edu.mx\/newspaper\/wp-content\/gallery\/33-visita4\/IMG-20250327-WA0022.jpg\"\n           data-thumbnail=\"https:\/\/www.villaeducativa.edu.mx\/newspaper\/wp-content\/gallery\/33-visita4\/thumbs\/thumbs_IMG-20250327-WA0022.jpg\"\n           data-image-id=\"61970\"\n           data-title=\"IMG-20250327-WA0022\"\n           data-description=\"\"\n           class=\"ngg-fancybox\" rel=\"64f38c79ace371a5cada001470e2682c\">\n\n            <img data-image-id='61970'\n                 title=\"\"\n                 alt=\"IMG-20250327-WA0022\"\n                 src=\"https:\/\/www.villaeducativa.edu.mx\/newspaper\/wp-content\/gallery\/33-visita4\/IMG-20250327-WA0022.jpg\"\n                 style=\"max-height: 380px;\"\/>\n        <\/a>\n\n        <\/div> \n<\/div>\n\n\n\n\n\n\n\n<p><strong><span class=\"has-inline-color has-vivid-cyan-blue-color\">Samantha Estrada<br><\/span><\/strong><span class=\"has-inline-color has-vivid-cyan-blue-color\"><em>Docente de Espa\u00f1ol 4o grado <\/em><\/span><\/p>\n","protected":false},"excerpt":{"rendered":"<p>Los alumnos de cuarto grado recibieron una visita muy importante del se\u00f1or Guillermo Miranda Nava, abuelito de Fey. La participaci\u00f3n del se\u00f1or fue muy enriquecedora en nuestro proyecto \u00abUn viaje a trav\u00e9s del tiempo\u00bb, ya que hizo que la experiencia fuera inolvidable para todos nosotros. Cada relato fue una fuente&hellip; <\/p>\n","protected":false},"author":2,"featured_media":129289,"comment_status":"closed","ping_status":"closed","sticky":false,"template":"","format":"standard","meta":{"ngg_post_thumbnail":0},"categories":[3],"tags":[],"_links":{"self":[{"href":"https:\/\/www.villaeducativa.edu.mx\/newspaper\/index.php?rest_route=\/wp\/v2\/posts\/128995"}],"collection":[{"href":"https:\/\/www.villaeducativa.edu.mx\/newspaper\/index.php?rest_route=\/wp\/v2\/posts"}],"about":[{"href":"https:\/\/www.villaeducativa.edu.mx\/newspaper\/index.php?rest_route=\/wp\/v2\/types\/post"}],"author":[{"embeddable":true,"href":"https:\/\/www.villaeducativa.edu.mx\/newspaper\/index.php?rest_route=\/wp\/v2\/users\/2"}],"replies":[{"embeddable":true,"href":"https:\/\/www.villaeducativa.edu.mx\/newspaper\/index.php?rest_route=%2Fwp%2Fv2%2Fcomments&post=128995"}],"version-history":[{"count":3,"href":"https:\/\/www.villaeducativa.edu.mx\/newspaper\/index.php?rest_route=\/wp\/v2\/posts\/128995\/revisions"}],"predecessor-version":[{"id":129290,"href":"https:\/\/www.villaeducativa.edu.mx\/newspaper\/index.php?rest_route=\/wp\/v2\/posts\/128995\/revisions\/129290"}],"wp:featuredmedia":[{"embeddable":true,"href":"https:\/\/www.villaeducativa.edu.mx\/newspaper\/index.php?rest_route=\/wp\/v2\/media\/129289"}],"wp:attachment":[{"href":"https:\/\/www.villaeducativa.edu.mx\/newspaper\/index.php?rest_route=%2Fwp%2Fv2%2Fmedia&parent=128995"}],"wp:term":[{"taxonomy":"category","embeddable":true,"href":"https:\/\/www.villaeducativa.edu.mx\/newspaper\/index.php?rest_route=%2Fwp%2Fv2%2Fcategories&post=128995"},{"taxonomy":"post_tag","embeddable":true,"href":"https:\/\/www.villaeducativa.edu.mx\/newspaper\/index.php?rest_route=%2Fwp%2Fv2%2Ftags&post=128995"}],"curies":[{"name":"wp","href":"https:\/\/api.w.org\/{rel}","templated":true}]}}