{"id":128890,"date":"2025-04-08T07:50:00","date_gmt":"2025-04-08T12:50:00","guid":{"rendered":"https:\/\/www.villaeducativa.edu.mx\/newspaper\/?p=128890"},"modified":"2025-04-08T12:53:10","modified_gmt":"2025-04-08T17:53:10","slug":"cuentos-para-pensar","status":"publish","type":"post","link":"https:\/\/www.villaeducativa.edu.mx\/newspaper\/?p=128890","title":{"rendered":"Cuentos para pensar"},"content":{"rendered":"\n<p>Los alumnos de segundo grado utilizaron toda su creatividad y entusiasmo creando cuentos para su proyecto \u00abCuentos para pensar\u00bb.\u00a0<\/p>\n\n\n\n<p>Los cinco mejores cuentos de cada grupo se expusieron en el patio techado. Despu\u00e9s, los autores leyeron sus creaciones a los grupos de primer grado, creando gran inter\u00e9s.&nbsp;<\/p>\n\n\n\n<p>Tambi\u00e9n participaron en el concurso de cuento breve \u00abCu\u00e9ntame sobre el cerebro\u00bb, convocado por el Cinvestav. Fue un evento emocionante y lleno de aprendizaje. <\/p>\n\n\n\n<p>\u00a1Felicidades a los seleccionados!<\/p>\n\n\n\n\n\n<div class=\"ngg-galleryoverview ngg-slideshow\"\n\t id=\"ngg-slideshow-a51de140823171ac4325b4932be9a52d-18786481800\"\n     data-gallery-id=\"a51de140823171ac4325b4932be9a52d\"\n     style=\"max-width: 600px; max-height: 600px;\">\n\n \t<div id=\"ngg-image-0\" class=\"ngg-gallery-slideshow-image\" style=\"height:600px\">\n\n        <a href=\"https:\/\/www.villaeducativa.edu.mx\/newspaper\/wp-content\/gallery\/33-cuentoshigh\/WhatsApp-Image-2025-04-02-at-08.17.43-6.jpg\"\n           title=\"\"\n           data-src=\"https:\/\/www.villaeducativa.edu.mx\/newspaper\/wp-content\/gallery\/33-cuentoshigh\/WhatsApp-Image-2025-04-02-at-08.17.43-6.jpg\"\n           data-thumbnail=\"https:\/\/www.villaeducativa.edu.mx\/newspaper\/wp-content\/gallery\/33-cuentoshigh\/thumbs\/thumbs_WhatsApp-Image-2025-04-02-at-08.17.43-6.jpg\"\n           data-image-id=\"61661\"\n           data-title=\"WhatsApp-Image-2025-04-02-at-08.17.43-6\"\n           data-description=\"\"\n           class=\"ngg-fancybox\" rel=\"a51de140823171ac4325b4932be9a52d\">\n\n            <img data-image-id='61661'\n                 title=\"\"\n                 alt=\"WhatsApp-Image-2025-04-02-at-08.17.43-6\"\n                 src=\"https:\/\/www.villaeducativa.edu.mx\/newspaper\/wp-content\/gallery\/33-cuentoshigh\/WhatsApp-Image-2025-04-02-at-08.17.43-6.jpg\"\n                 style=\"max-height: 580px;\"\/>\n        <\/a>\n\n        <\/div> \n<div id=\"ngg-image-1\" class=\"ngg-gallery-slideshow-image\" style=\"height:600px\">\n\n        <a href=\"https:\/\/www.villaeducativa.edu.mx\/newspaper\/wp-content\/gallery\/33-cuentoshigh\/WhatsApp-Image-2025-04-02-at-08.17.42-1.jpg\"\n           title=\"\"\n           data-src=\"https:\/\/www.villaeducativa.edu.mx\/newspaper\/wp-content\/gallery\/33-cuentoshigh\/WhatsApp-Image-2025-04-02-at-08.17.42-1.jpg\"\n           data-thumbnail=\"https:\/\/www.villaeducativa.edu.mx\/newspaper\/wp-content\/gallery\/33-cuentoshigh\/thumbs\/thumbs_WhatsApp-Image-2025-04-02-at-08.17.42-1.jpg\"\n           data-image-id=\"61662\"\n           data-title=\"WhatsApp-Image-2025-04-02-at-08.17.42-1\"\n           data-description=\"\"\n           class=\"ngg-fancybox\" rel=\"a51de140823171ac4325b4932be9a52d\">\n\n            <img data-image-id='61662'\n                 title=\"\"\n                 alt=\"WhatsApp-Image-2025-04-02-at-08.17.42-1\"\n                 src=\"https:\/\/www.villaeducativa.edu.mx\/newspaper\/wp-content\/gallery\/33-cuentoshigh\/WhatsApp-Image-2025-04-02-at-08.17.42-1.jpg\"\n                 style=\"max-height: 580px;\"\/>\n        <\/a>\n\n        <\/div> \n<div id=\"ngg-image-2\" class=\"ngg-gallery-slideshow-image\" style=\"height:600px\">\n\n        <a href=\"https:\/\/www.villaeducativa.edu.mx\/newspaper\/wp-content\/gallery\/33-cuentoshigh\/WhatsApp-Image-2025-04-02-at-08.17.43-7.jpg\"\n           title=\"\"\n           data-src=\"https:\/\/www.villaeducativa.edu.mx\/newspaper\/wp-content\/gallery\/33-cuentoshigh\/WhatsApp-Image-2025-04-02-at-08.17.43-7.jpg\"\n           data-thumbnail=\"https:\/\/www.villaeducativa.edu.mx\/newspaper\/wp-content\/gallery\/33-cuentoshigh\/thumbs\/thumbs_WhatsApp-Image-2025-04-02-at-08.17.43-7.jpg\"\n           data-image-id=\"61663\"\n           data-title=\"WhatsApp-Image-2025-04-02-at-08.17.43-7\"\n           data-description=\"\"\n           class=\"ngg-fancybox\" rel=\"a51de140823171ac4325b4932be9a52d\">\n\n            <img data-image-id='61663'\n                 title=\"\"\n                 alt=\"WhatsApp-Image-2025-04-02-at-08.17.43-7\"\n                 src=\"https:\/\/www.villaeducativa.edu.mx\/newspaper\/wp-content\/gallery\/33-cuentoshigh\/WhatsApp-Image-2025-04-02-at-08.17.43-7.jpg\"\n                 style=\"max-height: 580px;\"\/>\n        <\/a>\n\n        <\/div> \n<div id=\"ngg-image-3\" class=\"ngg-gallery-slideshow-image\" style=\"height:600px\">\n\n        <a href=\"https:\/\/www.villaeducativa.edu.mx\/newspaper\/wp-content\/gallery\/33-cuentoshigh\/WhatsApp-Image-2025-04-02-at-08.17.43-8.jpg\"\n           title=\"\"\n           data-src=\"https:\/\/www.villaeducativa.edu.mx\/newspaper\/wp-content\/gallery\/33-cuentoshigh\/WhatsApp-Image-2025-04-02-at-08.17.43-8.jpg\"\n           data-thumbnail=\"https:\/\/www.villaeducativa.edu.mx\/newspaper\/wp-content\/gallery\/33-cuentoshigh\/thumbs\/thumbs_WhatsApp-Image-2025-04-02-at-08.17.43-8.jpg\"\n           data-image-id=\"61664\"\n           data-title=\"WhatsApp-Image-2025-04-02-at-08.17.43-8\"\n           data-description=\"\"\n           class=\"ngg-fancybox\" rel=\"a51de140823171ac4325b4932be9a52d\">\n\n            <img data-image-id='61664'\n                 title=\"\"\n                 alt=\"WhatsApp-Image-2025-04-02-at-08.17.43-8\"\n                 src=\"https:\/\/www.villaeducativa.edu.mx\/newspaper\/wp-content\/gallery\/33-cuentoshigh\/WhatsApp-Image-2025-04-02-at-08.17.43-8.jpg\"\n                 style=\"max-height: 580px;\"\/>\n        <\/a>\n\n        <\/div> \n<div id=\"ngg-image-4\" class=\"ngg-gallery-slideshow-image\" style=\"height:600px\">\n\n        <a href=\"https:\/\/www.villaeducativa.edu.mx\/newspaper\/wp-content\/gallery\/33-cuentoshigh\/WhatsApp-Image-2025-04-02-at-08.17.43-9.jpg\"\n           title=\"\"\n           data-src=\"https:\/\/www.villaeducativa.edu.mx\/newspaper\/wp-content\/gallery\/33-cuentoshigh\/WhatsApp-Image-2025-04-02-at-08.17.43-9.jpg\"\n           data-thumbnail=\"https:\/\/www.villaeducativa.edu.mx\/newspaper\/wp-content\/gallery\/33-cuentoshigh\/thumbs\/thumbs_WhatsApp-Image-2025-04-02-at-08.17.43-9.jpg\"\n           data-image-id=\"61665\"\n           data-title=\"WhatsApp-Image-2025-04-02-at-08.17.43-9\"\n           data-description=\"\"\n           class=\"ngg-fancybox\" rel=\"a51de140823171ac4325b4932be9a52d\">\n\n            <img data-image-id='61665'\n                 title=\"\"\n                 alt=\"WhatsApp-Image-2025-04-02-at-08.17.43-9\"\n                 src=\"https:\/\/www.villaeducativa.edu.mx\/newspaper\/wp-content\/gallery\/33-cuentoshigh\/WhatsApp-Image-2025-04-02-at-08.17.43-9.jpg\"\n                 style=\"max-height: 580px;\"\/>\n        <\/a>\n\n        <\/div> \n<div id=\"ngg-image-5\" class=\"ngg-gallery-slideshow-image\" style=\"height:600px\">\n\n        <a href=\"https:\/\/www.villaeducativa.edu.mx\/newspaper\/wp-content\/gallery\/33-cuentoshigh\/WhatsApp-Image-2025-04-02-at-08.17.43-11.jpg\"\n           title=\"\"\n           data-src=\"https:\/\/www.villaeducativa.edu.mx\/newspaper\/wp-content\/gallery\/33-cuentoshigh\/WhatsApp-Image-2025-04-02-at-08.17.43-11.jpg\"\n           data-thumbnail=\"https:\/\/www.villaeducativa.edu.mx\/newspaper\/wp-content\/gallery\/33-cuentoshigh\/thumbs\/thumbs_WhatsApp-Image-2025-04-02-at-08.17.43-11.jpg\"\n           data-image-id=\"61666\"\n           data-title=\"WhatsApp-Image-2025-04-02-at-08.17.43-11\"\n           data-description=\"\"\n           class=\"ngg-fancybox\" rel=\"a51de140823171ac4325b4932be9a52d\">\n\n            <img data-image-id='61666'\n                 title=\"\"\n                 alt=\"WhatsApp-Image-2025-04-02-at-08.17.43-11\"\n                 src=\"https:\/\/www.villaeducativa.edu.mx\/newspaper\/wp-content\/gallery\/33-cuentoshigh\/WhatsApp-Image-2025-04-02-at-08.17.43-11.jpg\"\n                 style=\"max-height: 580px;\"\/>\n        <\/a>\n\n        <\/div> \n<\/div>\n\n\n\n\n\n\n\n<p><strong><span class=\"has-inline-color has-vivid-cyan-blue-color\">Patricia Priego y Ver\u00f3nica P\u00e9rez<br><\/span><\/strong><em><span class=\"has-inline-color has-vivid-cyan-blue-color\">Espa\u00f1ol<\/span><\/em><\/p>\n","protected":false},"excerpt":{"rendered":"<p>Los alumnos de segundo grado utilizaron toda su creatividad y entusiasmo creando cuentos para su proyecto \u00abCuentos para pensar\u00bb.\u00a0 Los cinco mejores cuentos de cada grupo se expusieron en el patio techado. Despu\u00e9s, los autores leyeron sus creaciones a los grupos de primer grado, creando gran inter\u00e9s.&nbsp; Tambi\u00e9n participaron en&hellip; <\/p>\n","protected":false},"author":2,"featured_media":128898,"comment_status":"closed","ping_status":"closed","sticky":false,"template":"","format":"standard","meta":{"ngg_post_thumbnail":0},"categories":[4],"tags":[],"_links":{"self":[{"href":"https:\/\/www.villaeducativa.edu.mx\/newspaper\/index.php?rest_route=\/wp\/v2\/posts\/128890"}],"collection":[{"href":"https:\/\/www.villaeducativa.edu.mx\/newspaper\/index.php?rest_route=\/wp\/v2\/posts"}],"about":[{"href":"https:\/\/www.villaeducativa.edu.mx\/newspaper\/index.php?rest_route=\/wp\/v2\/types\/post"}],"author":[{"embeddable":true,"href":"https:\/\/www.villaeducativa.edu.mx\/newspaper\/index.php?rest_route=\/wp\/v2\/users\/2"}],"replies":[{"embeddable":true,"href":"https:\/\/www.villaeducativa.edu.mx\/newspaper\/index.php?rest_route=%2Fwp%2Fv2%2Fcomments&post=128890"}],"version-history":[{"count":2,"href":"https:\/\/www.villaeducativa.edu.mx\/newspaper\/index.php?rest_route=\/wp\/v2\/posts\/128890\/revisions"}],"predecessor-version":[{"id":129657,"href":"https:\/\/www.villaeducativa.edu.mx\/newspaper\/index.php?rest_route=\/wp\/v2\/posts\/128890\/revisions\/129657"}],"wp:featuredmedia":[{"embeddable":true,"href":"https:\/\/www.villaeducativa.edu.mx\/newspaper\/index.php?rest_route=\/wp\/v2\/media\/128898"}],"wp:attachment":[{"href":"https:\/\/www.villaeducativa.edu.mx\/newspaper\/index.php?rest_route=%2Fwp%2Fv2%2Fmedia&parent=128890"}],"wp:term":[{"taxonomy":"category","embeddable":true,"href":"https:\/\/www.villaeducativa.edu.mx\/newspaper\/index.php?rest_route=%2Fwp%2Fv2%2Fcategories&post=128890"},{"taxonomy":"post_tag","embeddable":true,"href":"https:\/\/www.villaeducativa.edu.mx\/newspaper\/index.php?rest_route=%2Fwp%2Fv2%2Ftags&post=128890"}],"curies":[{"name":"wp","href":"https:\/\/api.w.org\/{rel}","templated":true}]}}