{"id":128748,"date":"2025-04-08T08:30:00","date_gmt":"2025-04-08T13:30:00","guid":{"rendered":"https:\/\/www.villaeducativa.edu.mx\/newspaper\/?p=128748"},"modified":"2025-04-08T12:40:55","modified_gmt":"2025-04-08T17:40:55","slug":"1o-3o-my-favorite-woman","status":"publish","type":"post","link":"https:\/\/www.villaeducativa.edu.mx\/newspaper\/?p=128748","title":{"rendered":"1o-3o: My Favorite Woman"},"content":{"rendered":"\n<p>In Villa Educativa we celebrated women not only on International Women\u2019s Day on March 8, but during the whole month.<\/p>\n\n\n\n<p>In teacher Robert\u2019s Oral Workshop classes, our students from lower primary have been practicing simple present with the use of adverbs to describe actions and adjectives of appearance such as beauty, size, height, eye and hair color and personality adjectives such as polite, kind, intelligent, smart, creative\u2026<\/p>\n\n\n\n<p>Students were handed out a pink or purple paper in which they were asked to choose their favorite woman and draw her on the center of the page.<\/p>\n\n\n\n<p>Once they finished drawing, first graders wrote key words and second and third graders wrote sentences that describe the chosen woman using adjectives and adverbs, plus likes\/dislikes and their favorite woman\u2019s favorite color, food, animal, place, activity and friend.&nbsp;<\/p>\n\n\n\n<p>At the end of the activity, each student orally presented his\/her paper on their Favorite Woman reading her description to the whole class.<\/p>\n\n\n\n<p>Students had fun trying to guess who their classmates\u2019 Favorite Woman was.<\/p>\n\n\n\n\n\n<div class=\"ngg-galleryoverview ngg-slideshow\"\n\t id=\"ngg-slideshow-60a56332cf280bc7d171a6faa347ad02-3919230490\"\n     data-gallery-id=\"60a56332cf280bc7d171a6faa347ad02\"\n     style=\"max-width: 600px; max-height: 600px;\">\n\n \t<div id=\"ngg-image-0\" class=\"ngg-gallery-slideshow-image\" style=\"height:600px\">\n\n        <a href=\"https:\/\/www.villaeducativa.edu.mx\/newspaper\/wp-content\/gallery\/33-favoritewoman13\/PHOTO-2025-04-01-18-54-05.jpg\"\n           title=\"\"\n           data-src=\"https:\/\/www.villaeducativa.edu.mx\/newspaper\/wp-content\/gallery\/33-favoritewoman13\/PHOTO-2025-04-01-18-54-05.jpg\"\n           data-thumbnail=\"https:\/\/www.villaeducativa.edu.mx\/newspaper\/wp-content\/gallery\/33-favoritewoman13\/thumbs\/thumbs_PHOTO-2025-04-01-18-54-05.jpg\"\n           data-image-id=\"61532\"\n           data-title=\"PHOTO-2025-04-01-18-54-05\"\n           data-description=\"\"\n           class=\"ngg-fancybox\" rel=\"60a56332cf280bc7d171a6faa347ad02\">\n\n            <img data-image-id='61532'\n                 title=\"\"\n                 alt=\"PHOTO-2025-04-01-18-54-05\"\n                 src=\"https:\/\/www.villaeducativa.edu.mx\/newspaper\/wp-content\/gallery\/33-favoritewoman13\/PHOTO-2025-04-01-18-54-05.jpg\"\n                 style=\"max-height: 580px;\"\/>\n        <\/a>\n\n        <\/div> \n<div id=\"ngg-image-1\" class=\"ngg-gallery-slideshow-image\" style=\"height:600px\">\n\n        <a href=\"https:\/\/www.villaeducativa.edu.mx\/newspaper\/wp-content\/gallery\/33-favoritewoman13\/PHOTO-2025-04-01-18-54-06.jpg\"\n           title=\"\"\n           data-src=\"https:\/\/www.villaeducativa.edu.mx\/newspaper\/wp-content\/gallery\/33-favoritewoman13\/PHOTO-2025-04-01-18-54-06.jpg\"\n           data-thumbnail=\"https:\/\/www.villaeducativa.edu.mx\/newspaper\/wp-content\/gallery\/33-favoritewoman13\/thumbs\/thumbs_PHOTO-2025-04-01-18-54-06.jpg\"\n           data-image-id=\"61559\"\n           data-title=\"PHOTO-2025-04-01-18-54-06\"\n           data-description=\"\"\n           class=\"ngg-fancybox\" rel=\"60a56332cf280bc7d171a6faa347ad02\">\n\n            <img data-image-id='61559'\n                 title=\"\"\n                 alt=\"PHOTO-2025-04-01-18-54-06\"\n                 src=\"https:\/\/www.villaeducativa.edu.mx\/newspaper\/wp-content\/gallery\/33-favoritewoman13\/PHOTO-2025-04-01-18-54-06.jpg\"\n                 style=\"max-height: 580px;\"\/>\n        <\/a>\n\n        <\/div> \n<div id=\"ngg-image-2\" class=\"ngg-gallery-slideshow-image\" style=\"height:600px\">\n\n        <a href=\"https:\/\/www.villaeducativa.edu.mx\/newspaper\/wp-content\/gallery\/33-favoritewoman13\/PHOTO-2025-04-01-18-54-061.jpg\"\n           title=\"\"\n           data-src=\"https:\/\/www.villaeducativa.edu.mx\/newspaper\/wp-content\/gallery\/33-favoritewoman13\/PHOTO-2025-04-01-18-54-061.jpg\"\n           data-thumbnail=\"https:\/\/www.villaeducativa.edu.mx\/newspaper\/wp-content\/gallery\/33-favoritewoman13\/thumbs\/thumbs_PHOTO-2025-04-01-18-54-061.jpg\"\n           data-image-id=\"61533\"\n           data-title=\"PHOTO-2025-04-01-18-54-061\"\n           data-description=\"\"\n           class=\"ngg-fancybox\" rel=\"60a56332cf280bc7d171a6faa347ad02\">\n\n            <img data-image-id='61533'\n                 title=\"\"\n                 alt=\"PHOTO-2025-04-01-18-54-061\"\n                 src=\"https:\/\/www.villaeducativa.edu.mx\/newspaper\/wp-content\/gallery\/33-favoritewoman13\/PHOTO-2025-04-01-18-54-061.jpg\"\n                 style=\"max-height: 580px;\"\/>\n        <\/a>\n\n        <\/div> \n<div id=\"ngg-image-3\" class=\"ngg-gallery-slideshow-image\" style=\"height:600px\">\n\n        <a href=\"https:\/\/www.villaeducativa.edu.mx\/newspaper\/wp-content\/gallery\/33-favoritewoman13\/PHOTO-2025-04-01-18-54-0610.jpg\"\n           title=\"\"\n           data-src=\"https:\/\/www.villaeducativa.edu.mx\/newspaper\/wp-content\/gallery\/33-favoritewoman13\/PHOTO-2025-04-01-18-54-0610.jpg\"\n           data-thumbnail=\"https:\/\/www.villaeducativa.edu.mx\/newspaper\/wp-content\/gallery\/33-favoritewoman13\/thumbs\/thumbs_PHOTO-2025-04-01-18-54-0610.jpg\"\n           data-image-id=\"61542\"\n           data-title=\"PHOTO-2025-04-01-18-54-0610\"\n           data-description=\"\"\n           class=\"ngg-fancybox\" rel=\"60a56332cf280bc7d171a6faa347ad02\">\n\n            <img data-image-id='61542'\n                 title=\"\"\n                 alt=\"PHOTO-2025-04-01-18-54-0610\"\n                 src=\"https:\/\/www.villaeducativa.edu.mx\/newspaper\/wp-content\/gallery\/33-favoritewoman13\/PHOTO-2025-04-01-18-54-0610.jpg\"\n                 style=\"max-height: 580px;\"\/>\n        <\/a>\n\n        <\/div> \n<div id=\"ngg-image-4\" class=\"ngg-gallery-slideshow-image\" style=\"height:600px\">\n\n        <a href=\"https:\/\/www.villaeducativa.edu.mx\/newspaper\/wp-content\/gallery\/33-favoritewoman13\/PHOTO-2025-04-01-18-54-0611.jpg\"\n           title=\"\"\n           data-src=\"https:\/\/www.villaeducativa.edu.mx\/newspaper\/wp-content\/gallery\/33-favoritewoman13\/PHOTO-2025-04-01-18-54-0611.jpg\"\n           data-thumbnail=\"https:\/\/www.villaeducativa.edu.mx\/newspaper\/wp-content\/gallery\/33-favoritewoman13\/thumbs\/thumbs_PHOTO-2025-04-01-18-54-0611.jpg\"\n           data-image-id=\"61543\"\n           data-title=\"PHOTO-2025-04-01-18-54-0611\"\n           data-description=\"\"\n           class=\"ngg-fancybox\" rel=\"60a56332cf280bc7d171a6faa347ad02\">\n\n            <img data-image-id='61543'\n                 title=\"\"\n                 alt=\"PHOTO-2025-04-01-18-54-0611\"\n                 src=\"https:\/\/www.villaeducativa.edu.mx\/newspaper\/wp-content\/gallery\/33-favoritewoman13\/PHOTO-2025-04-01-18-54-0611.jpg\"\n                 style=\"max-height: 580px;\"\/>\n        <\/a>\n\n        <\/div> \n<div id=\"ngg-image-5\" class=\"ngg-gallery-slideshow-image\" style=\"height:600px\">\n\n        <a href=\"https:\/\/www.villaeducativa.edu.mx\/newspaper\/wp-content\/gallery\/33-favoritewoman13\/PHOTO-2025-04-01-18-54-0612.jpg\"\n           title=\"\"\n           data-src=\"https:\/\/www.villaeducativa.edu.mx\/newspaper\/wp-content\/gallery\/33-favoritewoman13\/PHOTO-2025-04-01-18-54-0612.jpg\"\n           data-thumbnail=\"https:\/\/www.villaeducativa.edu.mx\/newspaper\/wp-content\/gallery\/33-favoritewoman13\/thumbs\/thumbs_PHOTO-2025-04-01-18-54-0612.jpg\"\n           data-image-id=\"61546\"\n           data-title=\"PHOTO-2025-04-01-18-54-0612\"\n           data-description=\"\"\n           class=\"ngg-fancybox\" rel=\"60a56332cf280bc7d171a6faa347ad02\">\n\n            <img data-image-id='61546'\n                 title=\"\"\n                 alt=\"PHOTO-2025-04-01-18-54-0612\"\n                 src=\"https:\/\/www.villaeducativa.edu.mx\/newspaper\/wp-content\/gallery\/33-favoritewoman13\/PHOTO-2025-04-01-18-54-0612.jpg\"\n                 style=\"max-height: 580px;\"\/>\n        <\/a>\n\n        <\/div> \n<div id=\"ngg-image-6\" class=\"ngg-gallery-slideshow-image\" style=\"height:600px\">\n\n        <a href=\"https:\/\/www.villaeducativa.edu.mx\/newspaper\/wp-content\/gallery\/33-favoritewoman13\/PHOTO-2025-04-01-18-54-0613.jpg\"\n           title=\"\"\n           data-src=\"https:\/\/www.villaeducativa.edu.mx\/newspaper\/wp-content\/gallery\/33-favoritewoman13\/PHOTO-2025-04-01-18-54-0613.jpg\"\n           data-thumbnail=\"https:\/\/www.villaeducativa.edu.mx\/newspaper\/wp-content\/gallery\/33-favoritewoman13\/thumbs\/thumbs_PHOTO-2025-04-01-18-54-0613.jpg\"\n           data-image-id=\"61545\"\n           data-title=\"PHOTO-2025-04-01-18-54-0613\"\n           data-description=\"\"\n           class=\"ngg-fancybox\" rel=\"60a56332cf280bc7d171a6faa347ad02\">\n\n            <img data-image-id='61545'\n                 title=\"\"\n                 alt=\"PHOTO-2025-04-01-18-54-0613\"\n                 src=\"https:\/\/www.villaeducativa.edu.mx\/newspaper\/wp-content\/gallery\/33-favoritewoman13\/PHOTO-2025-04-01-18-54-0613.jpg\"\n                 style=\"max-height: 580px;\"\/>\n        <\/a>\n\n        <\/div> \n<div id=\"ngg-image-7\" class=\"ngg-gallery-slideshow-image\" style=\"height:600px\">\n\n        <a href=\"https:\/\/www.villaeducativa.edu.mx\/newspaper\/wp-content\/gallery\/33-favoritewoman13\/PHOTO-2025-04-01-18-54-0614.jpg\"\n           title=\"\"\n           data-src=\"https:\/\/www.villaeducativa.edu.mx\/newspaper\/wp-content\/gallery\/33-favoritewoman13\/PHOTO-2025-04-01-18-54-0614.jpg\"\n           data-thumbnail=\"https:\/\/www.villaeducativa.edu.mx\/newspaper\/wp-content\/gallery\/33-favoritewoman13\/thumbs\/thumbs_PHOTO-2025-04-01-18-54-0614.jpg\"\n           data-image-id=\"61544\"\n           data-title=\"PHOTO-2025-04-01-18-54-0614\"\n           data-description=\"\"\n           class=\"ngg-fancybox\" rel=\"60a56332cf280bc7d171a6faa347ad02\">\n\n            <img data-image-id='61544'\n                 title=\"\"\n                 alt=\"PHOTO-2025-04-01-18-54-0614\"\n                 src=\"https:\/\/www.villaeducativa.edu.mx\/newspaper\/wp-content\/gallery\/33-favoritewoman13\/PHOTO-2025-04-01-18-54-0614.jpg\"\n                 style=\"max-height: 580px;\"\/>\n        <\/a>\n\n        <\/div> \n<div id=\"ngg-image-8\" class=\"ngg-gallery-slideshow-image\" style=\"height:600px\">\n\n        <a href=\"https:\/\/www.villaeducativa.edu.mx\/newspaper\/wp-content\/gallery\/33-favoritewoman13\/PHOTO-2025-04-01-18-54-0615.jpg\"\n           title=\"\"\n           data-src=\"https:\/\/www.villaeducativa.edu.mx\/newspaper\/wp-content\/gallery\/33-favoritewoman13\/PHOTO-2025-04-01-18-54-0615.jpg\"\n           data-thumbnail=\"https:\/\/www.villaeducativa.edu.mx\/newspaper\/wp-content\/gallery\/33-favoritewoman13\/thumbs\/thumbs_PHOTO-2025-04-01-18-54-0615.jpg\"\n           data-image-id=\"61547\"\n           data-title=\"PHOTO-2025-04-01-18-54-0615\"\n           data-description=\"\"\n           class=\"ngg-fancybox\" rel=\"60a56332cf280bc7d171a6faa347ad02\">\n\n            <img data-image-id='61547'\n                 title=\"\"\n                 alt=\"PHOTO-2025-04-01-18-54-0615\"\n                 src=\"https:\/\/www.villaeducativa.edu.mx\/newspaper\/wp-content\/gallery\/33-favoritewoman13\/PHOTO-2025-04-01-18-54-0615.jpg\"\n                 style=\"max-height: 580px;\"\/>\n        <\/a>\n\n        <\/div> \n<div id=\"ngg-image-9\" class=\"ngg-gallery-slideshow-image\" style=\"height:600px\">\n\n        <a href=\"https:\/\/www.villaeducativa.edu.mx\/newspaper\/wp-content\/gallery\/33-favoritewoman13\/PHOTO-2025-04-01-18-54-0616.jpg\"\n           title=\"\"\n           data-src=\"https:\/\/www.villaeducativa.edu.mx\/newspaper\/wp-content\/gallery\/33-favoritewoman13\/PHOTO-2025-04-01-18-54-0616.jpg\"\n           data-thumbnail=\"https:\/\/www.villaeducativa.edu.mx\/newspaper\/wp-content\/gallery\/33-favoritewoman13\/thumbs\/thumbs_PHOTO-2025-04-01-18-54-0616.jpg\"\n           data-image-id=\"61548\"\n           data-title=\"PHOTO-2025-04-01-18-54-0616\"\n           data-description=\"\"\n           class=\"ngg-fancybox\" rel=\"60a56332cf280bc7d171a6faa347ad02\">\n\n            <img data-image-id='61548'\n                 title=\"\"\n                 alt=\"PHOTO-2025-04-01-18-54-0616\"\n                 src=\"https:\/\/www.villaeducativa.edu.mx\/newspaper\/wp-content\/gallery\/33-favoritewoman13\/PHOTO-2025-04-01-18-54-0616.jpg\"\n                 style=\"max-height: 580px;\"\/>\n        <\/a>\n\n        <\/div> \n<div id=\"ngg-image-10\" class=\"ngg-gallery-slideshow-image\" style=\"height:600px\">\n\n        <a href=\"https:\/\/www.villaeducativa.edu.mx\/newspaper\/wp-content\/gallery\/33-favoritewoman13\/PHOTO-2025-04-01-18-54-0617.jpg\"\n           title=\"\"\n           data-src=\"https:\/\/www.villaeducativa.edu.mx\/newspaper\/wp-content\/gallery\/33-favoritewoman13\/PHOTO-2025-04-01-18-54-0617.jpg\"\n           data-thumbnail=\"https:\/\/www.villaeducativa.edu.mx\/newspaper\/wp-content\/gallery\/33-favoritewoman13\/thumbs\/thumbs_PHOTO-2025-04-01-18-54-0617.jpg\"\n           data-image-id=\"61549\"\n           data-title=\"PHOTO-2025-04-01-18-54-0617\"\n           data-description=\"\"\n           class=\"ngg-fancybox\" rel=\"60a56332cf280bc7d171a6faa347ad02\">\n\n            <img data-image-id='61549'\n                 title=\"\"\n                 alt=\"PHOTO-2025-04-01-18-54-0617\"\n                 src=\"https:\/\/www.villaeducativa.edu.mx\/newspaper\/wp-content\/gallery\/33-favoritewoman13\/PHOTO-2025-04-01-18-54-0617.jpg\"\n                 style=\"max-height: 580px;\"\/>\n        <\/a>\n\n        <\/div> \n<div id=\"ngg-image-11\" class=\"ngg-gallery-slideshow-image\" style=\"height:600px\">\n\n        <a href=\"https:\/\/www.villaeducativa.edu.mx\/newspaper\/wp-content\/gallery\/33-favoritewoman13\/PHOTO-2025-04-01-18-54-0618.jpg\"\n           title=\"\"\n           data-src=\"https:\/\/www.villaeducativa.edu.mx\/newspaper\/wp-content\/gallery\/33-favoritewoman13\/PHOTO-2025-04-01-18-54-0618.jpg\"\n           data-thumbnail=\"https:\/\/www.villaeducativa.edu.mx\/newspaper\/wp-content\/gallery\/33-favoritewoman13\/thumbs\/thumbs_PHOTO-2025-04-01-18-54-0618.jpg\"\n           data-image-id=\"61552\"\n           data-title=\"PHOTO-2025-04-01-18-54-0618\"\n           data-description=\"\"\n           class=\"ngg-fancybox\" rel=\"60a56332cf280bc7d171a6faa347ad02\">\n\n            <img data-image-id='61552'\n                 title=\"\"\n                 alt=\"PHOTO-2025-04-01-18-54-0618\"\n                 src=\"https:\/\/www.villaeducativa.edu.mx\/newspaper\/wp-content\/gallery\/33-favoritewoman13\/PHOTO-2025-04-01-18-54-0618.jpg\"\n                 style=\"max-height: 580px;\"\/>\n        <\/a>\n\n        <\/div> \n<div id=\"ngg-image-12\" class=\"ngg-gallery-slideshow-image\" style=\"height:600px\">\n\n        <a href=\"https:\/\/www.villaeducativa.edu.mx\/newspaper\/wp-content\/gallery\/33-favoritewoman13\/PHOTO-2025-04-01-18-54-0619.jpg\"\n           title=\"\"\n           data-src=\"https:\/\/www.villaeducativa.edu.mx\/newspaper\/wp-content\/gallery\/33-favoritewoman13\/PHOTO-2025-04-01-18-54-0619.jpg\"\n           data-thumbnail=\"https:\/\/www.villaeducativa.edu.mx\/newspaper\/wp-content\/gallery\/33-favoritewoman13\/thumbs\/thumbs_PHOTO-2025-04-01-18-54-0619.jpg\"\n           data-image-id=\"61551\"\n           data-title=\"PHOTO-2025-04-01-18-54-0619\"\n           data-description=\"\"\n           class=\"ngg-fancybox\" rel=\"60a56332cf280bc7d171a6faa347ad02\">\n\n            <img data-image-id='61551'\n                 title=\"\"\n                 alt=\"PHOTO-2025-04-01-18-54-0619\"\n                 src=\"https:\/\/www.villaeducativa.edu.mx\/newspaper\/wp-content\/gallery\/33-favoritewoman13\/PHOTO-2025-04-01-18-54-0619.jpg\"\n                 style=\"max-height: 580px;\"\/>\n        <\/a>\n\n        <\/div> \n<div id=\"ngg-image-13\" class=\"ngg-gallery-slideshow-image\" style=\"height:600px\">\n\n        <a href=\"https:\/\/www.villaeducativa.edu.mx\/newspaper\/wp-content\/gallery\/33-favoritewoman13\/PHOTO-2025-04-01-18-54-062.jpg\"\n           title=\"\"\n           data-src=\"https:\/\/www.villaeducativa.edu.mx\/newspaper\/wp-content\/gallery\/33-favoritewoman13\/PHOTO-2025-04-01-18-54-062.jpg\"\n           data-thumbnail=\"https:\/\/www.villaeducativa.edu.mx\/newspaper\/wp-content\/gallery\/33-favoritewoman13\/thumbs\/thumbs_PHOTO-2025-04-01-18-54-062.jpg\"\n           data-image-id=\"61534\"\n           data-title=\"PHOTO-2025-04-01-18-54-062\"\n           data-description=\"\"\n           class=\"ngg-fancybox\" rel=\"60a56332cf280bc7d171a6faa347ad02\">\n\n            <img data-image-id='61534'\n                 title=\"\"\n                 alt=\"PHOTO-2025-04-01-18-54-062\"\n                 src=\"https:\/\/www.villaeducativa.edu.mx\/newspaper\/wp-content\/gallery\/33-favoritewoman13\/PHOTO-2025-04-01-18-54-062.jpg\"\n                 style=\"max-height: 580px;\"\/>\n        <\/a>\n\n        <\/div> \n<div id=\"ngg-image-14\" class=\"ngg-gallery-slideshow-image\" style=\"height:600px\">\n\n        <a href=\"https:\/\/www.villaeducativa.edu.mx\/newspaper\/wp-content\/gallery\/33-favoritewoman13\/PHOTO-2025-04-01-18-54-0620.jpg\"\n           title=\"\"\n           data-src=\"https:\/\/www.villaeducativa.edu.mx\/newspaper\/wp-content\/gallery\/33-favoritewoman13\/PHOTO-2025-04-01-18-54-0620.jpg\"\n           data-thumbnail=\"https:\/\/www.villaeducativa.edu.mx\/newspaper\/wp-content\/gallery\/33-favoritewoman13\/thumbs\/thumbs_PHOTO-2025-04-01-18-54-0620.jpg\"\n           data-image-id=\"61553\"\n           data-title=\"PHOTO-2025-04-01-18-54-0620\"\n           data-description=\"\"\n           class=\"ngg-fancybox\" rel=\"60a56332cf280bc7d171a6faa347ad02\">\n\n            <img data-image-id='61553'\n                 title=\"\"\n                 alt=\"PHOTO-2025-04-01-18-54-0620\"\n                 src=\"https:\/\/www.villaeducativa.edu.mx\/newspaper\/wp-content\/gallery\/33-favoritewoman13\/PHOTO-2025-04-01-18-54-0620.jpg\"\n                 style=\"max-height: 580px;\"\/>\n        <\/a>\n\n        <\/div> \n<div id=\"ngg-image-15\" class=\"ngg-gallery-slideshow-image\" style=\"height:600px\">\n\n        <a href=\"https:\/\/www.villaeducativa.edu.mx\/newspaper\/wp-content\/gallery\/33-favoritewoman13\/PHOTO-2025-04-01-18-54-0621.jpg\"\n           title=\"\"\n           data-src=\"https:\/\/www.villaeducativa.edu.mx\/newspaper\/wp-content\/gallery\/33-favoritewoman13\/PHOTO-2025-04-01-18-54-0621.jpg\"\n           data-thumbnail=\"https:\/\/www.villaeducativa.edu.mx\/newspaper\/wp-content\/gallery\/33-favoritewoman13\/thumbs\/thumbs_PHOTO-2025-04-01-18-54-0621.jpg\"\n           data-image-id=\"61550\"\n           data-title=\"PHOTO-2025-04-01-18-54-0621\"\n           data-description=\"\"\n           class=\"ngg-fancybox\" rel=\"60a56332cf280bc7d171a6faa347ad02\">\n\n            <img data-image-id='61550'\n                 title=\"\"\n                 alt=\"PHOTO-2025-04-01-18-54-0621\"\n                 src=\"https:\/\/www.villaeducativa.edu.mx\/newspaper\/wp-content\/gallery\/33-favoritewoman13\/PHOTO-2025-04-01-18-54-0621.jpg\"\n                 style=\"max-height: 580px;\"\/>\n        <\/a>\n\n        <\/div> \n<div id=\"ngg-image-16\" class=\"ngg-gallery-slideshow-image\" style=\"height:600px\">\n\n        <a href=\"https:\/\/www.villaeducativa.edu.mx\/newspaper\/wp-content\/gallery\/33-favoritewoman13\/PHOTO-2025-04-01-18-54-0622.jpg\"\n           title=\"\"\n           data-src=\"https:\/\/www.villaeducativa.edu.mx\/newspaper\/wp-content\/gallery\/33-favoritewoman13\/PHOTO-2025-04-01-18-54-0622.jpg\"\n           data-thumbnail=\"https:\/\/www.villaeducativa.edu.mx\/newspaper\/wp-content\/gallery\/33-favoritewoman13\/thumbs\/thumbs_PHOTO-2025-04-01-18-54-0622.jpg\"\n           data-image-id=\"61554\"\n           data-title=\"PHOTO-2025-04-01-18-54-0622\"\n           data-description=\"\"\n           class=\"ngg-fancybox\" rel=\"60a56332cf280bc7d171a6faa347ad02\">\n\n            <img data-image-id='61554'\n                 title=\"\"\n                 alt=\"PHOTO-2025-04-01-18-54-0622\"\n                 src=\"https:\/\/www.villaeducativa.edu.mx\/newspaper\/wp-content\/gallery\/33-favoritewoman13\/PHOTO-2025-04-01-18-54-0622.jpg\"\n                 style=\"max-height: 580px;\"\/>\n        <\/a>\n\n        <\/div> \n<div id=\"ngg-image-17\" class=\"ngg-gallery-slideshow-image\" style=\"height:600px\">\n\n        <a href=\"https:\/\/www.villaeducativa.edu.mx\/newspaper\/wp-content\/gallery\/33-favoritewoman13\/PHOTO-2025-04-01-18-54-0623.jpg\"\n           title=\"\"\n           data-src=\"https:\/\/www.villaeducativa.edu.mx\/newspaper\/wp-content\/gallery\/33-favoritewoman13\/PHOTO-2025-04-01-18-54-0623.jpg\"\n           data-thumbnail=\"https:\/\/www.villaeducativa.edu.mx\/newspaper\/wp-content\/gallery\/33-favoritewoman13\/thumbs\/thumbs_PHOTO-2025-04-01-18-54-0623.jpg\"\n           data-image-id=\"61555\"\n           data-title=\"PHOTO-2025-04-01-18-54-0623\"\n           data-description=\"\"\n           class=\"ngg-fancybox\" rel=\"60a56332cf280bc7d171a6faa347ad02\">\n\n            <img data-image-id='61555'\n                 title=\"\"\n                 alt=\"PHOTO-2025-04-01-18-54-0623\"\n                 src=\"https:\/\/www.villaeducativa.edu.mx\/newspaper\/wp-content\/gallery\/33-favoritewoman13\/PHOTO-2025-04-01-18-54-0623.jpg\"\n                 style=\"max-height: 580px;\"\/>\n        <\/a>\n\n        <\/div> \n<div id=\"ngg-image-18\" class=\"ngg-gallery-slideshow-image\" style=\"height:600px\">\n\n        <a href=\"https:\/\/www.villaeducativa.edu.mx\/newspaper\/wp-content\/gallery\/33-favoritewoman13\/PHOTO-2025-04-01-18-54-0624.jpg\"\n           title=\"\"\n           data-src=\"https:\/\/www.villaeducativa.edu.mx\/newspaper\/wp-content\/gallery\/33-favoritewoman13\/PHOTO-2025-04-01-18-54-0624.jpg\"\n           data-thumbnail=\"https:\/\/www.villaeducativa.edu.mx\/newspaper\/wp-content\/gallery\/33-favoritewoman13\/thumbs\/thumbs_PHOTO-2025-04-01-18-54-0624.jpg\"\n           data-image-id=\"61557\"\n           data-title=\"PHOTO-2025-04-01-18-54-0624\"\n           data-description=\"\"\n           class=\"ngg-fancybox\" rel=\"60a56332cf280bc7d171a6faa347ad02\">\n\n            <img data-image-id='61557'\n                 title=\"\"\n                 alt=\"PHOTO-2025-04-01-18-54-0624\"\n                 src=\"https:\/\/www.villaeducativa.edu.mx\/newspaper\/wp-content\/gallery\/33-favoritewoman13\/PHOTO-2025-04-01-18-54-0624.jpg\"\n                 style=\"max-height: 580px;\"\/>\n        <\/a>\n\n        <\/div> \n<div id=\"ngg-image-19\" class=\"ngg-gallery-slideshow-image\" style=\"height:600px\">\n\n        <a href=\"https:\/\/www.villaeducativa.edu.mx\/newspaper\/wp-content\/gallery\/33-favoritewoman13\/PHOTO-2025-04-01-18-54-0625.jpg\"\n           title=\"\"\n           data-src=\"https:\/\/www.villaeducativa.edu.mx\/newspaper\/wp-content\/gallery\/33-favoritewoman13\/PHOTO-2025-04-01-18-54-0625.jpg\"\n           data-thumbnail=\"https:\/\/www.villaeducativa.edu.mx\/newspaper\/wp-content\/gallery\/33-favoritewoman13\/thumbs\/thumbs_PHOTO-2025-04-01-18-54-0625.jpg\"\n           data-image-id=\"61558\"\n           data-title=\"PHOTO-2025-04-01-18-54-0625\"\n           data-description=\"\"\n           class=\"ngg-fancybox\" rel=\"60a56332cf280bc7d171a6faa347ad02\">\n\n            <img data-image-id='61558'\n                 title=\"\"\n                 alt=\"PHOTO-2025-04-01-18-54-0625\"\n                 src=\"https:\/\/www.villaeducativa.edu.mx\/newspaper\/wp-content\/gallery\/33-favoritewoman13\/PHOTO-2025-04-01-18-54-0625.jpg\"\n                 style=\"max-height: 580px;\"\/>\n        <\/a>\n\n        <\/div> \n<div id=\"ngg-image-20\" class=\"ngg-gallery-slideshow-image\" style=\"height:600px\">\n\n        <a href=\"https:\/\/www.villaeducativa.edu.mx\/newspaper\/wp-content\/gallery\/33-favoritewoman13\/PHOTO-2025-04-01-18-54-0626.jpg\"\n           title=\"\"\n           data-src=\"https:\/\/www.villaeducativa.edu.mx\/newspaper\/wp-content\/gallery\/33-favoritewoman13\/PHOTO-2025-04-01-18-54-0626.jpg\"\n           data-thumbnail=\"https:\/\/www.villaeducativa.edu.mx\/newspaper\/wp-content\/gallery\/33-favoritewoman13\/thumbs\/thumbs_PHOTO-2025-04-01-18-54-0626.jpg\"\n           data-image-id=\"61556\"\n           data-title=\"PHOTO-2025-04-01-18-54-0626\"\n           data-description=\"\"\n           class=\"ngg-fancybox\" rel=\"60a56332cf280bc7d171a6faa347ad02\">\n\n            <img data-image-id='61556'\n                 title=\"\"\n                 alt=\"PHOTO-2025-04-01-18-54-0626\"\n                 src=\"https:\/\/www.villaeducativa.edu.mx\/newspaper\/wp-content\/gallery\/33-favoritewoman13\/PHOTO-2025-04-01-18-54-0626.jpg\"\n                 style=\"max-height: 580px;\"\/>\n        <\/a>\n\n        <\/div> \n<div id=\"ngg-image-21\" class=\"ngg-gallery-slideshow-image\" style=\"height:600px\">\n\n        <a href=\"https:\/\/www.villaeducativa.edu.mx\/newspaper\/wp-content\/gallery\/33-favoritewoman13\/PHOTO-2025-04-01-18-54-063.jpg\"\n           title=\"\"\n           data-src=\"https:\/\/www.villaeducativa.edu.mx\/newspaper\/wp-content\/gallery\/33-favoritewoman13\/PHOTO-2025-04-01-18-54-063.jpg\"\n           data-thumbnail=\"https:\/\/www.villaeducativa.edu.mx\/newspaper\/wp-content\/gallery\/33-favoritewoman13\/thumbs\/thumbs_PHOTO-2025-04-01-18-54-063.jpg\"\n           data-image-id=\"61535\"\n           data-title=\"PHOTO-2025-04-01-18-54-063\"\n           data-description=\"\"\n           class=\"ngg-fancybox\" rel=\"60a56332cf280bc7d171a6faa347ad02\">\n\n            <img data-image-id='61535'\n                 title=\"\"\n                 alt=\"PHOTO-2025-04-01-18-54-063\"\n                 src=\"https:\/\/www.villaeducativa.edu.mx\/newspaper\/wp-content\/gallery\/33-favoritewoman13\/PHOTO-2025-04-01-18-54-063.jpg\"\n                 style=\"max-height: 580px;\"\/>\n        <\/a>\n\n        <\/div> \n<div id=\"ngg-image-22\" class=\"ngg-gallery-slideshow-image\" style=\"height:600px\">\n\n        <a href=\"https:\/\/www.villaeducativa.edu.mx\/newspaper\/wp-content\/gallery\/33-favoritewoman13\/PHOTO-2025-04-01-18-54-064.jpg\"\n           title=\"\"\n           data-src=\"https:\/\/www.villaeducativa.edu.mx\/newspaper\/wp-content\/gallery\/33-favoritewoman13\/PHOTO-2025-04-01-18-54-064.jpg\"\n           data-thumbnail=\"https:\/\/www.villaeducativa.edu.mx\/newspaper\/wp-content\/gallery\/33-favoritewoman13\/thumbs\/thumbs_PHOTO-2025-04-01-18-54-064.jpg\"\n           data-image-id=\"61536\"\n           data-title=\"PHOTO-2025-04-01-18-54-064\"\n           data-description=\"\"\n           class=\"ngg-fancybox\" rel=\"60a56332cf280bc7d171a6faa347ad02\">\n\n            <img data-image-id='61536'\n                 title=\"\"\n                 alt=\"PHOTO-2025-04-01-18-54-064\"\n                 src=\"https:\/\/www.villaeducativa.edu.mx\/newspaper\/wp-content\/gallery\/33-favoritewoman13\/PHOTO-2025-04-01-18-54-064.jpg\"\n                 style=\"max-height: 580px;\"\/>\n        <\/a>\n\n        <\/div> \n<div id=\"ngg-image-23\" class=\"ngg-gallery-slideshow-image\" style=\"height:600px\">\n\n        <a href=\"https:\/\/www.villaeducativa.edu.mx\/newspaper\/wp-content\/gallery\/33-favoritewoman13\/PHOTO-2025-04-01-18-54-065.jpg\"\n           title=\"\"\n           data-src=\"https:\/\/www.villaeducativa.edu.mx\/newspaper\/wp-content\/gallery\/33-favoritewoman13\/PHOTO-2025-04-01-18-54-065.jpg\"\n           data-thumbnail=\"https:\/\/www.villaeducativa.edu.mx\/newspaper\/wp-content\/gallery\/33-favoritewoman13\/thumbs\/thumbs_PHOTO-2025-04-01-18-54-065.jpg\"\n           data-image-id=\"61537\"\n           data-title=\"PHOTO-2025-04-01-18-54-065\"\n           data-description=\"\"\n           class=\"ngg-fancybox\" rel=\"60a56332cf280bc7d171a6faa347ad02\">\n\n            <img data-image-id='61537'\n                 title=\"\"\n                 alt=\"PHOTO-2025-04-01-18-54-065\"\n                 src=\"https:\/\/www.villaeducativa.edu.mx\/newspaper\/wp-content\/gallery\/33-favoritewoman13\/PHOTO-2025-04-01-18-54-065.jpg\"\n                 style=\"max-height: 580px;\"\/>\n        <\/a>\n\n        <\/div> \n<div id=\"ngg-image-24\" class=\"ngg-gallery-slideshow-image\" style=\"height:600px\">\n\n        <a href=\"https:\/\/www.villaeducativa.edu.mx\/newspaper\/wp-content\/gallery\/33-favoritewoman13\/PHOTO-2025-04-01-18-54-066.jpg\"\n           title=\"\"\n           data-src=\"https:\/\/www.villaeducativa.edu.mx\/newspaper\/wp-content\/gallery\/33-favoritewoman13\/PHOTO-2025-04-01-18-54-066.jpg\"\n           data-thumbnail=\"https:\/\/www.villaeducativa.edu.mx\/newspaper\/wp-content\/gallery\/33-favoritewoman13\/thumbs\/thumbs_PHOTO-2025-04-01-18-54-066.jpg\"\n           data-image-id=\"61538\"\n           data-title=\"PHOTO-2025-04-01-18-54-066\"\n           data-description=\"\"\n           class=\"ngg-fancybox\" rel=\"60a56332cf280bc7d171a6faa347ad02\">\n\n            <img data-image-id='61538'\n                 title=\"\"\n                 alt=\"PHOTO-2025-04-01-18-54-066\"\n                 src=\"https:\/\/www.villaeducativa.edu.mx\/newspaper\/wp-content\/gallery\/33-favoritewoman13\/PHOTO-2025-04-01-18-54-066.jpg\"\n                 style=\"max-height: 580px;\"\/>\n        <\/a>\n\n        <\/div> \n<div id=\"ngg-image-25\" class=\"ngg-gallery-slideshow-image\" style=\"height:600px\">\n\n        <a href=\"https:\/\/www.villaeducativa.edu.mx\/newspaper\/wp-content\/gallery\/33-favoritewoman13\/PHOTO-2025-04-01-18-54-067.jpg\"\n           title=\"\"\n           data-src=\"https:\/\/www.villaeducativa.edu.mx\/newspaper\/wp-content\/gallery\/33-favoritewoman13\/PHOTO-2025-04-01-18-54-067.jpg\"\n           data-thumbnail=\"https:\/\/www.villaeducativa.edu.mx\/newspaper\/wp-content\/gallery\/33-favoritewoman13\/thumbs\/thumbs_PHOTO-2025-04-01-18-54-067.jpg\"\n           data-image-id=\"61539\"\n           data-title=\"PHOTO-2025-04-01-18-54-067\"\n           data-description=\"\"\n           class=\"ngg-fancybox\" rel=\"60a56332cf280bc7d171a6faa347ad02\">\n\n            <img data-image-id='61539'\n                 title=\"\"\n                 alt=\"PHOTO-2025-04-01-18-54-067\"\n                 src=\"https:\/\/www.villaeducativa.edu.mx\/newspaper\/wp-content\/gallery\/33-favoritewoman13\/PHOTO-2025-04-01-18-54-067.jpg\"\n                 style=\"max-height: 580px;\"\/>\n        <\/a>\n\n        <\/div> \n<div id=\"ngg-image-26\" class=\"ngg-gallery-slideshow-image\" style=\"height:600px\">\n\n        <a href=\"https:\/\/www.villaeducativa.edu.mx\/newspaper\/wp-content\/gallery\/33-favoritewoman13\/PHOTO-2025-04-01-18-54-068.jpg\"\n           title=\"\"\n           data-src=\"https:\/\/www.villaeducativa.edu.mx\/newspaper\/wp-content\/gallery\/33-favoritewoman13\/PHOTO-2025-04-01-18-54-068.jpg\"\n           data-thumbnail=\"https:\/\/www.villaeducativa.edu.mx\/newspaper\/wp-content\/gallery\/33-favoritewoman13\/thumbs\/thumbs_PHOTO-2025-04-01-18-54-068.jpg\"\n           data-image-id=\"61541\"\n           data-title=\"PHOTO-2025-04-01-18-54-068\"\n           data-description=\"\"\n           class=\"ngg-fancybox\" rel=\"60a56332cf280bc7d171a6faa347ad02\">\n\n            <img data-image-id='61541'\n                 title=\"\"\n                 alt=\"PHOTO-2025-04-01-18-54-068\"\n                 src=\"https:\/\/www.villaeducativa.edu.mx\/newspaper\/wp-content\/gallery\/33-favoritewoman13\/PHOTO-2025-04-01-18-54-068.jpg\"\n                 style=\"max-height: 580px;\"\/>\n        <\/a>\n\n        <\/div> \n<div id=\"ngg-image-27\" class=\"ngg-gallery-slideshow-image\" style=\"height:600px\">\n\n        <a href=\"https:\/\/www.villaeducativa.edu.mx\/newspaper\/wp-content\/gallery\/33-favoritewoman13\/PHOTO-2025-04-01-18-54-069.jpg\"\n           title=\"\"\n           data-src=\"https:\/\/www.villaeducativa.edu.mx\/newspaper\/wp-content\/gallery\/33-favoritewoman13\/PHOTO-2025-04-01-18-54-069.jpg\"\n           data-thumbnail=\"https:\/\/www.villaeducativa.edu.mx\/newspaper\/wp-content\/gallery\/33-favoritewoman13\/thumbs\/thumbs_PHOTO-2025-04-01-18-54-069.jpg\"\n           data-image-id=\"61540\"\n           data-title=\"PHOTO-2025-04-01-18-54-069\"\n           data-description=\"\"\n           class=\"ngg-fancybox\" rel=\"60a56332cf280bc7d171a6faa347ad02\">\n\n            <img data-image-id='61540'\n                 title=\"\"\n                 alt=\"PHOTO-2025-04-01-18-54-069\"\n                 src=\"https:\/\/www.villaeducativa.edu.mx\/newspaper\/wp-content\/gallery\/33-favoritewoman13\/PHOTO-2025-04-01-18-54-069.jpg\"\n                 style=\"max-height: 580px;\"\/>\n        <\/a>\n\n        <\/div> \n<div id=\"ngg-image-28\" class=\"ngg-gallery-slideshow-image\" style=\"height:600px\">\n\n        <a href=\"https:\/\/www.villaeducativa.edu.mx\/newspaper\/wp-content\/gallery\/33-favoritewoman13\/PHOTO-2025-04-01-18-54-07.jpg\"\n           title=\"\"\n           data-src=\"https:\/\/www.villaeducativa.edu.mx\/newspaper\/wp-content\/gallery\/33-favoritewoman13\/PHOTO-2025-04-01-18-54-07.jpg\"\n           data-thumbnail=\"https:\/\/www.villaeducativa.edu.mx\/newspaper\/wp-content\/gallery\/33-favoritewoman13\/thumbs\/thumbs_PHOTO-2025-04-01-18-54-07.jpg\"\n           data-image-id=\"61571\"\n           data-title=\"PHOTO-2025-04-01-18-54-07\"\n           data-description=\"\"\n           class=\"ngg-fancybox\" rel=\"60a56332cf280bc7d171a6faa347ad02\">\n\n            <img data-image-id='61571'\n                 title=\"\"\n                 alt=\"PHOTO-2025-04-01-18-54-07\"\n                 src=\"https:\/\/www.villaeducativa.edu.mx\/newspaper\/wp-content\/gallery\/33-favoritewoman13\/PHOTO-2025-04-01-18-54-07.jpg\"\n                 style=\"max-height: 580px;\"\/>\n        <\/a>\n\n        <\/div> \n<div id=\"ngg-image-29\" class=\"ngg-gallery-slideshow-image\" style=\"height:600px\">\n\n        <a href=\"https:\/\/www.villaeducativa.edu.mx\/newspaper\/wp-content\/gallery\/33-favoritewoman13\/PHOTO-2025-04-01-18-54-071.jpg\"\n           title=\"\"\n           data-src=\"https:\/\/www.villaeducativa.edu.mx\/newspaper\/wp-content\/gallery\/33-favoritewoman13\/PHOTO-2025-04-01-18-54-071.jpg\"\n           data-thumbnail=\"https:\/\/www.villaeducativa.edu.mx\/newspaper\/wp-content\/gallery\/33-favoritewoman13\/thumbs\/thumbs_PHOTO-2025-04-01-18-54-071.jpg\"\n           data-image-id=\"61560\"\n           data-title=\"PHOTO-2025-04-01-18-54-071\"\n           data-description=\"\"\n           class=\"ngg-fancybox\" rel=\"60a56332cf280bc7d171a6faa347ad02\">\n\n            <img data-image-id='61560'\n                 title=\"\"\n                 alt=\"PHOTO-2025-04-01-18-54-071\"\n                 src=\"https:\/\/www.villaeducativa.edu.mx\/newspaper\/wp-content\/gallery\/33-favoritewoman13\/PHOTO-2025-04-01-18-54-071.jpg\"\n                 style=\"max-height: 580px;\"\/>\n        <\/a>\n\n        <\/div> \n<div id=\"ngg-image-30\" class=\"ngg-gallery-slideshow-image\" style=\"height:600px\">\n\n        <a href=\"https:\/\/www.villaeducativa.edu.mx\/newspaper\/wp-content\/gallery\/33-favoritewoman13\/PHOTO-2025-04-01-18-54-0710.jpg\"\n           title=\"\"\n           data-src=\"https:\/\/www.villaeducativa.edu.mx\/newspaper\/wp-content\/gallery\/33-favoritewoman13\/PHOTO-2025-04-01-18-54-0710.jpg\"\n           data-thumbnail=\"https:\/\/www.villaeducativa.edu.mx\/newspaper\/wp-content\/gallery\/33-favoritewoman13\/thumbs\/thumbs_PHOTO-2025-04-01-18-54-0710.jpg\"\n           data-image-id=\"61568\"\n           data-title=\"PHOTO-2025-04-01-18-54-0710\"\n           data-description=\"\"\n           class=\"ngg-fancybox\" rel=\"60a56332cf280bc7d171a6faa347ad02\">\n\n            <img data-image-id='61568'\n                 title=\"\"\n                 alt=\"PHOTO-2025-04-01-18-54-0710\"\n                 src=\"https:\/\/www.villaeducativa.edu.mx\/newspaper\/wp-content\/gallery\/33-favoritewoman13\/PHOTO-2025-04-01-18-54-0710.jpg\"\n                 style=\"max-height: 580px;\"\/>\n        <\/a>\n\n        <\/div> \n<div id=\"ngg-image-31\" class=\"ngg-gallery-slideshow-image\" style=\"height:600px\">\n\n        <a href=\"https:\/\/www.villaeducativa.edu.mx\/newspaper\/wp-content\/gallery\/33-favoritewoman13\/PHOTO-2025-04-01-18-54-0711.jpg\"\n           title=\"\"\n           data-src=\"https:\/\/www.villaeducativa.edu.mx\/newspaper\/wp-content\/gallery\/33-favoritewoman13\/PHOTO-2025-04-01-18-54-0711.jpg\"\n           data-thumbnail=\"https:\/\/www.villaeducativa.edu.mx\/newspaper\/wp-content\/gallery\/33-favoritewoman13\/thumbs\/thumbs_PHOTO-2025-04-01-18-54-0711.jpg\"\n           data-image-id=\"61569\"\n           data-title=\"PHOTO-2025-04-01-18-54-0711\"\n           data-description=\"\"\n           class=\"ngg-fancybox\" rel=\"60a56332cf280bc7d171a6faa347ad02\">\n\n            <img data-image-id='61569'\n                 title=\"\"\n                 alt=\"PHOTO-2025-04-01-18-54-0711\"\n                 src=\"https:\/\/www.villaeducativa.edu.mx\/newspaper\/wp-content\/gallery\/33-favoritewoman13\/PHOTO-2025-04-01-18-54-0711.jpg\"\n                 style=\"max-height: 580px;\"\/>\n        <\/a>\n\n        <\/div> \n<div id=\"ngg-image-32\" class=\"ngg-gallery-slideshow-image\" style=\"height:600px\">\n\n        <a href=\"https:\/\/www.villaeducativa.edu.mx\/newspaper\/wp-content\/gallery\/33-favoritewoman13\/PHOTO-2025-04-01-18-54-072.jpg\"\n           title=\"\"\n           data-src=\"https:\/\/www.villaeducativa.edu.mx\/newspaper\/wp-content\/gallery\/33-favoritewoman13\/PHOTO-2025-04-01-18-54-072.jpg\"\n           data-thumbnail=\"https:\/\/www.villaeducativa.edu.mx\/newspaper\/wp-content\/gallery\/33-favoritewoman13\/thumbs\/thumbs_PHOTO-2025-04-01-18-54-072.jpg\"\n           data-image-id=\"61561\"\n           data-title=\"PHOTO-2025-04-01-18-54-072\"\n           data-description=\"\"\n           class=\"ngg-fancybox\" rel=\"60a56332cf280bc7d171a6faa347ad02\">\n\n            <img data-image-id='61561'\n                 title=\"\"\n                 alt=\"PHOTO-2025-04-01-18-54-072\"\n                 src=\"https:\/\/www.villaeducativa.edu.mx\/newspaper\/wp-content\/gallery\/33-favoritewoman13\/PHOTO-2025-04-01-18-54-072.jpg\"\n                 style=\"max-height: 580px;\"\/>\n        <\/a>\n\n        <\/div> \n<div id=\"ngg-image-33\" class=\"ngg-gallery-slideshow-image\" style=\"height:600px\">\n\n        <a href=\"https:\/\/www.villaeducativa.edu.mx\/newspaper\/wp-content\/gallery\/33-favoritewoman13\/PHOTO-2025-04-01-18-54-073.jpg\"\n           title=\"\"\n           data-src=\"https:\/\/www.villaeducativa.edu.mx\/newspaper\/wp-content\/gallery\/33-favoritewoman13\/PHOTO-2025-04-01-18-54-073.jpg\"\n           data-thumbnail=\"https:\/\/www.villaeducativa.edu.mx\/newspaper\/wp-content\/gallery\/33-favoritewoman13\/thumbs\/thumbs_PHOTO-2025-04-01-18-54-073.jpg\"\n           data-image-id=\"61562\"\n           data-title=\"PHOTO-2025-04-01-18-54-073\"\n           data-description=\"\"\n           class=\"ngg-fancybox\" rel=\"60a56332cf280bc7d171a6faa347ad02\">\n\n            <img data-image-id='61562'\n                 title=\"\"\n                 alt=\"PHOTO-2025-04-01-18-54-073\"\n                 src=\"https:\/\/www.villaeducativa.edu.mx\/newspaper\/wp-content\/gallery\/33-favoritewoman13\/PHOTO-2025-04-01-18-54-073.jpg\"\n                 style=\"max-height: 580px;\"\/>\n        <\/a>\n\n        <\/div> \n<div id=\"ngg-image-34\" class=\"ngg-gallery-slideshow-image\" style=\"height:600px\">\n\n        <a href=\"https:\/\/www.villaeducativa.edu.mx\/newspaper\/wp-content\/gallery\/33-favoritewoman13\/PHOTO-2025-04-01-18-54-074.jpg\"\n           title=\"\"\n           data-src=\"https:\/\/www.villaeducativa.edu.mx\/newspaper\/wp-content\/gallery\/33-favoritewoman13\/PHOTO-2025-04-01-18-54-074.jpg\"\n           data-thumbnail=\"https:\/\/www.villaeducativa.edu.mx\/newspaper\/wp-content\/gallery\/33-favoritewoman13\/thumbs\/thumbs_PHOTO-2025-04-01-18-54-074.jpg\"\n           data-image-id=\"61565\"\n           data-title=\"PHOTO-2025-04-01-18-54-074\"\n           data-description=\"\"\n           class=\"ngg-fancybox\" rel=\"60a56332cf280bc7d171a6faa347ad02\">\n\n            <img data-image-id='61565'\n                 title=\"\"\n                 alt=\"PHOTO-2025-04-01-18-54-074\"\n                 src=\"https:\/\/www.villaeducativa.edu.mx\/newspaper\/wp-content\/gallery\/33-favoritewoman13\/PHOTO-2025-04-01-18-54-074.jpg\"\n                 style=\"max-height: 580px;\"\/>\n        <\/a>\n\n        <\/div> \n<div id=\"ngg-image-35\" class=\"ngg-gallery-slideshow-image\" style=\"height:600px\">\n\n        <a href=\"https:\/\/www.villaeducativa.edu.mx\/newspaper\/wp-content\/gallery\/33-favoritewoman13\/PHOTO-2025-04-01-18-54-075.jpg\"\n           title=\"\"\n           data-src=\"https:\/\/www.villaeducativa.edu.mx\/newspaper\/wp-content\/gallery\/33-favoritewoman13\/PHOTO-2025-04-01-18-54-075.jpg\"\n           data-thumbnail=\"https:\/\/www.villaeducativa.edu.mx\/newspaper\/wp-content\/gallery\/33-favoritewoman13\/thumbs\/thumbs_PHOTO-2025-04-01-18-54-075.jpg\"\n           data-image-id=\"61563\"\n           data-title=\"PHOTO-2025-04-01-18-54-075\"\n           data-description=\"\"\n           class=\"ngg-fancybox\" rel=\"60a56332cf280bc7d171a6faa347ad02\">\n\n            <img data-image-id='61563'\n                 title=\"\"\n                 alt=\"PHOTO-2025-04-01-18-54-075\"\n                 src=\"https:\/\/www.villaeducativa.edu.mx\/newspaper\/wp-content\/gallery\/33-favoritewoman13\/PHOTO-2025-04-01-18-54-075.jpg\"\n                 style=\"max-height: 580px;\"\/>\n        <\/a>\n\n        <\/div> \n<div id=\"ngg-image-36\" class=\"ngg-gallery-slideshow-image\" style=\"height:600px\">\n\n        <a href=\"https:\/\/www.villaeducativa.edu.mx\/newspaper\/wp-content\/gallery\/33-favoritewoman13\/PHOTO-2025-04-01-18-54-076.jpg\"\n           title=\"\"\n           data-src=\"https:\/\/www.villaeducativa.edu.mx\/newspaper\/wp-content\/gallery\/33-favoritewoman13\/PHOTO-2025-04-01-18-54-076.jpg\"\n           data-thumbnail=\"https:\/\/www.villaeducativa.edu.mx\/newspaper\/wp-content\/gallery\/33-favoritewoman13\/thumbs\/thumbs_PHOTO-2025-04-01-18-54-076.jpg\"\n           data-image-id=\"61564\"\n           data-title=\"PHOTO-2025-04-01-18-54-076\"\n           data-description=\"\"\n           class=\"ngg-fancybox\" rel=\"60a56332cf280bc7d171a6faa347ad02\">\n\n            <img data-image-id='61564'\n                 title=\"\"\n                 alt=\"PHOTO-2025-04-01-18-54-076\"\n                 src=\"https:\/\/www.villaeducativa.edu.mx\/newspaper\/wp-content\/gallery\/33-favoritewoman13\/PHOTO-2025-04-01-18-54-076.jpg\"\n                 style=\"max-height: 580px;\"\/>\n        <\/a>\n\n        <\/div> \n<div id=\"ngg-image-37\" class=\"ngg-gallery-slideshow-image\" style=\"height:600px\">\n\n        <a href=\"https:\/\/www.villaeducativa.edu.mx\/newspaper\/wp-content\/gallery\/33-favoritewoman13\/PHOTO-2025-04-01-18-54-077.jpg\"\n           title=\"\"\n           data-src=\"https:\/\/www.villaeducativa.edu.mx\/newspaper\/wp-content\/gallery\/33-favoritewoman13\/PHOTO-2025-04-01-18-54-077.jpg\"\n           data-thumbnail=\"https:\/\/www.villaeducativa.edu.mx\/newspaper\/wp-content\/gallery\/33-favoritewoman13\/thumbs\/thumbs_PHOTO-2025-04-01-18-54-077.jpg\"\n           data-image-id=\"61566\"\n           data-title=\"PHOTO-2025-04-01-18-54-077\"\n           data-description=\"\"\n           class=\"ngg-fancybox\" rel=\"60a56332cf280bc7d171a6faa347ad02\">\n\n            <img data-image-id='61566'\n                 title=\"\"\n                 alt=\"PHOTO-2025-04-01-18-54-077\"\n                 src=\"https:\/\/www.villaeducativa.edu.mx\/newspaper\/wp-content\/gallery\/33-favoritewoman13\/PHOTO-2025-04-01-18-54-077.jpg\"\n                 style=\"max-height: 580px;\"\/>\n        <\/a>\n\n        <\/div> \n<div id=\"ngg-image-38\" class=\"ngg-gallery-slideshow-image\" style=\"height:600px\">\n\n        <a href=\"https:\/\/www.villaeducativa.edu.mx\/newspaper\/wp-content\/gallery\/33-favoritewoman13\/PHOTO-2025-04-01-18-54-078.jpg\"\n           title=\"\"\n           data-src=\"https:\/\/www.villaeducativa.edu.mx\/newspaper\/wp-content\/gallery\/33-favoritewoman13\/PHOTO-2025-04-01-18-54-078.jpg\"\n           data-thumbnail=\"https:\/\/www.villaeducativa.edu.mx\/newspaper\/wp-content\/gallery\/33-favoritewoman13\/thumbs\/thumbs_PHOTO-2025-04-01-18-54-078.jpg\"\n           data-image-id=\"61570\"\n           data-title=\"PHOTO-2025-04-01-18-54-078\"\n           data-description=\"\"\n           class=\"ngg-fancybox\" rel=\"60a56332cf280bc7d171a6faa347ad02\">\n\n            <img data-image-id='61570'\n                 title=\"\"\n                 alt=\"PHOTO-2025-04-01-18-54-078\"\n                 src=\"https:\/\/www.villaeducativa.edu.mx\/newspaper\/wp-content\/gallery\/33-favoritewoman13\/PHOTO-2025-04-01-18-54-078.jpg\"\n                 style=\"max-height: 580px;\"\/>\n        <\/a>\n\n        <\/div> \n<div id=\"ngg-image-39\" class=\"ngg-gallery-slideshow-image\" style=\"height:600px\">\n\n        <a href=\"https:\/\/www.villaeducativa.edu.mx\/newspaper\/wp-content\/gallery\/33-favoritewoman13\/PHOTO-2025-04-01-18-54-079.jpg\"\n           title=\"\"\n           data-src=\"https:\/\/www.villaeducativa.edu.mx\/newspaper\/wp-content\/gallery\/33-favoritewoman13\/PHOTO-2025-04-01-18-54-079.jpg\"\n           data-thumbnail=\"https:\/\/www.villaeducativa.edu.mx\/newspaper\/wp-content\/gallery\/33-favoritewoman13\/thumbs\/thumbs_PHOTO-2025-04-01-18-54-079.jpg\"\n           data-image-id=\"61567\"\n           data-title=\"PHOTO-2025-04-01-18-54-079\"\n           data-description=\"\"\n           class=\"ngg-fancybox\" rel=\"60a56332cf280bc7d171a6faa347ad02\">\n\n            <img data-image-id='61567'\n                 title=\"\"\n                 alt=\"PHOTO-2025-04-01-18-54-079\"\n                 src=\"https:\/\/www.villaeducativa.edu.mx\/newspaper\/wp-content\/gallery\/33-favoritewoman13\/PHOTO-2025-04-01-18-54-079.jpg\"\n                 style=\"max-height: 580px;\"\/>\n        <\/a>\n\n        <\/div> \n<div id=\"ngg-image-40\" class=\"ngg-gallery-slideshow-image\" style=\"height:600px\">\n\n        <a href=\"https:\/\/www.villaeducativa.edu.mx\/newspaper\/wp-content\/gallery\/33-favoritewoman13\/PHOTO-2025-04-03-05-58-41.jpg\"\n           title=\"\"\n           data-src=\"https:\/\/www.villaeducativa.edu.mx\/newspaper\/wp-content\/gallery\/33-favoritewoman13\/PHOTO-2025-04-03-05-58-41.jpg\"\n           data-thumbnail=\"https:\/\/www.villaeducativa.edu.mx\/newspaper\/wp-content\/gallery\/33-favoritewoman13\/thumbs\/thumbs_PHOTO-2025-04-03-05-58-41.jpg\"\n           data-image-id=\"61573\"\n           data-title=\"PHOTO-2025-04-03-05-58-41\"\n           data-description=\"\"\n           class=\"ngg-fancybox\" rel=\"60a56332cf280bc7d171a6faa347ad02\">\n\n            <img data-image-id='61573'\n                 title=\"\"\n                 alt=\"PHOTO-2025-04-03-05-58-41\"\n                 src=\"https:\/\/www.villaeducativa.edu.mx\/newspaper\/wp-content\/gallery\/33-favoritewoman13\/PHOTO-2025-04-03-05-58-41.jpg\"\n                 style=\"max-height: 580px;\"\/>\n        <\/a>\n\n        <\/div> \n<div id=\"ngg-image-41\" class=\"ngg-gallery-slideshow-image\" style=\"height:600px\">\n\n        <a href=\"https:\/\/www.villaeducativa.edu.mx\/newspaper\/wp-content\/gallery\/33-favoritewoman13\/PHOTO-2025-04-03-05-58-411.jpg\"\n           title=\"\"\n           data-src=\"https:\/\/www.villaeducativa.edu.mx\/newspaper\/wp-content\/gallery\/33-favoritewoman13\/PHOTO-2025-04-03-05-58-411.jpg\"\n           data-thumbnail=\"https:\/\/www.villaeducativa.edu.mx\/newspaper\/wp-content\/gallery\/33-favoritewoman13\/thumbs\/thumbs_PHOTO-2025-04-03-05-58-411.jpg\"\n           data-image-id=\"61572\"\n           data-title=\"PHOTO-2025-04-03-05-58-411\"\n           data-description=\"\"\n           class=\"ngg-fancybox\" rel=\"60a56332cf280bc7d171a6faa347ad02\">\n\n            <img data-image-id='61572'\n                 title=\"\"\n                 alt=\"PHOTO-2025-04-03-05-58-411\"\n                 src=\"https:\/\/www.villaeducativa.edu.mx\/newspaper\/wp-content\/gallery\/33-favoritewoman13\/PHOTO-2025-04-03-05-58-411.jpg\"\n                 style=\"max-height: 580px;\"\/>\n        <\/a>\n\n        <\/div> \n<div id=\"ngg-image-42\" class=\"ngg-gallery-slideshow-image\" style=\"height:600px\">\n\n        <a href=\"https:\/\/www.villaeducativa.edu.mx\/newspaper\/wp-content\/gallery\/33-favoritewoman13\/PHOTO-2025-04-03-05-58-42.jpg\"\n           title=\"\"\n           data-src=\"https:\/\/www.villaeducativa.edu.mx\/newspaper\/wp-content\/gallery\/33-favoritewoman13\/PHOTO-2025-04-03-05-58-42.jpg\"\n           data-thumbnail=\"https:\/\/www.villaeducativa.edu.mx\/newspaper\/wp-content\/gallery\/33-favoritewoman13\/thumbs\/thumbs_PHOTO-2025-04-03-05-58-42.jpg\"\n           data-image-id=\"61531\"\n           data-title=\"PHOTO-2025-04-03-05-58-42\"\n           data-description=\"\"\n           class=\"ngg-fancybox\" rel=\"60a56332cf280bc7d171a6faa347ad02\">\n\n            <img data-image-id='61531'\n                 title=\"\"\n                 alt=\"PHOTO-2025-04-03-05-58-42\"\n                 src=\"https:\/\/www.villaeducativa.edu.mx\/newspaper\/wp-content\/gallery\/33-favoritewoman13\/PHOTO-2025-04-03-05-58-42.jpg\"\n                 style=\"max-height: 580px;\"\/>\n        <\/a>\n\n        <\/div> \n<div id=\"ngg-image-43\" class=\"ngg-gallery-slideshow-image\" style=\"height:600px\">\n\n        <a href=\"https:\/\/www.villaeducativa.edu.mx\/newspaper\/wp-content\/gallery\/33-favoritewoman13\/PHOTO-2025-04-03-05-58-421.jpg\"\n           title=\"\"\n           data-src=\"https:\/\/www.villaeducativa.edu.mx\/newspaper\/wp-content\/gallery\/33-favoritewoman13\/PHOTO-2025-04-03-05-58-421.jpg\"\n           data-thumbnail=\"https:\/\/www.villaeducativa.edu.mx\/newspaper\/wp-content\/gallery\/33-favoritewoman13\/thumbs\/thumbs_PHOTO-2025-04-03-05-58-421.jpg\"\n           data-image-id=\"61574\"\n           data-title=\"PHOTO-2025-04-03-05-58-421\"\n           data-description=\"\"\n           class=\"ngg-fancybox\" rel=\"60a56332cf280bc7d171a6faa347ad02\">\n\n            <img data-image-id='61574'\n                 title=\"\"\n                 alt=\"PHOTO-2025-04-03-05-58-421\"\n                 src=\"https:\/\/www.villaeducativa.edu.mx\/newspaper\/wp-content\/gallery\/33-favoritewoman13\/PHOTO-2025-04-03-05-58-421.jpg\"\n                 style=\"max-height: 580px;\"\/>\n        <\/a>\n\n        <\/div> \n<div id=\"ngg-image-44\" class=\"ngg-gallery-slideshow-image\" style=\"height:600px\">\n\n        <a href=\"https:\/\/www.villaeducativa.edu.mx\/newspaper\/wp-content\/gallery\/33-favoritewoman13\/PHOTO-2025-04-03-05-58-422.jpg\"\n           title=\"\"\n           data-src=\"https:\/\/www.villaeducativa.edu.mx\/newspaper\/wp-content\/gallery\/33-favoritewoman13\/PHOTO-2025-04-03-05-58-422.jpg\"\n           data-thumbnail=\"https:\/\/www.villaeducativa.edu.mx\/newspaper\/wp-content\/gallery\/33-favoritewoman13\/thumbs\/thumbs_PHOTO-2025-04-03-05-58-422.jpg\"\n           data-image-id=\"61575\"\n           data-title=\"PHOTO-2025-04-03-05-58-422\"\n           data-description=\"\"\n           class=\"ngg-fancybox\" rel=\"60a56332cf280bc7d171a6faa347ad02\">\n\n            <img data-image-id='61575'\n                 title=\"\"\n                 alt=\"PHOTO-2025-04-03-05-58-422\"\n                 src=\"https:\/\/www.villaeducativa.edu.mx\/newspaper\/wp-content\/gallery\/33-favoritewoman13\/PHOTO-2025-04-03-05-58-422.jpg\"\n                 style=\"max-height: 580px;\"\/>\n        <\/a>\n\n        <\/div> \n<div id=\"ngg-image-45\" class=\"ngg-gallery-slideshow-image\" style=\"height:600px\">\n\n        <a href=\"https:\/\/www.villaeducativa.edu.mx\/newspaper\/wp-content\/gallery\/33-favoritewoman13\/PHOTO-2025-04-03-05-58-423.jpg\"\n           title=\"\"\n           data-src=\"https:\/\/www.villaeducativa.edu.mx\/newspaper\/wp-content\/gallery\/33-favoritewoman13\/PHOTO-2025-04-03-05-58-423.jpg\"\n           data-thumbnail=\"https:\/\/www.villaeducativa.edu.mx\/newspaper\/wp-content\/gallery\/33-favoritewoman13\/thumbs\/thumbs_PHOTO-2025-04-03-05-58-423.jpg\"\n           data-image-id=\"61576\"\n           data-title=\"PHOTO-2025-04-03-05-58-423\"\n           data-description=\"\"\n           class=\"ngg-fancybox\" rel=\"60a56332cf280bc7d171a6faa347ad02\">\n\n            <img data-image-id='61576'\n                 title=\"\"\n                 alt=\"PHOTO-2025-04-03-05-58-423\"\n                 src=\"https:\/\/www.villaeducativa.edu.mx\/newspaper\/wp-content\/gallery\/33-favoritewoman13\/PHOTO-2025-04-03-05-58-423.jpg\"\n                 style=\"max-height: 580px;\"\/>\n        <\/a>\n\n        <\/div> \n<div id=\"ngg-image-46\" class=\"ngg-gallery-slideshow-image\" style=\"height:600px\">\n\n        <a href=\"https:\/\/www.villaeducativa.edu.mx\/newspaper\/wp-content\/gallery\/33-favoritewoman13\/PHOTO-2025-04-03-05-58-424.jpg\"\n           title=\"\"\n           data-src=\"https:\/\/www.villaeducativa.edu.mx\/newspaper\/wp-content\/gallery\/33-favoritewoman13\/PHOTO-2025-04-03-05-58-424.jpg\"\n           data-thumbnail=\"https:\/\/www.villaeducativa.edu.mx\/newspaper\/wp-content\/gallery\/33-favoritewoman13\/thumbs\/thumbs_PHOTO-2025-04-03-05-58-424.jpg\"\n           data-image-id=\"61578\"\n           data-title=\"PHOTO-2025-04-03-05-58-424\"\n           data-description=\"\"\n           class=\"ngg-fancybox\" rel=\"60a56332cf280bc7d171a6faa347ad02\">\n\n            <img data-image-id='61578'\n                 title=\"\"\n                 alt=\"PHOTO-2025-04-03-05-58-424\"\n                 src=\"https:\/\/www.villaeducativa.edu.mx\/newspaper\/wp-content\/gallery\/33-favoritewoman13\/PHOTO-2025-04-03-05-58-424.jpg\"\n                 style=\"max-height: 580px;\"\/>\n        <\/a>\n\n        <\/div> \n<div id=\"ngg-image-47\" class=\"ngg-gallery-slideshow-image\" style=\"height:600px\">\n\n        <a href=\"https:\/\/www.villaeducativa.edu.mx\/newspaper\/wp-content\/gallery\/33-favoritewoman13\/PHOTO-2025-04-03-05-58-425.jpg\"\n           title=\"\"\n           data-src=\"https:\/\/www.villaeducativa.edu.mx\/newspaper\/wp-content\/gallery\/33-favoritewoman13\/PHOTO-2025-04-03-05-58-425.jpg\"\n           data-thumbnail=\"https:\/\/www.villaeducativa.edu.mx\/newspaper\/wp-content\/gallery\/33-favoritewoman13\/thumbs\/thumbs_PHOTO-2025-04-03-05-58-425.jpg\"\n           data-image-id=\"61577\"\n           data-title=\"PHOTO-2025-04-03-05-58-425\"\n           data-description=\"\"\n           class=\"ngg-fancybox\" rel=\"60a56332cf280bc7d171a6faa347ad02\">\n\n            <img data-image-id='61577'\n                 title=\"\"\n                 alt=\"PHOTO-2025-04-03-05-58-425\"\n                 src=\"https:\/\/www.villaeducativa.edu.mx\/newspaper\/wp-content\/gallery\/33-favoritewoman13\/PHOTO-2025-04-03-05-58-425.jpg\"\n                 style=\"max-height: 580px;\"\/>\n        <\/a>\n\n        <\/div> \n<div id=\"ngg-image-48\" class=\"ngg-gallery-slideshow-image\" style=\"height:600px\">\n\n        <a href=\"https:\/\/www.villaeducativa.edu.mx\/newspaper\/wp-content\/gallery\/33-favoritewoman13\/PHOTO-2025-04-03-05-58-426.jpg\"\n           title=\"\"\n           data-src=\"https:\/\/www.villaeducativa.edu.mx\/newspaper\/wp-content\/gallery\/33-favoritewoman13\/PHOTO-2025-04-03-05-58-426.jpg\"\n           data-thumbnail=\"https:\/\/www.villaeducativa.edu.mx\/newspaper\/wp-content\/gallery\/33-favoritewoman13\/thumbs\/thumbs_PHOTO-2025-04-03-05-58-426.jpg\"\n           data-image-id=\"61579\"\n           data-title=\"PHOTO-2025-04-03-05-58-426\"\n           data-description=\"\"\n           class=\"ngg-fancybox\" rel=\"60a56332cf280bc7d171a6faa347ad02\">\n\n            <img data-image-id='61579'\n                 title=\"\"\n                 alt=\"PHOTO-2025-04-03-05-58-426\"\n                 src=\"https:\/\/www.villaeducativa.edu.mx\/newspaper\/wp-content\/gallery\/33-favoritewoman13\/PHOTO-2025-04-03-05-58-426.jpg\"\n                 style=\"max-height: 580px;\"\/>\n        <\/a>\n\n        <\/div> \n<\/div>\n\n\n\n\n\n\n\n<hr class=\"wp-block-separator\"\/>\n\n\n\n<p><em><strong>Mi mujer favorita<\/strong><br>En Villa Educativa hemos celebrado a la mujer no solamente el \u201cD\u00eda Internacional de la Mujer\u201d el 8 de marzo, sino durante todo el mes.<\/em><\/p>\n\n\n\n<p><em>En la clase de Oral Workshop del profesor Roberto, nuestros alumnos de primaria baja han estado practicando el presente simple con el uso de adverbios para describir acciones y adjetivos de la apariencia f\u00edsica, tal como la belleza, talla, altura, color de ojos y cabello, as\u00ed como adjetivos de la personalidad como amabilidad, bondad, inteligencia, creatividad.<\/em><\/p>\n\n\n\n<p><em>Los alumnos recibieron una hoja de papel rosa o morada en la que deb\u00edan dibujar la mujer favorita de su elecci\u00f3n. Una vez que terminaron, los peque\u00f1os de primer grado escribieron a su alrededor palabras clave; los alumnos de segundo y tercer grado escribieron oraciones en presente simple utilizando adjetivos, adverbios y los gustos preferidos de su mujer favorita.<\/em><\/p>\n\n\n\n<p><em>Al concluir la actividad, cada alumno present\u00f3 su trabajo y describi\u00f3 de forma oral a su mujer favorita frente a todo el grupo. Los alumnos se divirtieron al tratar de adivinar qui\u00e9n era la mujer que los compa\u00f1eros describ\u00edan.&nbsp;<\/em><\/p>\n\n\n\n<p><strong><span class=\"has-inline-color has-vivid-cyan-blue-color\">Roberto Borges<br><\/span><\/strong><span class=\"has-inline-color has-vivid-cyan-blue-color\"><em>Oral Workshop<\/em><\/span><\/p>\n","protected":false},"excerpt":{"rendered":"<p>In Villa Educativa we celebrated women not only on International Women\u2019s Day on March 8, but during the whole month. In teacher Robert\u2019s Oral Workshop classes, our students from lower primary have been practicing simple present with the use of adverbs to describe actions and adjectives of appearance such as&hellip; <\/p>\n","protected":false},"author":2,"featured_media":128799,"comment_status":"closed","ping_status":"closed","sticky":false,"template":"","format":"standard","meta":{"ngg_post_thumbnail":0},"categories":[3],"tags":[],"_links":{"self":[{"href":"https:\/\/www.villaeducativa.edu.mx\/newspaper\/index.php?rest_route=\/wp\/v2\/posts\/128748"}],"collection":[{"href":"https:\/\/www.villaeducativa.edu.mx\/newspaper\/index.php?rest_route=\/wp\/v2\/posts"}],"about":[{"href":"https:\/\/www.villaeducativa.edu.mx\/newspaper\/index.php?rest_route=\/wp\/v2\/types\/post"}],"author":[{"embeddable":true,"href":"https:\/\/www.villaeducativa.edu.mx\/newspaper\/index.php?rest_route=\/wp\/v2\/users\/2"}],"replies":[{"embeddable":true,"href":"https:\/\/www.villaeducativa.edu.mx\/newspaper\/index.php?rest_route=%2Fwp%2Fv2%2Fcomments&post=128748"}],"version-history":[{"count":2,"href":"https:\/\/www.villaeducativa.edu.mx\/newspaper\/index.php?rest_route=\/wp\/v2\/posts\/128748\/revisions"}],"predecessor-version":[{"id":129536,"href":"https:\/\/www.villaeducativa.edu.mx\/newspaper\/index.php?rest_route=\/wp\/v2\/posts\/128748\/revisions\/129536"}],"wp:featuredmedia":[{"embeddable":true,"href":"https:\/\/www.villaeducativa.edu.mx\/newspaper\/index.php?rest_route=\/wp\/v2\/media\/128799"}],"wp:attachment":[{"href":"https:\/\/www.villaeducativa.edu.mx\/newspaper\/index.php?rest_route=%2Fwp%2Fv2%2Fmedia&parent=128748"}],"wp:term":[{"taxonomy":"category","embeddable":true,"href":"https:\/\/www.villaeducativa.edu.mx\/newspaper\/index.php?rest_route=%2Fwp%2Fv2%2Fcategories&post=128748"},{"taxonomy":"post_tag","embeddable":true,"href":"https:\/\/www.villaeducativa.edu.mx\/newspaper\/index.php?rest_route=%2Fwp%2Fv2%2Ftags&post=128748"}],"curies":[{"name":"wp","href":"https:\/\/api.w.org\/{rel}","templated":true}]}}