{"id":128095,"date":"2025-03-25T07:05:00","date_gmt":"2025-03-25T13:05:00","guid":{"rendered":"https:\/\/www.villaeducativa.edu.mx\/newspaper\/?p=128095"},"modified":"2025-03-25T13:30:10","modified_gmt":"2025-03-25T19:30:10","slug":"karate-ni-sente-nashi","status":"publish","type":"post","link":"https:\/\/www.villaeducativa.edu.mx\/newspaper\/?p=128095","title":{"rendered":"Karate ni sente nashi"},"content":{"rendered":"\n<p><strong>Karate ni sente nashi<\/strong> (\u7a7a\u624b\u306b\u5148\u624b\u306a\u3057) es una frase japonesa que significa \u00abno hay primer ataque en karate\u00bb. Es un principio que describe la \u00e9tica de este arte marcial y que busca preparar a las personas para la defensa personal.\u00a0<\/p>\n\n\n\n<p><strong>Karate ni sente nashi<\/strong> no significa que no se pueda iniciar un ataque en una pelea, sino que se debe usar la fuerza f\u00edsica como \u00faltimo recurso. Se debe intentar resolver la situaci\u00f3n de otras formas antes de recurrir a la fuerza.\u00a0<strong>Karate ni sente nashi<\/strong> describe la \u00e9tica de este arte marcial que busca preparar a las personas para la defensa personal.<\/p>\n\n\n\n\n\n<div class=\"ngg-galleryoverview ngg-slideshow\"\n\t id=\"ngg-slideshow-24f6d9483deff08d33946f126cdbb4f1-7923955990\"\n     data-gallery-id=\"24f6d9483deff08d33946f126cdbb4f1\"\n     style=\"max-width: 600px; max-height: 600px;\">\n\n \t<div id=\"ngg-image-0\" class=\"ngg-gallery-slideshow-image\" style=\"height:600px\">\n\n        <a href=\"https:\/\/www.villaeducativa.edu.mx\/newspaper\/wp-content\/gallery\/31karatenisenteclub\/NP-25-marzo-25_page6_image4.jpg\"\n           title=\"\"\n           data-src=\"https:\/\/www.villaeducativa.edu.mx\/newspaper\/wp-content\/gallery\/31karatenisenteclub\/NP-25-marzo-25_page6_image4.jpg\"\n           data-thumbnail=\"https:\/\/www.villaeducativa.edu.mx\/newspaper\/wp-content\/gallery\/31karatenisenteclub\/thumbs\/thumbs_NP-25-marzo-25_page6_image4.jpg\"\n           data-image-id=\"61086\"\n           data-title=\"NP-25-marzo-25_page6_image4\"\n           data-description=\"\"\n           class=\"ngg-fancybox\" rel=\"24f6d9483deff08d33946f126cdbb4f1\">\n\n            <img data-image-id='61086'\n                 title=\"\"\n                 alt=\"NP-25-marzo-25_page6_image4\"\n                 src=\"https:\/\/www.villaeducativa.edu.mx\/newspaper\/wp-content\/gallery\/31karatenisenteclub\/NP-25-marzo-25_page6_image4.jpg\"\n                 style=\"max-height: 580px;\"\/>\n        <\/a>\n\n        <\/div> \n<div id=\"ngg-image-1\" class=\"ngg-gallery-slideshow-image\" style=\"height:600px\">\n\n        <a href=\"https:\/\/www.villaeducativa.edu.mx\/newspaper\/wp-content\/gallery\/31karatenisenteclub\/NP-25-marzo-25_page6_image5.jpg\"\n           title=\"\"\n           data-src=\"https:\/\/www.villaeducativa.edu.mx\/newspaper\/wp-content\/gallery\/31karatenisenteclub\/NP-25-marzo-25_page6_image5.jpg\"\n           data-thumbnail=\"https:\/\/www.villaeducativa.edu.mx\/newspaper\/wp-content\/gallery\/31karatenisenteclub\/thumbs\/thumbs_NP-25-marzo-25_page6_image5.jpg\"\n           data-image-id=\"61087\"\n           data-title=\"NP-25-marzo-25_page6_image5\"\n           data-description=\"\"\n           class=\"ngg-fancybox\" rel=\"24f6d9483deff08d33946f126cdbb4f1\">\n\n            <img data-image-id='61087'\n                 title=\"\"\n                 alt=\"NP-25-marzo-25_page6_image5\"\n                 src=\"https:\/\/www.villaeducativa.edu.mx\/newspaper\/wp-content\/gallery\/31karatenisenteclub\/NP-25-marzo-25_page6_image5.jpg\"\n                 style=\"max-height: 580px;\"\/>\n        <\/a>\n\n        <\/div> \n<div id=\"ngg-image-2\" class=\"ngg-gallery-slideshow-image\" style=\"height:600px\">\n\n        <a href=\"https:\/\/www.villaeducativa.edu.mx\/newspaper\/wp-content\/gallery\/31karatenisenteclub\/NP-25-marzo-25_page6_image3.jpg\"\n           title=\"\"\n           data-src=\"https:\/\/www.villaeducativa.edu.mx\/newspaper\/wp-content\/gallery\/31karatenisenteclub\/NP-25-marzo-25_page6_image3.jpg\"\n           data-thumbnail=\"https:\/\/www.villaeducativa.edu.mx\/newspaper\/wp-content\/gallery\/31karatenisenteclub\/thumbs\/thumbs_NP-25-marzo-25_page6_image3.jpg\"\n           data-image-id=\"61085\"\n           data-title=\"NP-25-marzo-25_page6_image3\"\n           data-description=\"\"\n           class=\"ngg-fancybox\" rel=\"24f6d9483deff08d33946f126cdbb4f1\">\n\n            <img data-image-id='61085'\n                 title=\"\"\n                 alt=\"NP-25-marzo-25_page6_image3\"\n                 src=\"https:\/\/www.villaeducativa.edu.mx\/newspaper\/wp-content\/gallery\/31karatenisenteclub\/NP-25-marzo-25_page6_image3.jpg\"\n                 style=\"max-height: 580px;\"\/>\n        <\/a>\n\n        <\/div> \n<\/div>\n\n\n\n\n\n\n\n<p><strong><span class=\"has-inline-color has-vivid-cyan-blue-color\">Alonso Le\u00f3n<br><\/span><\/strong><em><span class=\"has-inline-color has-vivid-cyan-blue-color\">Karate<\/span><\/em><\/p>\n","protected":false},"excerpt":{"rendered":"<p>Karate ni sente nashi (\u7a7a\u624b\u306b\u5148\u624b\u306a\u3057) es una frase japonesa que significa \u00abno hay primer ataque en karate\u00bb. Es un principio que describe la \u00e9tica de este arte marcial y que busca preparar a las personas para la defensa personal.\u00a0 Karate ni sente nashi no significa que no se pueda iniciar&hellip; <\/p>\n","protected":false},"author":2,"featured_media":128100,"comment_status":"closed","ping_status":"closed","sticky":false,"template":"","format":"standard","meta":{"ngg_post_thumbnail":0},"categories":[5],"tags":[],"_links":{"self":[{"href":"https:\/\/www.villaeducativa.edu.mx\/newspaper\/index.php?rest_route=\/wp\/v2\/posts\/128095"}],"collection":[{"href":"https:\/\/www.villaeducativa.edu.mx\/newspaper\/index.php?rest_route=\/wp\/v2\/posts"}],"about":[{"href":"https:\/\/www.villaeducativa.edu.mx\/newspaper\/index.php?rest_route=\/wp\/v2\/types\/post"}],"author":[{"embeddable":true,"href":"https:\/\/www.villaeducativa.edu.mx\/newspaper\/index.php?rest_route=\/wp\/v2\/users\/2"}],"replies":[{"embeddable":true,"href":"https:\/\/www.villaeducativa.edu.mx\/newspaper\/index.php?rest_route=%2Fwp%2Fv2%2Fcomments&post=128095"}],"version-history":[{"count":2,"href":"https:\/\/www.villaeducativa.edu.mx\/newspaper\/index.php?rest_route=\/wp\/v2\/posts\/128095\/revisions"}],"predecessor-version":[{"id":128182,"href":"https:\/\/www.villaeducativa.edu.mx\/newspaper\/index.php?rest_route=\/wp\/v2\/posts\/128095\/revisions\/128182"}],"wp:featuredmedia":[{"embeddable":true,"href":"https:\/\/www.villaeducativa.edu.mx\/newspaper\/index.php?rest_route=\/wp\/v2\/media\/128100"}],"wp:attachment":[{"href":"https:\/\/www.villaeducativa.edu.mx\/newspaper\/index.php?rest_route=%2Fwp%2Fv2%2Fmedia&parent=128095"}],"wp:term":[{"taxonomy":"category","embeddable":true,"href":"https:\/\/www.villaeducativa.edu.mx\/newspaper\/index.php?rest_route=%2Fwp%2Fv2%2Fcategories&post=128095"},{"taxonomy":"post_tag","embeddable":true,"href":"https:\/\/www.villaeducativa.edu.mx\/newspaper\/index.php?rest_route=%2Fwp%2Fv2%2Ftags&post=128095"}],"curies":[{"name":"wp","href":"https:\/\/api.w.org\/{rel}","templated":true}]}}