{"id":128020,"date":"2025-03-25T07:15:00","date_gmt":"2025-03-25T13:15:00","guid":{"rendered":"https:\/\/www.villaeducativa.edu.mx\/newspaper\/?p=128020"},"modified":"2025-03-25T13:20:01","modified_gmt":"2025-03-25T19:20:01","slug":"preparando-nuestra-exposicion-de-arte","status":"publish","type":"post","link":"https:\/\/www.villaeducativa.edu.mx\/newspaper\/?p=128020","title":{"rendered":"Preparando nuestra exposici\u00f3n de Arte"},"content":{"rendered":"\n<p>En la clase de Historia del Arte de Club AfterSchool estamos preparando los \u00faltimos detalles para nuestra gran exposici\u00f3n anual, en la que podr\u00e1n admirar el esfuerzo y la creatividad de los alumnos del profesor Roberto Borges.<\/p>\n\n\n\n<p>Los alumnos aprendieron acerca de las diferentes expresiones art\u00edsticas de diversas civilizaciones antiguas del mundo, as\u00ed como la vestimenta t\u00edpica de los mayas, China, Egipto y Grecia.\u00a0<\/p>\n\n\n\n<p>Los alumnos crearon unos personajes de gran tama\u00f1o y trabajaron en equipo delineando y coloreando estos personajes, los cuales decorar\u00e1n nuestra exposici\u00f3n que se llevar\u00e1 a cabo el viernes 28 de marzo.<\/p>\n\n\n\n\n\n<div class=\"ngg-galleryoverview ngg-slideshow\"\n\t id=\"ngg-slideshow-6d53a24cb4904218961a0be67c14b729-11457508090\"\n     data-gallery-id=\"6d53a24cb4904218961a0be67c14b729\"\n     style=\"max-width: 600px; max-height: 600px;\">\n\n \t<div id=\"ngg-image-0\" class=\"ngg-gallery-slideshow-image\" style=\"height:600px\">\n\n        <a href=\"https:\/\/www.villaeducativa.edu.mx\/newspaper\/wp-content\/gallery\/31-preparandoexpoarte\/WhatsApp-Image-2025-03-20-at-6.09.30-AM-1.jpg\"\n           title=\"\"\n           data-src=\"https:\/\/www.villaeducativa.edu.mx\/newspaper\/wp-content\/gallery\/31-preparandoexpoarte\/WhatsApp-Image-2025-03-20-at-6.09.30-AM-1.jpg\"\n           data-thumbnail=\"https:\/\/www.villaeducativa.edu.mx\/newspaper\/wp-content\/gallery\/31-preparandoexpoarte\/thumbs\/thumbs_WhatsApp-Image-2025-03-20-at-6.09.30-AM-1.jpg\"\n           data-image-id=\"61036\"\n           data-title=\"WhatsApp-Image-2025-03-20-at-6.09.30-AM-1\"\n           data-description=\"\"\n           class=\"ngg-fancybox\" rel=\"6d53a24cb4904218961a0be67c14b729\">\n\n            <img data-image-id='61036'\n                 title=\"\"\n                 alt=\"WhatsApp-Image-2025-03-20-at-6.09.30-AM-1\"\n                 src=\"https:\/\/www.villaeducativa.edu.mx\/newspaper\/wp-content\/gallery\/31-preparandoexpoarte\/WhatsApp-Image-2025-03-20-at-6.09.30-AM-1.jpg\"\n                 style=\"max-height: 580px;\"\/>\n        <\/a>\n\n        <\/div> \n<div id=\"ngg-image-1\" class=\"ngg-gallery-slideshow-image\" style=\"height:600px\">\n\n        <a href=\"https:\/\/www.villaeducativa.edu.mx\/newspaper\/wp-content\/gallery\/31-preparandoexpoarte\/WhatsApp-Image-2025-03-20-at-6.09.30-AM-10.jpg\"\n           title=\"\"\n           data-src=\"https:\/\/www.villaeducativa.edu.mx\/newspaper\/wp-content\/gallery\/31-preparandoexpoarte\/WhatsApp-Image-2025-03-20-at-6.09.30-AM-10.jpg\"\n           data-thumbnail=\"https:\/\/www.villaeducativa.edu.mx\/newspaper\/wp-content\/gallery\/31-preparandoexpoarte\/thumbs\/thumbs_WhatsApp-Image-2025-03-20-at-6.09.30-AM-10.jpg\"\n           data-image-id=\"61045\"\n           data-title=\"WhatsApp-Image-2025-03-20-at-6.09.30-AM-10\"\n           data-description=\"\"\n           class=\"ngg-fancybox\" rel=\"6d53a24cb4904218961a0be67c14b729\">\n\n            <img data-image-id='61045'\n                 title=\"\"\n                 alt=\"WhatsApp-Image-2025-03-20-at-6.09.30-AM-10\"\n                 src=\"https:\/\/www.villaeducativa.edu.mx\/newspaper\/wp-content\/gallery\/31-preparandoexpoarte\/WhatsApp-Image-2025-03-20-at-6.09.30-AM-10.jpg\"\n                 style=\"max-height: 580px;\"\/>\n        <\/a>\n\n        <\/div> \n<div id=\"ngg-image-2\" class=\"ngg-gallery-slideshow-image\" style=\"height:600px\">\n\n        <a href=\"https:\/\/www.villaeducativa.edu.mx\/newspaper\/wp-content\/gallery\/31-preparandoexpoarte\/WhatsApp-Image-2025-03-20-at-6.09.30-AM-2.jpg\"\n           title=\"\"\n           data-src=\"https:\/\/www.villaeducativa.edu.mx\/newspaper\/wp-content\/gallery\/31-preparandoexpoarte\/WhatsApp-Image-2025-03-20-at-6.09.30-AM-2.jpg\"\n           data-thumbnail=\"https:\/\/www.villaeducativa.edu.mx\/newspaper\/wp-content\/gallery\/31-preparandoexpoarte\/thumbs\/thumbs_WhatsApp-Image-2025-03-20-at-6.09.30-AM-2.jpg\"\n           data-image-id=\"61035\"\n           data-title=\"WhatsApp-Image-2025-03-20-at-6.09.30-AM-2\"\n           data-description=\"\"\n           class=\"ngg-fancybox\" rel=\"6d53a24cb4904218961a0be67c14b729\">\n\n            <img data-image-id='61035'\n                 title=\"\"\n                 alt=\"WhatsApp-Image-2025-03-20-at-6.09.30-AM-2\"\n                 src=\"https:\/\/www.villaeducativa.edu.mx\/newspaper\/wp-content\/gallery\/31-preparandoexpoarte\/WhatsApp-Image-2025-03-20-at-6.09.30-AM-2.jpg\"\n                 style=\"max-height: 580px;\"\/>\n        <\/a>\n\n        <\/div> \n<div id=\"ngg-image-3\" class=\"ngg-gallery-slideshow-image\" style=\"height:600px\">\n\n        <a href=\"https:\/\/www.villaeducativa.edu.mx\/newspaper\/wp-content\/gallery\/31-preparandoexpoarte\/WhatsApp-Image-2025-03-20-at-6.09.30-AM-3.jpg\"\n           title=\"\"\n           data-src=\"https:\/\/www.villaeducativa.edu.mx\/newspaper\/wp-content\/gallery\/31-preparandoexpoarte\/WhatsApp-Image-2025-03-20-at-6.09.30-AM-3.jpg\"\n           data-thumbnail=\"https:\/\/www.villaeducativa.edu.mx\/newspaper\/wp-content\/gallery\/31-preparandoexpoarte\/thumbs\/thumbs_WhatsApp-Image-2025-03-20-at-6.09.30-AM-3.jpg\"\n           data-image-id=\"61037\"\n           data-title=\"WhatsApp-Image-2025-03-20-at-6.09.30-AM-3\"\n           data-description=\"\"\n           class=\"ngg-fancybox\" rel=\"6d53a24cb4904218961a0be67c14b729\">\n\n            <img data-image-id='61037'\n                 title=\"\"\n                 alt=\"WhatsApp-Image-2025-03-20-at-6.09.30-AM-3\"\n                 src=\"https:\/\/www.villaeducativa.edu.mx\/newspaper\/wp-content\/gallery\/31-preparandoexpoarte\/WhatsApp-Image-2025-03-20-at-6.09.30-AM-3.jpg\"\n                 style=\"max-height: 580px;\"\/>\n        <\/a>\n\n        <\/div> \n<div id=\"ngg-image-4\" class=\"ngg-gallery-slideshow-image\" style=\"height:600px\">\n\n        <a href=\"https:\/\/www.villaeducativa.edu.mx\/newspaper\/wp-content\/gallery\/31-preparandoexpoarte\/WhatsApp-Image-2025-03-20-at-6.09.30-AM-4.jpg\"\n           title=\"\"\n           data-src=\"https:\/\/www.villaeducativa.edu.mx\/newspaper\/wp-content\/gallery\/31-preparandoexpoarte\/WhatsApp-Image-2025-03-20-at-6.09.30-AM-4.jpg\"\n           data-thumbnail=\"https:\/\/www.villaeducativa.edu.mx\/newspaper\/wp-content\/gallery\/31-preparandoexpoarte\/thumbs\/thumbs_WhatsApp-Image-2025-03-20-at-6.09.30-AM-4.jpg\"\n           data-image-id=\"61038\"\n           data-title=\"WhatsApp-Image-2025-03-20-at-6.09.30-AM-4\"\n           data-description=\"\"\n           class=\"ngg-fancybox\" rel=\"6d53a24cb4904218961a0be67c14b729\">\n\n            <img data-image-id='61038'\n                 title=\"\"\n                 alt=\"WhatsApp-Image-2025-03-20-at-6.09.30-AM-4\"\n                 src=\"https:\/\/www.villaeducativa.edu.mx\/newspaper\/wp-content\/gallery\/31-preparandoexpoarte\/WhatsApp-Image-2025-03-20-at-6.09.30-AM-4.jpg\"\n                 style=\"max-height: 580px;\"\/>\n        <\/a>\n\n        <\/div> \n<div id=\"ngg-image-5\" class=\"ngg-gallery-slideshow-image\" style=\"height:600px\">\n\n        <a href=\"https:\/\/www.villaeducativa.edu.mx\/newspaper\/wp-content\/gallery\/31-preparandoexpoarte\/WhatsApp-Image-2025-03-20-at-6.09.30-AM-5.jpg\"\n           title=\"\"\n           data-src=\"https:\/\/www.villaeducativa.edu.mx\/newspaper\/wp-content\/gallery\/31-preparandoexpoarte\/WhatsApp-Image-2025-03-20-at-6.09.30-AM-5.jpg\"\n           data-thumbnail=\"https:\/\/www.villaeducativa.edu.mx\/newspaper\/wp-content\/gallery\/31-preparandoexpoarte\/thumbs\/thumbs_WhatsApp-Image-2025-03-20-at-6.09.30-AM-5.jpg\"\n           data-image-id=\"61039\"\n           data-title=\"WhatsApp-Image-2025-03-20-at-6.09.30-AM-5\"\n           data-description=\"\"\n           class=\"ngg-fancybox\" rel=\"6d53a24cb4904218961a0be67c14b729\">\n\n            <img data-image-id='61039'\n                 title=\"\"\n                 alt=\"WhatsApp-Image-2025-03-20-at-6.09.30-AM-5\"\n                 src=\"https:\/\/www.villaeducativa.edu.mx\/newspaper\/wp-content\/gallery\/31-preparandoexpoarte\/WhatsApp-Image-2025-03-20-at-6.09.30-AM-5.jpg\"\n                 style=\"max-height: 580px;\"\/>\n        <\/a>\n\n        <\/div> \n<div id=\"ngg-image-6\" class=\"ngg-gallery-slideshow-image\" style=\"height:600px\">\n\n        <a href=\"https:\/\/www.villaeducativa.edu.mx\/newspaper\/wp-content\/gallery\/31-preparandoexpoarte\/WhatsApp-Image-2025-03-20-at-6.09.30-AM-6.jpg\"\n           title=\"\"\n           data-src=\"https:\/\/www.villaeducativa.edu.mx\/newspaper\/wp-content\/gallery\/31-preparandoexpoarte\/WhatsApp-Image-2025-03-20-at-6.09.30-AM-6.jpg\"\n           data-thumbnail=\"https:\/\/www.villaeducativa.edu.mx\/newspaper\/wp-content\/gallery\/31-preparandoexpoarte\/thumbs\/thumbs_WhatsApp-Image-2025-03-20-at-6.09.30-AM-6.jpg\"\n           data-image-id=\"61040\"\n           data-title=\"WhatsApp-Image-2025-03-20-at-6.09.30-AM-6\"\n           data-description=\"\"\n           class=\"ngg-fancybox\" rel=\"6d53a24cb4904218961a0be67c14b729\">\n\n            <img data-image-id='61040'\n                 title=\"\"\n                 alt=\"WhatsApp-Image-2025-03-20-at-6.09.30-AM-6\"\n                 src=\"https:\/\/www.villaeducativa.edu.mx\/newspaper\/wp-content\/gallery\/31-preparandoexpoarte\/WhatsApp-Image-2025-03-20-at-6.09.30-AM-6.jpg\"\n                 style=\"max-height: 580px;\"\/>\n        <\/a>\n\n        <\/div> \n<div id=\"ngg-image-7\" class=\"ngg-gallery-slideshow-image\" style=\"height:600px\">\n\n        <a href=\"https:\/\/www.villaeducativa.edu.mx\/newspaper\/wp-content\/gallery\/31-preparandoexpoarte\/WhatsApp-Image-2025-03-20-at-6.09.30-AM-7.jpg\"\n           title=\"\"\n           data-src=\"https:\/\/www.villaeducativa.edu.mx\/newspaper\/wp-content\/gallery\/31-preparandoexpoarte\/WhatsApp-Image-2025-03-20-at-6.09.30-AM-7.jpg\"\n           data-thumbnail=\"https:\/\/www.villaeducativa.edu.mx\/newspaper\/wp-content\/gallery\/31-preparandoexpoarte\/thumbs\/thumbs_WhatsApp-Image-2025-03-20-at-6.09.30-AM-7.jpg\"\n           data-image-id=\"61042\"\n           data-title=\"WhatsApp-Image-2025-03-20-at-6.09.30-AM-7\"\n           data-description=\"\"\n           class=\"ngg-fancybox\" rel=\"6d53a24cb4904218961a0be67c14b729\">\n\n            <img data-image-id='61042'\n                 title=\"\"\n                 alt=\"WhatsApp-Image-2025-03-20-at-6.09.30-AM-7\"\n                 src=\"https:\/\/www.villaeducativa.edu.mx\/newspaper\/wp-content\/gallery\/31-preparandoexpoarte\/WhatsApp-Image-2025-03-20-at-6.09.30-AM-7.jpg\"\n                 style=\"max-height: 580px;\"\/>\n        <\/a>\n\n        <\/div> \n<div id=\"ngg-image-8\" class=\"ngg-gallery-slideshow-image\" style=\"height:600px\">\n\n        <a href=\"https:\/\/www.villaeducativa.edu.mx\/newspaper\/wp-content\/gallery\/31-preparandoexpoarte\/WhatsApp-Image-2025-03-20-at-6.09.30-AM-8.jpg\"\n           title=\"\"\n           data-src=\"https:\/\/www.villaeducativa.edu.mx\/newspaper\/wp-content\/gallery\/31-preparandoexpoarte\/WhatsApp-Image-2025-03-20-at-6.09.30-AM-8.jpg\"\n           data-thumbnail=\"https:\/\/www.villaeducativa.edu.mx\/newspaper\/wp-content\/gallery\/31-preparandoexpoarte\/thumbs\/thumbs_WhatsApp-Image-2025-03-20-at-6.09.30-AM-8.jpg\"\n           data-image-id=\"61041\"\n           data-title=\"WhatsApp-Image-2025-03-20-at-6.09.30-AM-8\"\n           data-description=\"\"\n           class=\"ngg-fancybox\" rel=\"6d53a24cb4904218961a0be67c14b729\">\n\n            <img data-image-id='61041'\n                 title=\"\"\n                 alt=\"WhatsApp-Image-2025-03-20-at-6.09.30-AM-8\"\n                 src=\"https:\/\/www.villaeducativa.edu.mx\/newspaper\/wp-content\/gallery\/31-preparandoexpoarte\/WhatsApp-Image-2025-03-20-at-6.09.30-AM-8.jpg\"\n                 style=\"max-height: 580px;\"\/>\n        <\/a>\n\n        <\/div> \n<div id=\"ngg-image-9\" class=\"ngg-gallery-slideshow-image\" style=\"height:600px\">\n\n        <a href=\"https:\/\/www.villaeducativa.edu.mx\/newspaper\/wp-content\/gallery\/31-preparandoexpoarte\/WhatsApp-Image-2025-03-20-at-6.09.30-AM-9.jpg\"\n           title=\"\"\n           data-src=\"https:\/\/www.villaeducativa.edu.mx\/newspaper\/wp-content\/gallery\/31-preparandoexpoarte\/WhatsApp-Image-2025-03-20-at-6.09.30-AM-9.jpg\"\n           data-thumbnail=\"https:\/\/www.villaeducativa.edu.mx\/newspaper\/wp-content\/gallery\/31-preparandoexpoarte\/thumbs\/thumbs_WhatsApp-Image-2025-03-20-at-6.09.30-AM-9.jpg\"\n           data-image-id=\"61043\"\n           data-title=\"WhatsApp-Image-2025-03-20-at-6.09.30-AM-9\"\n           data-description=\"\"\n           class=\"ngg-fancybox\" rel=\"6d53a24cb4904218961a0be67c14b729\">\n\n            <img data-image-id='61043'\n                 title=\"\"\n                 alt=\"WhatsApp-Image-2025-03-20-at-6.09.30-AM-9\"\n                 src=\"https:\/\/www.villaeducativa.edu.mx\/newspaper\/wp-content\/gallery\/31-preparandoexpoarte\/WhatsApp-Image-2025-03-20-at-6.09.30-AM-9.jpg\"\n                 style=\"max-height: 580px;\"\/>\n        <\/a>\n\n        <\/div> \n<div id=\"ngg-image-10\" class=\"ngg-gallery-slideshow-image\" style=\"height:600px\">\n\n        <a href=\"https:\/\/www.villaeducativa.edu.mx\/newspaper\/wp-content\/gallery\/31-preparandoexpoarte\/WhatsApp-Image-2025-03-20-at-6.09.30-AM.jpg\"\n           title=\"\"\n           data-src=\"https:\/\/www.villaeducativa.edu.mx\/newspaper\/wp-content\/gallery\/31-preparandoexpoarte\/WhatsApp-Image-2025-03-20-at-6.09.30-AM.jpg\"\n           data-thumbnail=\"https:\/\/www.villaeducativa.edu.mx\/newspaper\/wp-content\/gallery\/31-preparandoexpoarte\/thumbs\/thumbs_WhatsApp-Image-2025-03-20-at-6.09.30-AM.jpg\"\n           data-image-id=\"61044\"\n           data-title=\"WhatsApp-Image-2025-03-20-at-6.09.30-AM\"\n           data-description=\"\"\n           class=\"ngg-fancybox\" rel=\"6d53a24cb4904218961a0be67c14b729\">\n\n            <img data-image-id='61044'\n                 title=\"\"\n                 alt=\"WhatsApp-Image-2025-03-20-at-6.09.30-AM\"\n                 src=\"https:\/\/www.villaeducativa.edu.mx\/newspaper\/wp-content\/gallery\/31-preparandoexpoarte\/WhatsApp-Image-2025-03-20-at-6.09.30-AM.jpg\"\n                 style=\"max-height: 580px;\"\/>\n        <\/a>\n\n        <\/div> \n<\/div>\n\n\n\n\n\n\n\n<p><strong><span class=\"has-inline-color has-vivid-cyan-blue-color\">Roberto Borges<br><\/span><\/strong><span class=\"has-inline-color has-vivid-cyan-blue-color\"><em>\u2060Historia del Arte<\/em><\/span><\/p>\n","protected":false},"excerpt":{"rendered":"<p>En la clase de Historia del Arte de Club AfterSchool estamos preparando los \u00faltimos detalles para nuestra gran exposici\u00f3n anual, en la que podr\u00e1n admirar el esfuerzo y la creatividad de los alumnos del profesor Roberto Borges. Los alumnos aprendieron acerca de las diferentes expresiones art\u00edsticas de diversas civilizaciones antiguas&hellip; <\/p>\n","protected":false},"author":2,"featured_media":128033,"comment_status":"closed","ping_status":"closed","sticky":false,"template":"","format":"standard","meta":{"ngg_post_thumbnail":0},"categories":[5],"tags":[],"_links":{"self":[{"href":"https:\/\/www.villaeducativa.edu.mx\/newspaper\/index.php?rest_route=\/wp\/v2\/posts\/128020"}],"collection":[{"href":"https:\/\/www.villaeducativa.edu.mx\/newspaper\/index.php?rest_route=\/wp\/v2\/posts"}],"about":[{"href":"https:\/\/www.villaeducativa.edu.mx\/newspaper\/index.php?rest_route=\/wp\/v2\/types\/post"}],"author":[{"embeddable":true,"href":"https:\/\/www.villaeducativa.edu.mx\/newspaper\/index.php?rest_route=\/wp\/v2\/users\/2"}],"replies":[{"embeddable":true,"href":"https:\/\/www.villaeducativa.edu.mx\/newspaper\/index.php?rest_route=%2Fwp%2Fv2%2Fcomments&post=128020"}],"version-history":[{"count":2,"href":"https:\/\/www.villaeducativa.edu.mx\/newspaper\/index.php?rest_route=\/wp\/v2\/posts\/128020\/revisions"}],"predecessor-version":[{"id":128178,"href":"https:\/\/www.villaeducativa.edu.mx\/newspaper\/index.php?rest_route=\/wp\/v2\/posts\/128020\/revisions\/128178"}],"wp:featuredmedia":[{"embeddable":true,"href":"https:\/\/www.villaeducativa.edu.mx\/newspaper\/index.php?rest_route=\/wp\/v2\/media\/128033"}],"wp:attachment":[{"href":"https:\/\/www.villaeducativa.edu.mx\/newspaper\/index.php?rest_route=%2Fwp%2Fv2%2Fmedia&parent=128020"}],"wp:term":[{"taxonomy":"category","embeddable":true,"href":"https:\/\/www.villaeducativa.edu.mx\/newspaper\/index.php?rest_route=%2Fwp%2Fv2%2Fcategories&post=128020"},{"taxonomy":"post_tag","embeddable":true,"href":"https:\/\/www.villaeducativa.edu.mx\/newspaper\/index.php?rest_route=%2Fwp%2Fv2%2Ftags&post=128020"}],"curies":[{"name":"wp","href":"https:\/\/api.w.org\/{rel}","templated":true}]}}