{"id":128019,"date":"2025-03-25T07:30:00","date_gmt":"2025-03-25T13:30:00","guid":{"rendered":"https:\/\/www.villaeducativa.edu.mx\/newspaper\/?p=128019"},"modified":"2025-03-25T13:15:06","modified_gmt":"2025-03-25T19:15:06","slug":"travel-the-world-through-art-exhibit","status":"publish","type":"post","link":"https:\/\/www.villaeducativa.edu.mx\/newspaper\/?p=128019","title":{"rendered":"Travel the World Through Art Exhibit"},"content":{"rendered":"\n<p>Invitamos a toda la comunidad de Happy K\u00ednder y Villa Educativa al gran exposici\u00f3n de Arte, que se llevar\u00e1 a cabo el <strong>28 de marzo<\/strong> en un horario abierto de <strong>10:00 a.m. a 1:00 p.m.<\/strong>, y tendr\u00e1 lugar en el gimnasio de la escuela.<\/p>\n\n\n\n<p>\u00a1Los esperamos!<\/p>\n\n\n\n<p>Los alumnos que toman clase de Arte deber\u00e1n presentarse en un horario espec\u00edfico, ya que tendr\u00e1n una actividad con sus respectivos profesores.<\/p>\n\n\n\n<figure class=\"wp-block-table is-style-regular\"><table><tbody><tr><td>K\u00ednder 1 y K\u00ednder 2&nbsp;<\/td><td>10:00 a.m.<\/td><\/tr><tr><td>K\u00ednder 3<\/td><td>11:20 a.m.<\/td><\/tr><tr><td>Primaria e Historia de Arte<\/td><td>12:30 p.m.<\/td><\/tr><\/tbody><\/table><\/figure>\n\n\n\n<p><strong><span class=\"has-inline-color has-vivid-cyan-blue-color\">Berenice \u00c1ngeles<br><\/span><\/strong><span class=\"has-inline-color has-vivid-cyan-blue-color\"><em>Coordinadora de Club AfterSchool<\/em><\/span><\/p>\n\n\n\n<div class=\"wp-block-image\"><figure class=\"aligncenter size-large is-resized\"><a href=\"https:\/\/www.villaeducativa.edu.mx\/newspaper\/wp-content\/uploads\/2025\/03\/expoarte.jpg\"><img loading=\"lazy\" src=\"https:\/\/www.villaeducativa.edu.mx\/newspaper\/wp-content\/uploads\/2025\/03\/expoarte-1024x1024.jpg\" alt=\"\" class=\"wp-image-128040\" width=\"578\" height=\"578\" srcset=\"https:\/\/www.villaeducativa.edu.mx\/newspaper\/wp-content\/uploads\/2025\/03\/expoarte-1024x1024.jpg 1024w, https:\/\/www.villaeducativa.edu.mx\/newspaper\/wp-content\/uploads\/2025\/03\/expoarte-300x300.jpg 300w, https:\/\/www.villaeducativa.edu.mx\/newspaper\/wp-content\/uploads\/2025\/03\/expoarte-150x150.jpg 150w, https:\/\/www.villaeducativa.edu.mx\/newspaper\/wp-content\/uploads\/2025\/03\/expoarte-768x768.jpg 768w, https:\/\/www.villaeducativa.edu.mx\/newspaper\/wp-content\/uploads\/2025\/03\/expoarte-600x600.jpg 600w, https:\/\/www.villaeducativa.edu.mx\/newspaper\/wp-content\/uploads\/2025\/03\/expoarte-100x100.jpg 100w, https:\/\/www.villaeducativa.edu.mx\/newspaper\/wp-content\/uploads\/2025\/03\/expoarte.jpg 1080w\" sizes=\"(max-width: 578px) 100vw, 578px\" \/><\/a><\/figure><\/div>\n","protected":false},"excerpt":{"rendered":"<p>Invitamos a toda la comunidad de Happy K\u00ednder y Villa Educativa al gran exposici\u00f3n de Arte, que se llevar\u00e1 a cabo el 28 de marzo en un horario abierto de 10:00 a.m. a 1:00 p.m., y tendr\u00e1 lugar en el gimnasio de la escuela. \u00a1Los esperamos! Los alumnos que toman&hellip; <\/p>\n","protected":false},"author":2,"featured_media":128039,"comment_status":"closed","ping_status":"closed","sticky":false,"template":"","format":"standard","meta":{"ngg_post_thumbnail":0},"categories":[5],"tags":[],"_links":{"self":[{"href":"https:\/\/www.villaeducativa.edu.mx\/newspaper\/index.php?rest_route=\/wp\/v2\/posts\/128019"}],"collection":[{"href":"https:\/\/www.villaeducativa.edu.mx\/newspaper\/index.php?rest_route=\/wp\/v2\/posts"}],"about":[{"href":"https:\/\/www.villaeducativa.edu.mx\/newspaper\/index.php?rest_route=\/wp\/v2\/types\/post"}],"author":[{"embeddable":true,"href":"https:\/\/www.villaeducativa.edu.mx\/newspaper\/index.php?rest_route=\/wp\/v2\/users\/2"}],"replies":[{"embeddable":true,"href":"https:\/\/www.villaeducativa.edu.mx\/newspaper\/index.php?rest_route=%2Fwp%2Fv2%2Fcomments&post=128019"}],"version-history":[{"count":3,"href":"https:\/\/www.villaeducativa.edu.mx\/newspaper\/index.php?rest_route=\/wp\/v2\/posts\/128019\/revisions"}],"predecessor-version":[{"id":128173,"href":"https:\/\/www.villaeducativa.edu.mx\/newspaper\/index.php?rest_route=\/wp\/v2\/posts\/128019\/revisions\/128173"}],"wp:featuredmedia":[{"embeddable":true,"href":"https:\/\/www.villaeducativa.edu.mx\/newspaper\/index.php?rest_route=\/wp\/v2\/media\/128039"}],"wp:attachment":[{"href":"https:\/\/www.villaeducativa.edu.mx\/newspaper\/index.php?rest_route=%2Fwp%2Fv2%2Fmedia&parent=128019"}],"wp:term":[{"taxonomy":"category","embeddable":true,"href":"https:\/\/www.villaeducativa.edu.mx\/newspaper\/index.php?rest_route=%2Fwp%2Fv2%2Fcategories&post=128019"},{"taxonomy":"post_tag","embeddable":true,"href":"https:\/\/www.villaeducativa.edu.mx\/newspaper\/index.php?rest_route=%2Fwp%2Fv2%2Ftags&post=128019"}],"curies":[{"name":"wp","href":"https:\/\/api.w.org\/{rel}","templated":true}]}}