{"id":127919,"date":"2025-03-25T09:02:00","date_gmt":"2025-03-25T15:02:00","guid":{"rendered":"https:\/\/www.villaeducativa.edu.mx\/newspaper\/?p=127919"},"modified":"2025-03-25T11:42:33","modified_gmt":"2025-03-25T17:42:33","slug":"orgullosos-de-nuestros-exalumnos-2","status":"publish","type":"post","link":"https:\/\/www.villaeducativa.edu.mx\/newspaper\/?p=127919","title":{"rendered":"Orgullosos de nuestros exalumnos"},"content":{"rendered":"\n<p>Felicitamos a nuestro exalumno Sebasti\u00e1n Molina (generaci\u00f3n 2015-2018 de Villa High), quien actualmente cursa la carrera de Econom\u00eda en el Tecnol\u00f3gico de Monterrey, por haber sido galardonado en el MootComp de la Comisi\u00f3n Federal de Competencia Econ\u00f3mica.\u00a0<\/p>\n\n\n\n<p>Pueden ver la nota completa en el siguiente <a href=\"https:\/\/conecta.tec.mx\/es\/noticias\/estado-de-mexico\/educacion\/mejor-economista-y-abogado-estudiantes-tec-en-el-mootcomp-de?linkId=777719751&amp;fbclid=IwY2xjawJJKVtleHRuA2FlbQExAAEd25kyEwfRUFeqlnw0RBNvR1XzU6Mmm6ooe3wzwpFprPn40HU_cqCRts_P_aem_RtadcphxZDYYfoRXLLNYAA\"><strong><span class=\"has-inline-color has-vivid-cyan-blue-color\">link<\/span><\/strong><\/a>.<\/p>\n\n\n\n<p><\/p>\n\n\n\n<div class=\"wp-block-image\"><figure class=\"aligncenter size-large\"><img loading=\"lazy\" width=\"458\" height=\"512\" src=\"https:\/\/www.villaeducativa.edu.mx\/newspaper\/wp-content\/uploads\/2025\/03\/mocorgullo.jpg\" alt=\"\" class=\"wp-image-127920\" srcset=\"https:\/\/www.villaeducativa.edu.mx\/newspaper\/wp-content\/uploads\/2025\/03\/mocorgullo.jpg 458w, https:\/\/www.villaeducativa.edu.mx\/newspaper\/wp-content\/uploads\/2025\/03\/mocorgullo-268x300.jpg 268w\" sizes=\"(max-width: 458px) 100vw, 458px\" \/><\/figure><\/div>\n\n\n\n<p><strong><span class=\"has-inline-color has-vivid-cyan-blue-color\">Karla Renter\u00eda<br><\/span><\/strong><span class=\"has-inline-color has-vivid-cyan-blue-color\"><em>Direcci\u00f3n Acad\u00e9mica<\/em><\/span><\/p>\n","protected":false},"excerpt":{"rendered":"<p>Felicitamos a nuestro exalumno Sebasti\u00e1n Molina (generaci\u00f3n 2015-2018 de Villa High), quien actualmente cursa la carrera de Econom\u00eda en el Tecnol\u00f3gico de Monterrey, por haber sido galardonado en el MootComp de la Comisi\u00f3n Federal de Competencia Econ\u00f3mica.\u00a0 Pueden ver la nota completa en el siguiente link. Karla Renter\u00edaDirecci\u00f3n Acad\u00e9mica<\/p>\n","protected":false},"author":2,"featured_media":127921,"comment_status":"closed","ping_status":"closed","sticky":false,"template":"","format":"standard","meta":{"ngg_post_thumbnail":0},"categories":[17],"tags":[],"_links":{"self":[{"href":"https:\/\/www.villaeducativa.edu.mx\/newspaper\/index.php?rest_route=\/wp\/v2\/posts\/127919"}],"collection":[{"href":"https:\/\/www.villaeducativa.edu.mx\/newspaper\/index.php?rest_route=\/wp\/v2\/posts"}],"about":[{"href":"https:\/\/www.villaeducativa.edu.mx\/newspaper\/index.php?rest_route=\/wp\/v2\/types\/post"}],"author":[{"embeddable":true,"href":"https:\/\/www.villaeducativa.edu.mx\/newspaper\/index.php?rest_route=\/wp\/v2\/users\/2"}],"replies":[{"embeddable":true,"href":"https:\/\/www.villaeducativa.edu.mx\/newspaper\/index.php?rest_route=%2Fwp%2Fv2%2Fcomments&post=127919"}],"version-history":[{"count":2,"href":"https:\/\/www.villaeducativa.edu.mx\/newspaper\/index.php?rest_route=\/wp\/v2\/posts\/127919\/revisions"}],"predecessor-version":[{"id":128129,"href":"https:\/\/www.villaeducativa.edu.mx\/newspaper\/index.php?rest_route=\/wp\/v2\/posts\/127919\/revisions\/128129"}],"wp:featuredmedia":[{"embeddable":true,"href":"https:\/\/www.villaeducativa.edu.mx\/newspaper\/index.php?rest_route=\/wp\/v2\/media\/127921"}],"wp:attachment":[{"href":"https:\/\/www.villaeducativa.edu.mx\/newspaper\/index.php?rest_route=%2Fwp%2Fv2%2Fmedia&parent=127919"}],"wp:term":[{"taxonomy":"category","embeddable":true,"href":"https:\/\/www.villaeducativa.edu.mx\/newspaper\/index.php?rest_route=%2Fwp%2Fv2%2Fcategories&post=127919"},{"taxonomy":"post_tag","embeddable":true,"href":"https:\/\/www.villaeducativa.edu.mx\/newspaper\/index.php?rest_route=%2Fwp%2Fv2%2Ftags&post=127919"}],"curies":[{"name":"wp","href":"https:\/\/api.w.org\/{rel}","templated":true}]}}