{"id":127626,"date":"2025-03-25T09:10:00","date_gmt":"2025-03-25T15:10:00","guid":{"rendered":"https:\/\/www.villaeducativa.edu.mx\/newspaper\/?p=127626"},"modified":"2025-03-25T11:36:13","modified_gmt":"2025-03-25T17:36:13","slug":"feria-del-libro-venta-de-boletos-clap","status":"publish","type":"post","link":"https:\/\/www.villaeducativa.edu.mx\/newspaper\/?p=127626","title":{"rendered":"Feria del libro: Venta de boletos Clap"},"content":{"rendered":"\n<p>Les informamos que a partir del mi\u00e9rcoles 26 de marzo y hasta el 31 de marzo, en un horario de 7:30 a 8:10 a.m., miss Marisol, responsable de caja, estar\u00e1 en la puerta de entrada para la venta de boletos de las obras que se presentar\u00e1n durante la Semana Cultural.<\/p>\n\n\n\n<p>Les pedimos que aquellos alumnos que deseen adquirir sus boletos, lo hagan en ese momento.<\/p>\n\n\n\n<p>\u00a1Gracias por su apoyo y participaci\u00f3n!&nbsp;<\/p>\n\n\n\n<p><a href=\"https:\/\/www.villaeducativa.edu.mx\/newspaper\/?p=127513\"><em><span class=\"has-inline-color has-vivid-cyan-blue-color\">Ver Book Fair y Semana Cultural 2025<\/span><\/em><\/a><\/p>\n\n\n\n<p><span class=\"has-inline-color has-vivid-cyan-blue-color\"><strong>Jacive Monroy<\/strong><br><em>Coordinadora Operativa<\/em><\/span><\/p>\n","protected":false},"excerpt":{"rendered":"<p>Les informamos que a partir del mi\u00e9rcoles 26 de marzo y hasta el 31 de marzo, en un horario de 7:30 a 8:10 a.m., miss Marisol, responsable de caja, estar\u00e1 en la puerta de entrada para la venta de boletos de las obras que se presentar\u00e1n durante la Semana Cultural.&hellip; <\/p>\n","protected":false},"author":2,"featured_media":127627,"comment_status":"closed","ping_status":"closed","sticky":false,"template":"","format":"standard","meta":{"ngg_post_thumbnail":0},"categories":[17],"tags":[],"_links":{"self":[{"href":"https:\/\/www.villaeducativa.edu.mx\/newspaper\/index.php?rest_route=\/wp\/v2\/posts\/127626"}],"collection":[{"href":"https:\/\/www.villaeducativa.edu.mx\/newspaper\/index.php?rest_route=\/wp\/v2\/posts"}],"about":[{"href":"https:\/\/www.villaeducativa.edu.mx\/newspaper\/index.php?rest_route=\/wp\/v2\/types\/post"}],"author":[{"embeddable":true,"href":"https:\/\/www.villaeducativa.edu.mx\/newspaper\/index.php?rest_route=\/wp\/v2\/users\/2"}],"replies":[{"embeddable":true,"href":"https:\/\/www.villaeducativa.edu.mx\/newspaper\/index.php?rest_route=%2Fwp%2Fv2%2Fcomments&post=127626"}],"version-history":[{"count":2,"href":"https:\/\/www.villaeducativa.edu.mx\/newspaper\/index.php?rest_route=\/wp\/v2\/posts\/127626\/revisions"}],"predecessor-version":[{"id":128125,"href":"https:\/\/www.villaeducativa.edu.mx\/newspaper\/index.php?rest_route=\/wp\/v2\/posts\/127626\/revisions\/128125"}],"wp:featuredmedia":[{"embeddable":true,"href":"https:\/\/www.villaeducativa.edu.mx\/newspaper\/index.php?rest_route=\/wp\/v2\/media\/127627"}],"wp:attachment":[{"href":"https:\/\/www.villaeducativa.edu.mx\/newspaper\/index.php?rest_route=%2Fwp%2Fv2%2Fmedia&parent=127626"}],"wp:term":[{"taxonomy":"category","embeddable":true,"href":"https:\/\/www.villaeducativa.edu.mx\/newspaper\/index.php?rest_route=%2Fwp%2Fv2%2Fcategories&post=127626"},{"taxonomy":"post_tag","embeddable":true,"href":"https:\/\/www.villaeducativa.edu.mx\/newspaper\/index.php?rest_route=%2Fwp%2Fv2%2Ftags&post=127626"}],"curies":[{"name":"wp","href":"https:\/\/api.w.org\/{rel}","templated":true}]}}