{"id":127513,"date":"2025-03-18T09:33:00","date_gmt":"2025-03-18T15:33:00","guid":{"rendered":"https:\/\/www.villaeducativa.edu.mx\/newspaper\/?p=127513"},"modified":"2025-03-18T13:19:36","modified_gmt":"2025-03-18T19:19:36","slug":"book-fair-y-semana-cultural-2025","status":"publish","type":"post","link":"https:\/\/www.villaeducativa.edu.mx\/newspaper\/?p=127513","title":{"rendered":"Book Fair y Semana Cultural 2025"},"content":{"rendered":"\n<h5><strong>Semana Cultural 2025<\/strong><\/h5>\n\n\n\n<p>Este a\u00f1o, nuestra Semana Cultural se llevar\u00e1 a cabo del 1 al 4 de abril, con diversas actividades que fomentan el arte, la cultura y la literatura:<\/p>\n\n\n\n<p><strong>Teatro en ingl\u00e9s con la compa\u00f1\u00eda Clap<\/strong><br>El 1 de abril, dentro del horario de clases, la compa\u00f1\u00eda de teatro Clap presentar\u00e1 las siguientes obras en ingl\u00e9s (evento exclusivo para alumnos):<\/p>\n\n\n\n<ul><li><strong>TOYS<\/strong> \u2013 2\u00ba de primaria<\/li><li><strong>SPOOK<\/strong> \u2013 3\u00ba a 6\u00ba de primaria<\/li><li><strong>MMBETH<\/strong> \u2013 Secundaria<\/li><\/ul>\n\n\n\n<p>Les recordamos que los boletos est\u00e1n disponibles en caja. Costo: $120 (pago en efectivo).<\/p>\n\n\n\n<hr class=\"wp-block-separator\"\/>\n\n\n\n<h5><strong>Book Fair 2025<\/strong><\/h5>\n\n\n\n<p>La Feria del Libro se llevar\u00e1 a cabo los d\u00edas 3 y 4 de abril, de 8:00 a 19:00 h. Podr\u00e1n encontrar una amplia variedad de t\u00edtulos en ingl\u00e9s y espa\u00f1ol para todos los gustos literarios.<\/p>\n\n\n\n<p><span class=\"has-inline-color has-vivid-cyan-blue-color\"><strong>Jacive Monroy<\/strong><br>Coordinadora Operativa<\/span><\/p>\n","protected":false},"excerpt":{"rendered":"<p>Este a\u00f1o, nuestra Semana Cultural se llevar\u00e1 a cabo del 1 al 4 de abril, con diversas actividades que fomentan el arte, la cultura y la literatura. La Feria del Libro se llevar\u00e1 a cabo los d\u00edas 3 y 4 de abril, donde podr\u00e1n encontrar una amplia variedad de t\u00edtulos en ingl\u00e9s y espa\u00f1ol para todos los gustos literarios&#8230;<\/p>\n","protected":false},"author":2,"featured_media":127542,"comment_status":"closed","ping_status":"closed","sticky":false,"template":"","format":"standard","meta":{"ngg_post_thumbnail":0},"categories":[17],"tags":[],"_links":{"self":[{"href":"https:\/\/www.villaeducativa.edu.mx\/newspaper\/index.php?rest_route=\/wp\/v2\/posts\/127513"}],"collection":[{"href":"https:\/\/www.villaeducativa.edu.mx\/newspaper\/index.php?rest_route=\/wp\/v2\/posts"}],"about":[{"href":"https:\/\/www.villaeducativa.edu.mx\/newspaper\/index.php?rest_route=\/wp\/v2\/types\/post"}],"author":[{"embeddable":true,"href":"https:\/\/www.villaeducativa.edu.mx\/newspaper\/index.php?rest_route=\/wp\/v2\/users\/2"}],"replies":[{"embeddable":true,"href":"https:\/\/www.villaeducativa.edu.mx\/newspaper\/index.php?rest_route=%2Fwp%2Fv2%2Fcomments&post=127513"}],"version-history":[{"count":2,"href":"https:\/\/www.villaeducativa.edu.mx\/newspaper\/index.php?rest_route=\/wp\/v2\/posts\/127513\/revisions"}],"predecessor-version":[{"id":127546,"href":"https:\/\/www.villaeducativa.edu.mx\/newspaper\/index.php?rest_route=\/wp\/v2\/posts\/127513\/revisions\/127546"}],"wp:featuredmedia":[{"embeddable":true,"href":"https:\/\/www.villaeducativa.edu.mx\/newspaper\/index.php?rest_route=\/wp\/v2\/media\/127542"}],"wp:attachment":[{"href":"https:\/\/www.villaeducativa.edu.mx\/newspaper\/index.php?rest_route=%2Fwp%2Fv2%2Fmedia&parent=127513"}],"wp:term":[{"taxonomy":"category","embeddable":true,"href":"https:\/\/www.villaeducativa.edu.mx\/newspaper\/index.php?rest_route=%2Fwp%2Fv2%2Fcategories&post=127513"},{"taxonomy":"post_tag","embeddable":true,"href":"https:\/\/www.villaeducativa.edu.mx\/newspaper\/index.php?rest_route=%2Fwp%2Fv2%2Ftags&post=127513"}],"curies":[{"name":"wp","href":"https:\/\/api.w.org\/{rel}","templated":true}]}}