{"id":127477,"date":"2025-03-18T07:20:00","date_gmt":"2025-03-18T13:20:00","guid":{"rendered":"https:\/\/www.villaeducativa.edu.mx\/newspaper\/?p=127477"},"modified":"2025-03-18T14:41:02","modified_gmt":"2025-03-18T20:41:02","slug":"tecnica-en-karate-primaria-alta","status":"publish","type":"post","link":"https:\/\/www.villaeducativa.edu.mx\/newspaper\/?p=127477","title":{"rendered":"T\u00e9cnica en Karate Primaria Alta"},"content":{"rendered":"\n<p><strong>\u00bfPor qu\u00e9 es importante la t\u00e9cnica deportiva en el karatedo?<\/strong><\/p>\n\n\n\n<p>La t\u00e9cnica deportiva es esencial porque determina la eficacia de las capacidades f\u00edsicas en el momento de la competici\u00f3n. Adem\u00e1s, proporciona m\u00e1s control al karateka y mayor posibilidad de precisi\u00f3n al realizar las distintas acciones biomec\u00e1nicas que participan en una disciplina en particular.<\/p>\n\n\n\n<p>La t\u00e9cnica es un aspecto central en el desarrollo de cualquier trabajo que implique precisi\u00f3n y destreza. Se puede decir que consiste en un conjunto de procedimientos y recursos necesarios para conseguir un resultado en particular.<\/p>\n\n\n\n<p>Estos movimientos y secuencias se han desarrollado a lo largo del tiempo para dar respuesta a limitaciones o problemas de tipo motor utilizando la biomec\u00e1nica.<\/p>\n\n\n\n<p>La t\u00e9cnica se fundamenta con base en principios cient\u00edficos que rigen el movimiento y que se enfocan en el menor gasto energ\u00e9tico, pero en la que, adem\u00e1s, participan elementos emp\u00edricos. Es as\u00ed como puede adaptarse a cada alumno y a sus particularidades con el fin de alcanzar metas m\u00e1s elevadas.\u00a0<\/p>\n\n\n\n<p>Cada alumno de karatedo al ejecutar la t\u00e9cnica espec\u00edfica, la adapta a su individualidad corporal, revelando as\u00ed una t\u00e9cnica con toques personales que lo diferencian del resto.<\/p>\n\n\n\n\n\n<div class=\"ngg-galleryoverview ngg-slideshow\"\n\t id=\"ngg-slideshow-91076125d998bd83f2bed49798c8c0fa-4813663350\"\n     data-gallery-id=\"91076125d998bd83f2bed49798c8c0fa\"\n     style=\"max-width: 600px; max-height: 400px;\">\n\n \t<div id=\"ngg-image-0\" class=\"ngg-gallery-slideshow-image\" style=\"height:400px\">\n\n        <a href=\"https:\/\/www.villaeducativa.edu.mx\/newspaper\/wp-content\/gallery\/30-tecnicakaratealta\/WhatsApp-Image-2025-03-14-at-6.46.26-AM-1.jpg\"\n           title=\"\"\n           data-src=\"https:\/\/www.villaeducativa.edu.mx\/newspaper\/wp-content\/gallery\/30-tecnicakaratealta\/WhatsApp-Image-2025-03-14-at-6.46.26-AM-1.jpg\"\n           data-thumbnail=\"https:\/\/www.villaeducativa.edu.mx\/newspaper\/wp-content\/gallery\/30-tecnicakaratealta\/thumbs\/thumbs_WhatsApp-Image-2025-03-14-at-6.46.26-AM-1.jpg\"\n           data-image-id=\"60686\"\n           data-title=\"WhatsApp-Image-2025-03-14-at-6.46.26-AM-1\"\n           data-description=\"\"\n           class=\"ngg-fancybox\" rel=\"91076125d998bd83f2bed49798c8c0fa\">\n\n            <img data-image-id='60686'\n                 title=\"\"\n                 alt=\"WhatsApp-Image-2025-03-14-at-6.46.26-AM-1\"\n                 src=\"https:\/\/www.villaeducativa.edu.mx\/newspaper\/wp-content\/gallery\/30-tecnicakaratealta\/WhatsApp-Image-2025-03-14-at-6.46.26-AM-1.jpg\"\n                 style=\"max-height: 380px;\"\/>\n        <\/a>\n\n        <\/div> \n<div id=\"ngg-image-1\" class=\"ngg-gallery-slideshow-image\" style=\"height:400px\">\n\n        <a href=\"https:\/\/www.villaeducativa.edu.mx\/newspaper\/wp-content\/gallery\/30-tecnicakaratealta\/WhatsApp-Image-2025-03-14-at-6.46.27-AM.jpg\"\n           title=\"\"\n           data-src=\"https:\/\/www.villaeducativa.edu.mx\/newspaper\/wp-content\/gallery\/30-tecnicakaratealta\/WhatsApp-Image-2025-03-14-at-6.46.27-AM.jpg\"\n           data-thumbnail=\"https:\/\/www.villaeducativa.edu.mx\/newspaper\/wp-content\/gallery\/30-tecnicakaratealta\/thumbs\/thumbs_WhatsApp-Image-2025-03-14-at-6.46.27-AM.jpg\"\n           data-image-id=\"60689\"\n           data-title=\"WhatsApp-Image-2025-03-14-at-6.46.27-AM\"\n           data-description=\"\"\n           class=\"ngg-fancybox\" rel=\"91076125d998bd83f2bed49798c8c0fa\">\n\n            <img data-image-id='60689'\n                 title=\"\"\n                 alt=\"WhatsApp-Image-2025-03-14-at-6.46.27-AM\"\n                 src=\"https:\/\/www.villaeducativa.edu.mx\/newspaper\/wp-content\/gallery\/30-tecnicakaratealta\/WhatsApp-Image-2025-03-14-at-6.46.27-AM.jpg\"\n                 style=\"max-height: 380px;\"\/>\n        <\/a>\n\n        <\/div> \n<div id=\"ngg-image-2\" class=\"ngg-gallery-slideshow-image\" style=\"height:400px\">\n\n        <a href=\"https:\/\/www.villaeducativa.edu.mx\/newspaper\/wp-content\/gallery\/30-tecnicakaratealta\/WhatsApp-Image-2025-03-14-at-6.46.27-AM-3.jpg\"\n           title=\"\"\n           data-src=\"https:\/\/www.villaeducativa.edu.mx\/newspaper\/wp-content\/gallery\/30-tecnicakaratealta\/WhatsApp-Image-2025-03-14-at-6.46.27-AM-3.jpg\"\n           data-thumbnail=\"https:\/\/www.villaeducativa.edu.mx\/newspaper\/wp-content\/gallery\/30-tecnicakaratealta\/thumbs\/thumbs_WhatsApp-Image-2025-03-14-at-6.46.27-AM-3.jpg\"\n           data-image-id=\"60688\"\n           data-title=\"WhatsApp-Image-2025-03-14-at-6.46.27-AM-3\"\n           data-description=\"\"\n           class=\"ngg-fancybox\" rel=\"91076125d998bd83f2bed49798c8c0fa\">\n\n            <img data-image-id='60688'\n                 title=\"\"\n                 alt=\"WhatsApp-Image-2025-03-14-at-6.46.27-AM-3\"\n                 src=\"https:\/\/www.villaeducativa.edu.mx\/newspaper\/wp-content\/gallery\/30-tecnicakaratealta\/WhatsApp-Image-2025-03-14-at-6.46.27-AM-3.jpg\"\n                 style=\"max-height: 380px;\"\/>\n        <\/a>\n\n        <\/div> \n<div id=\"ngg-image-3\" class=\"ngg-gallery-slideshow-image\" style=\"height:400px\">\n\n        <a href=\"https:\/\/www.villaeducativa.edu.mx\/newspaper\/wp-content\/gallery\/30-tecnicakaratealta\/WhatsApp-Image-2025-03-14-at-6.46.26-AM-2.jpg\"\n           title=\"\"\n           data-src=\"https:\/\/www.villaeducativa.edu.mx\/newspaper\/wp-content\/gallery\/30-tecnicakaratealta\/WhatsApp-Image-2025-03-14-at-6.46.26-AM-2.jpg\"\n           data-thumbnail=\"https:\/\/www.villaeducativa.edu.mx\/newspaper\/wp-content\/gallery\/30-tecnicakaratealta\/thumbs\/thumbs_WhatsApp-Image-2025-03-14-at-6.46.26-AM-2.jpg\"\n           data-image-id=\"60690\"\n           data-title=\"WhatsApp-Image-2025-03-14-at-6.46.26-AM-2\"\n           data-description=\"\"\n           class=\"ngg-fancybox\" rel=\"91076125d998bd83f2bed49798c8c0fa\">\n\n            <img data-image-id='60690'\n                 title=\"\"\n                 alt=\"WhatsApp-Image-2025-03-14-at-6.46.26-AM-2\"\n                 src=\"https:\/\/www.villaeducativa.edu.mx\/newspaper\/wp-content\/gallery\/30-tecnicakaratealta\/WhatsApp-Image-2025-03-14-at-6.46.26-AM-2.jpg\"\n                 style=\"max-height: 380px;\"\/>\n        <\/a>\n\n        <\/div> \n<div id=\"ngg-image-4\" class=\"ngg-gallery-slideshow-image\" style=\"height:400px\">\n\n        <a href=\"https:\/\/www.villaeducativa.edu.mx\/newspaper\/wp-content\/gallery\/30-tecnicakaratealta\/WhatsApp-Image-2025-03-14-at-6.46.27-AM-2.jpg\"\n           title=\"\"\n           data-src=\"https:\/\/www.villaeducativa.edu.mx\/newspaper\/wp-content\/gallery\/30-tecnicakaratealta\/WhatsApp-Image-2025-03-14-at-6.46.27-AM-2.jpg\"\n           data-thumbnail=\"https:\/\/www.villaeducativa.edu.mx\/newspaper\/wp-content\/gallery\/30-tecnicakaratealta\/thumbs\/thumbs_WhatsApp-Image-2025-03-14-at-6.46.27-AM-2.jpg\"\n           data-image-id=\"60687\"\n           data-title=\"WhatsApp-Image-2025-03-14-at-6.46.27-AM-2\"\n           data-description=\"\"\n           class=\"ngg-fancybox\" rel=\"91076125d998bd83f2bed49798c8c0fa\">\n\n            <img data-image-id='60687'\n                 title=\"\"\n                 alt=\"WhatsApp-Image-2025-03-14-at-6.46.27-AM-2\"\n                 src=\"https:\/\/www.villaeducativa.edu.mx\/newspaper\/wp-content\/gallery\/30-tecnicakaratealta\/WhatsApp-Image-2025-03-14-at-6.46.27-AM-2.jpg\"\n                 style=\"max-height: 380px;\"\/>\n        <\/a>\n\n        <\/div> \n<\/div>\n\n\n\n\n\n\n\n<p><strong><span class=\"has-inline-color has-vivid-cyan-blue-color\">Mauricio Briffault<br><\/span><\/strong><span class=\"has-inline-color has-vivid-cyan-blue-color\"><em>Instructor IOGKF<\/em><\/span><\/p>\n","protected":false},"excerpt":{"rendered":"<p>\u00bfPor qu\u00e9 es importante la t\u00e9cnica deportiva en el karatedo? La t\u00e9cnica deportiva es esencial porque determina la eficacia de las capacidades f\u00edsicas en el momento de la competici\u00f3n. Adem\u00e1s, proporciona m\u00e1s control al karateka y mayor posibilidad de precisi\u00f3n al realizar las distintas acciones biomec\u00e1nicas que participan en una&hellip; <\/p>\n","protected":false},"author":2,"featured_media":127484,"comment_status":"closed","ping_status":"closed","sticky":false,"template":"","format":"standard","meta":{"ngg_post_thumbnail":0},"categories":[5],"tags":[],"_links":{"self":[{"href":"https:\/\/www.villaeducativa.edu.mx\/newspaper\/index.php?rest_route=\/wp\/v2\/posts\/127477"}],"collection":[{"href":"https:\/\/www.villaeducativa.edu.mx\/newspaper\/index.php?rest_route=\/wp\/v2\/posts"}],"about":[{"href":"https:\/\/www.villaeducativa.edu.mx\/newspaper\/index.php?rest_route=\/wp\/v2\/types\/post"}],"author":[{"embeddable":true,"href":"https:\/\/www.villaeducativa.edu.mx\/newspaper\/index.php?rest_route=\/wp\/v2\/users\/2"}],"replies":[{"embeddable":true,"href":"https:\/\/www.villaeducativa.edu.mx\/newspaper\/index.php?rest_route=%2Fwp%2Fv2%2Fcomments&post=127477"}],"version-history":[{"count":2,"href":"https:\/\/www.villaeducativa.edu.mx\/newspaper\/index.php?rest_route=\/wp\/v2\/posts\/127477\/revisions"}],"predecessor-version":[{"id":127584,"href":"https:\/\/www.villaeducativa.edu.mx\/newspaper\/index.php?rest_route=\/wp\/v2\/posts\/127477\/revisions\/127584"}],"wp:featuredmedia":[{"embeddable":true,"href":"https:\/\/www.villaeducativa.edu.mx\/newspaper\/index.php?rest_route=\/wp\/v2\/media\/127484"}],"wp:attachment":[{"href":"https:\/\/www.villaeducativa.edu.mx\/newspaper\/index.php?rest_route=%2Fwp%2Fv2%2Fmedia&parent=127477"}],"wp:term":[{"taxonomy":"category","embeddable":true,"href":"https:\/\/www.villaeducativa.edu.mx\/newspaper\/index.php?rest_route=%2Fwp%2Fv2%2Fcategories&post=127477"},{"taxonomy":"post_tag","embeddable":true,"href":"https:\/\/www.villaeducativa.edu.mx\/newspaper\/index.php?rest_route=%2Fwp%2Fv2%2Ftags&post=127477"}],"curies":[{"name":"wp","href":"https:\/\/api.w.org\/{rel}","templated":true}]}}