{"id":127462,"date":"2025-03-18T07:40:00","date_gmt":"2025-03-18T13:40:00","guid":{"rendered":"https:\/\/www.villaeducativa.edu.mx\/newspaper\/?p=127462"},"modified":"2025-03-18T14:21:50","modified_gmt":"2025-03-18T20:21:50","slug":"que-es-la-sostenibilidad-una-platica-con-exalumnos","status":"publish","type":"post","link":"https:\/\/www.villaeducativa.edu.mx\/newspaper\/?p=127462","title":{"rendered":"\u00bfQu\u00e9 es la sostenibilidad? Una pl\u00e1tica con exalumnos"},"content":{"rendered":"\n<p>Tuvimos la fortuna de ser visitados por Leonardo Samano y Diego Gil, quienes se graduaron de Villa High en 2018. <\/p>\n\n\n\n<p>Leonardo y Diego actualmente estudian Desarrollo y Sostenibilidad en el Tec de Monterrey y dieron una pl\u00e1tica a alumnos de segundo grado sobre qu\u00e9 es la sostenibilidad, c\u00f3mo la sostenibilidad afecta a los alumnos y los proyectos de campo que han realizado en M\u00e9xico.&nbsp;<\/p>\n\n\n\n<p>Los chicos de segundo van a tener su<strong> Sustainability Fair <\/strong>el 9 de abril; esperemos que se hayan inspirado mucho m\u00e1s con la experiencia expuesta por nuestros exalumnos.&nbsp;<\/p>\n\n\n\n\n\n<div class=\"ngg-galleryoverview ngg-slideshow\"\n\t id=\"ngg-slideshow-a8843d6e89e5566c744e5185adf1dbb6-17747535060\"\n     data-gallery-id=\"a8843d6e89e5566c744e5185adf1dbb6\"\n     style=\"max-width: 600px; max-height: 400px;\">\n\n \t<div id=\"ngg-image-0\" class=\"ngg-gallery-slideshow-image\" style=\"height:400px\">\n\n        <a href=\"https:\/\/www.villaeducativa.edu.mx\/newspaper\/wp-content\/gallery\/30-sostentabilidadhigh\/WhatsApp-Image-2025-03-14-at-13.29.46-2.jpg\"\n           title=\"\"\n           data-src=\"https:\/\/www.villaeducativa.edu.mx\/newspaper\/wp-content\/gallery\/30-sostentabilidadhigh\/WhatsApp-Image-2025-03-14-at-13.29.46-2.jpg\"\n           data-thumbnail=\"https:\/\/www.villaeducativa.edu.mx\/newspaper\/wp-content\/gallery\/30-sostentabilidadhigh\/thumbs\/thumbs_WhatsApp-Image-2025-03-14-at-13.29.46-2.jpg\"\n           data-image-id=\"60679\"\n           data-title=\"WhatsApp-Image-2025-03-14-at-13.29.46-2\"\n           data-description=\"\"\n           class=\"ngg-fancybox\" rel=\"a8843d6e89e5566c744e5185adf1dbb6\">\n\n            <img data-image-id='60679'\n                 title=\"\"\n                 alt=\"WhatsApp-Image-2025-03-14-at-13.29.46-2\"\n                 src=\"https:\/\/www.villaeducativa.edu.mx\/newspaper\/wp-content\/gallery\/30-sostentabilidadhigh\/WhatsApp-Image-2025-03-14-at-13.29.46-2.jpg\"\n                 style=\"max-height: 380px;\"\/>\n        <\/a>\n\n        <\/div> \n<div id=\"ngg-image-1\" class=\"ngg-gallery-slideshow-image\" style=\"height:400px\">\n\n        <a href=\"https:\/\/www.villaeducativa.edu.mx\/newspaper\/wp-content\/gallery\/30-sostentabilidadhigh\/WhatsApp-Image-2025-03-14-at-13.29.47-3.jpg\"\n           title=\"\"\n           data-src=\"https:\/\/www.villaeducativa.edu.mx\/newspaper\/wp-content\/gallery\/30-sostentabilidadhigh\/WhatsApp-Image-2025-03-14-at-13.29.47-3.jpg\"\n           data-thumbnail=\"https:\/\/www.villaeducativa.edu.mx\/newspaper\/wp-content\/gallery\/30-sostentabilidadhigh\/thumbs\/thumbs_WhatsApp-Image-2025-03-14-at-13.29.47-3.jpg\"\n           data-image-id=\"60683\"\n           data-title=\"WhatsApp-Image-2025-03-14-at-13.29.47-3\"\n           data-description=\"\"\n           class=\"ngg-fancybox\" rel=\"a8843d6e89e5566c744e5185adf1dbb6\">\n\n            <img data-image-id='60683'\n                 title=\"\"\n                 alt=\"WhatsApp-Image-2025-03-14-at-13.29.47-3\"\n                 src=\"https:\/\/www.villaeducativa.edu.mx\/newspaper\/wp-content\/gallery\/30-sostentabilidadhigh\/WhatsApp-Image-2025-03-14-at-13.29.47-3.jpg\"\n                 style=\"max-height: 380px;\"\/>\n        <\/a>\n\n        <\/div> \n<div id=\"ngg-image-2\" class=\"ngg-gallery-slideshow-image\" style=\"height:400px\">\n\n        <a href=\"https:\/\/www.villaeducativa.edu.mx\/newspaper\/wp-content\/gallery\/30-sostentabilidadhigh\/WhatsApp-Image-2025-03-14-at-13.29.47.jpg\"\n           title=\"\"\n           data-src=\"https:\/\/www.villaeducativa.edu.mx\/newspaper\/wp-content\/gallery\/30-sostentabilidadhigh\/WhatsApp-Image-2025-03-14-at-13.29.47.jpg\"\n           data-thumbnail=\"https:\/\/www.villaeducativa.edu.mx\/newspaper\/wp-content\/gallery\/30-sostentabilidadhigh\/thumbs\/thumbs_WhatsApp-Image-2025-03-14-at-13.29.47.jpg\"\n           data-image-id=\"60678\"\n           data-title=\"WhatsApp-Image-2025-03-14-at-13.29.47\"\n           data-description=\"\"\n           class=\"ngg-fancybox\" rel=\"a8843d6e89e5566c744e5185adf1dbb6\">\n\n            <img data-image-id='60678'\n                 title=\"\"\n                 alt=\"WhatsApp-Image-2025-03-14-at-13.29.47\"\n                 src=\"https:\/\/www.villaeducativa.edu.mx\/newspaper\/wp-content\/gallery\/30-sostentabilidadhigh\/WhatsApp-Image-2025-03-14-at-13.29.47.jpg\"\n                 style=\"max-height: 380px;\"\/>\n        <\/a>\n\n        <\/div> \n<div id=\"ngg-image-3\" class=\"ngg-gallery-slideshow-image\" style=\"height:400px\">\n\n        <a href=\"https:\/\/www.villaeducativa.edu.mx\/newspaper\/wp-content\/gallery\/30-sostentabilidadhigh\/WhatsApp-Image-2025-03-14-at-13.29.47-4.jpg\"\n           title=\"\"\n           data-src=\"https:\/\/www.villaeducativa.edu.mx\/newspaper\/wp-content\/gallery\/30-sostentabilidadhigh\/WhatsApp-Image-2025-03-14-at-13.29.47-4.jpg\"\n           data-thumbnail=\"https:\/\/www.villaeducativa.edu.mx\/newspaper\/wp-content\/gallery\/30-sostentabilidadhigh\/thumbs\/thumbs_WhatsApp-Image-2025-03-14-at-13.29.47-4.jpg\"\n           data-image-id=\"60685\"\n           data-title=\"WhatsApp-Image-2025-03-14-at-13.29.47-4\"\n           data-description=\"\"\n           class=\"ngg-fancybox\" rel=\"a8843d6e89e5566c744e5185adf1dbb6\">\n\n            <img data-image-id='60685'\n                 title=\"\"\n                 alt=\"WhatsApp-Image-2025-03-14-at-13.29.47-4\"\n                 src=\"https:\/\/www.villaeducativa.edu.mx\/newspaper\/wp-content\/gallery\/30-sostentabilidadhigh\/WhatsApp-Image-2025-03-14-at-13.29.47-4.jpg\"\n                 style=\"max-height: 380px;\"\/>\n        <\/a>\n\n        <\/div> \n<div id=\"ngg-image-4\" class=\"ngg-gallery-slideshow-image\" style=\"height:400px\">\n\n        <a href=\"https:\/\/www.villaeducativa.edu.mx\/newspaper\/wp-content\/gallery\/30-sostentabilidadhigh\/WhatsApp-Image-2025-03-14-at-13.29.46-1.jpg\"\n           title=\"\"\n           data-src=\"https:\/\/www.villaeducativa.edu.mx\/newspaper\/wp-content\/gallery\/30-sostentabilidadhigh\/WhatsApp-Image-2025-03-14-at-13.29.46-1.jpg\"\n           data-thumbnail=\"https:\/\/www.villaeducativa.edu.mx\/newspaper\/wp-content\/gallery\/30-sostentabilidadhigh\/thumbs\/thumbs_WhatsApp-Image-2025-03-14-at-13.29.46-1.jpg\"\n           data-image-id=\"60684\"\n           data-title=\"WhatsApp-Image-2025-03-14-at-13.29.46-1\"\n           data-description=\"\"\n           class=\"ngg-fancybox\" rel=\"a8843d6e89e5566c744e5185adf1dbb6\">\n\n            <img data-image-id='60684'\n                 title=\"\"\n                 alt=\"WhatsApp-Image-2025-03-14-at-13.29.46-1\"\n                 src=\"https:\/\/www.villaeducativa.edu.mx\/newspaper\/wp-content\/gallery\/30-sostentabilidadhigh\/WhatsApp-Image-2025-03-14-at-13.29.46-1.jpg\"\n                 style=\"max-height: 380px;\"\/>\n        <\/a>\n\n        <\/div> \n<div id=\"ngg-image-5\" class=\"ngg-gallery-slideshow-image\" style=\"height:400px\">\n\n        <a href=\"https:\/\/www.villaeducativa.edu.mx\/newspaper\/wp-content\/gallery\/30-sostentabilidadhigh\/WhatsApp-Image-2025-03-14-at-13.29.46.jpg\"\n           title=\"\"\n           data-src=\"https:\/\/www.villaeducativa.edu.mx\/newspaper\/wp-content\/gallery\/30-sostentabilidadhigh\/WhatsApp-Image-2025-03-14-at-13.29.46.jpg\"\n           data-thumbnail=\"https:\/\/www.villaeducativa.edu.mx\/newspaper\/wp-content\/gallery\/30-sostentabilidadhigh\/thumbs\/thumbs_WhatsApp-Image-2025-03-14-at-13.29.46.jpg\"\n           data-image-id=\"60680\"\n           data-title=\"WhatsApp-Image-2025-03-14-at-13.29.46\"\n           data-description=\"\"\n           class=\"ngg-fancybox\" rel=\"a8843d6e89e5566c744e5185adf1dbb6\">\n\n            <img data-image-id='60680'\n                 title=\"\"\n                 alt=\"WhatsApp-Image-2025-03-14-at-13.29.46\"\n                 src=\"https:\/\/www.villaeducativa.edu.mx\/newspaper\/wp-content\/gallery\/30-sostentabilidadhigh\/WhatsApp-Image-2025-03-14-at-13.29.46.jpg\"\n                 style=\"max-height: 380px;\"\/>\n        <\/a>\n\n        <\/div> \n<div id=\"ngg-image-6\" class=\"ngg-gallery-slideshow-image\" style=\"height:400px\">\n\n        <a href=\"https:\/\/www.villaeducativa.edu.mx\/newspaper\/wp-content\/gallery\/30-sostentabilidadhigh\/WhatsApp-Image-2025-03-14-at-13.29.47-2.jpg\"\n           title=\"\"\n           data-src=\"https:\/\/www.villaeducativa.edu.mx\/newspaper\/wp-content\/gallery\/30-sostentabilidadhigh\/WhatsApp-Image-2025-03-14-at-13.29.47-2.jpg\"\n           data-thumbnail=\"https:\/\/www.villaeducativa.edu.mx\/newspaper\/wp-content\/gallery\/30-sostentabilidadhigh\/thumbs\/thumbs_WhatsApp-Image-2025-03-14-at-13.29.47-2.jpg\"\n           data-image-id=\"60682\"\n           data-title=\"WhatsApp-Image-2025-03-14-at-13.29.47-2\"\n           data-description=\"\"\n           class=\"ngg-fancybox\" rel=\"a8843d6e89e5566c744e5185adf1dbb6\">\n\n            <img data-image-id='60682'\n                 title=\"\"\n                 alt=\"WhatsApp-Image-2025-03-14-at-13.29.47-2\"\n                 src=\"https:\/\/www.villaeducativa.edu.mx\/newspaper\/wp-content\/gallery\/30-sostentabilidadhigh\/WhatsApp-Image-2025-03-14-at-13.29.47-2.jpg\"\n                 style=\"max-height: 380px;\"\/>\n        <\/a>\n\n        <\/div> \n<div id=\"ngg-image-7\" class=\"ngg-gallery-slideshow-image\" style=\"height:400px\">\n\n        <a href=\"https:\/\/www.villaeducativa.edu.mx\/newspaper\/wp-content\/gallery\/30-sostentabilidadhigh\/WhatsApp-Image-2025-03-14-at-13.29.47-1.jpg\"\n           title=\"\"\n           data-src=\"https:\/\/www.villaeducativa.edu.mx\/newspaper\/wp-content\/gallery\/30-sostentabilidadhigh\/WhatsApp-Image-2025-03-14-at-13.29.47-1.jpg\"\n           data-thumbnail=\"https:\/\/www.villaeducativa.edu.mx\/newspaper\/wp-content\/gallery\/30-sostentabilidadhigh\/thumbs\/thumbs_WhatsApp-Image-2025-03-14-at-13.29.47-1.jpg\"\n           data-image-id=\"60681\"\n           data-title=\"WhatsApp-Image-2025-03-14-at-13.29.47-1\"\n           data-description=\"\"\n           class=\"ngg-fancybox\" rel=\"a8843d6e89e5566c744e5185adf1dbb6\">\n\n            <img data-image-id='60681'\n                 title=\"\"\n                 alt=\"WhatsApp-Image-2025-03-14-at-13.29.47-1\"\n                 src=\"https:\/\/www.villaeducativa.edu.mx\/newspaper\/wp-content\/gallery\/30-sostentabilidadhigh\/WhatsApp-Image-2025-03-14-at-13.29.47-1.jpg\"\n                 style=\"max-height: 380px;\"\/>\n        <\/a>\n\n        <\/div> \n<\/div>\n\n\n\n\n\n\n\n<p><strong><span class=\"has-inline-color has-vivid-cyan-blue-color\">James Abad<br><\/span><\/strong><span class=\"has-inline-color has-vivid-cyan-blue-color\"><em>Villa High Principal<\/em><\/span><\/p>\n\n\n\n<div class=\"wp-block-image\"><figure class=\"aligncenter size-large is-resized\"><img loading=\"lazy\" src=\"https:\/\/www.villaeducativa.edu.mx\/newspaper\/wp-content\/uploads\/2025\/03\/sustainability_fair-1024x541.png\" alt=\"\" class=\"wp-image-127472\" width=\"364\" height=\"191\" srcset=\"https:\/\/www.villaeducativa.edu.mx\/newspaper\/wp-content\/uploads\/2025\/03\/sustainability_fair-1024x541.png 1024w, https:\/\/www.villaeducativa.edu.mx\/newspaper\/wp-content\/uploads\/2025\/03\/sustainability_fair-300x158.png 300w, https:\/\/www.villaeducativa.edu.mx\/newspaper\/wp-content\/uploads\/2025\/03\/sustainability_fair-768x406.png 768w, https:\/\/www.villaeducativa.edu.mx\/newspaper\/wp-content\/uploads\/2025\/03\/sustainability_fair-600x317.png 600w, https:\/\/www.villaeducativa.edu.mx\/newspaper\/wp-content\/uploads\/2025\/03\/sustainability_fair-1536x811.png 1536w, https:\/\/www.villaeducativa.edu.mx\/newspaper\/wp-content\/uploads\/2025\/03\/sustainability_fair.png 1863w\" sizes=\"(max-width: 364px) 100vw, 364px\" \/><\/figure><\/div>\n","protected":false},"excerpt":{"rendered":"<p>Tuvimos la fortuna de ser visitados por Leonardo Samano y Diego Gil, quienes se graduaron de Villa High en 2018. Leonardo y Diego actualmente estudian Desarrollo y Sostenibilidad en el Tec de Monterrey y dieron una pl\u00e1tica a alumnos de segundo grado sobre qu\u00e9 es la sostenibilidad, c\u00f3mo la sostenibilidad&hellip; <\/p>\n","protected":false},"author":2,"featured_media":127473,"comment_status":"closed","ping_status":"closed","sticky":false,"template":"","format":"standard","meta":{"ngg_post_thumbnail":0},"categories":[4],"tags":[],"_links":{"self":[{"href":"https:\/\/www.villaeducativa.edu.mx\/newspaper\/index.php?rest_route=\/wp\/v2\/posts\/127462"}],"collection":[{"href":"https:\/\/www.villaeducativa.edu.mx\/newspaper\/index.php?rest_route=\/wp\/v2\/posts"}],"about":[{"href":"https:\/\/www.villaeducativa.edu.mx\/newspaper\/index.php?rest_route=\/wp\/v2\/types\/post"}],"author":[{"embeddable":true,"href":"https:\/\/www.villaeducativa.edu.mx\/newspaper\/index.php?rest_route=\/wp\/v2\/users\/2"}],"replies":[{"embeddable":true,"href":"https:\/\/www.villaeducativa.edu.mx\/newspaper\/index.php?rest_route=%2Fwp%2Fv2%2Fcomments&post=127462"}],"version-history":[{"count":2,"href":"https:\/\/www.villaeducativa.edu.mx\/newspaper\/index.php?rest_route=\/wp\/v2\/posts\/127462\/revisions"}],"predecessor-version":[{"id":127579,"href":"https:\/\/www.villaeducativa.edu.mx\/newspaper\/index.php?rest_route=\/wp\/v2\/posts\/127462\/revisions\/127579"}],"wp:featuredmedia":[{"embeddable":true,"href":"https:\/\/www.villaeducativa.edu.mx\/newspaper\/index.php?rest_route=\/wp\/v2\/media\/127473"}],"wp:attachment":[{"href":"https:\/\/www.villaeducativa.edu.mx\/newspaper\/index.php?rest_route=%2Fwp%2Fv2%2Fmedia&parent=127462"}],"wp:term":[{"taxonomy":"category","embeddable":true,"href":"https:\/\/www.villaeducativa.edu.mx\/newspaper\/index.php?rest_route=%2Fwp%2Fv2%2Fcategories&post=127462"},{"taxonomy":"post_tag","embeddable":true,"href":"https:\/\/www.villaeducativa.edu.mx\/newspaper\/index.php?rest_route=%2Fwp%2Fv2%2Ftags&post=127462"}],"curies":[{"name":"wp","href":"https:\/\/api.w.org\/{rel}","templated":true}]}}