{"id":127403,"date":"2025-03-18T08:35:00","date_gmt":"2025-03-18T14:35:00","guid":{"rendered":"https:\/\/www.villaeducativa.edu.mx\/newspaper\/?p=127403"},"modified":"2025-03-18T13:20:38","modified_gmt":"2025-03-18T19:20:38","slug":"k3-amistad-en-la-clase-de-musica","status":"publish","type":"post","link":"https:\/\/www.villaeducativa.edu.mx\/newspaper\/?p=127403","title":{"rendered":"K3: Amistad en la clase de m\u00fasica"},"content":{"rendered":"\n<p>En la clase de m\u00fasica de Kinder 3, nuestros peque\u00f1os m\u00fasicos exploran el mundo de los sonidos con alegr\u00eda y creatividad. Cantan, juegan e interact\u00faan con diversos instrumentos como: teclado, xil\u00f3fono, percusiones y ukulele.<\/p>\n\n\n\n<p>Adem\u00e1s, nuestros talentosos alumnos tambi\u00e9n est\u00e1n aprendiendo una \u00a1canci\u00f3n original! Esta melod\u00eda especial fue creada en conjunto con su profesor de m\u00fasica, inspirada en las ideas de los ni\u00f1os sobre la importancia y el significado de la amistad, como parte de su proyecto Reggio Emilia.<\/p>\n\n\n\n<p>De esta manera, a trav\u00e9s de la m\u00fasica, los ni\u00f1os socializan el conocimiento y lo integran de forma org\u00e1nica a su d\u00eda a d\u00eda. Cantar y tocar instrumentos les permite expresar sus emociones, desarrollar su creatividad y fortalecer sus lazos de amistad.<\/p>\n\n\n\n<p>\u00a1Estamos muy orgullosos de nuestros peque\u00f1os grandes m\u00fasicos!<\/p>\n\n\n\n\n\n<div class=\"ngg-galleryoverview ngg-slideshow\"\n\t id=\"ngg-slideshow-aa8df3be7fdc5713c5d037d5ffb236f8-12499984350\"\n     data-gallery-id=\"aa8df3be7fdc5713c5d037d5ffb236f8\"\n     style=\"max-width: 600px; max-height: 400px;\">\n\n \t<div id=\"ngg-image-0\" class=\"ngg-gallery-slideshow-image\" style=\"height:400px\">\n\n        <a href=\"https:\/\/www.villaeducativa.edu.mx\/newspaper\/wp-content\/gallery\/30-amistadmusicak3\/20250313_092304.jpg\"\n           title=\"\"\n           data-src=\"https:\/\/www.villaeducativa.edu.mx\/newspaper\/wp-content\/gallery\/30-amistadmusicak3\/20250313_092304.jpg\"\n           data-thumbnail=\"https:\/\/www.villaeducativa.edu.mx\/newspaper\/wp-content\/gallery\/30-amistadmusicak3\/thumbs\/thumbs_20250313_092304.jpg\"\n           data-image-id=\"60703\"\n           data-title=\"20250313_092304\"\n           data-description=\"\"\n           class=\"ngg-fancybox\" rel=\"aa8df3be7fdc5713c5d037d5ffb236f8\">\n\n            <img data-image-id='60703'\n                 title=\"\"\n                 alt=\"20250313_092304\"\n                 src=\"https:\/\/www.villaeducativa.edu.mx\/newspaper\/wp-content\/gallery\/30-amistadmusicak3\/20250313_092304.jpg\"\n                 style=\"max-height: 380px;\"\/>\n        <\/a>\n\n        <\/div> \n<div id=\"ngg-image-1\" class=\"ngg-gallery-slideshow-image\" style=\"height:400px\">\n\n        <a href=\"https:\/\/www.villaeducativa.edu.mx\/newspaper\/wp-content\/gallery\/30-amistadmusicak3\/IMG-20250226-WA0055.jpg\"\n           title=\"\"\n           data-src=\"https:\/\/www.villaeducativa.edu.mx\/newspaper\/wp-content\/gallery\/30-amistadmusicak3\/IMG-20250226-WA0055.jpg\"\n           data-thumbnail=\"https:\/\/www.villaeducativa.edu.mx\/newspaper\/wp-content\/gallery\/30-amistadmusicak3\/thumbs\/thumbs_IMG-20250226-WA0055.jpg\"\n           data-image-id=\"60704\"\n           data-title=\"IMG-20250226-WA0055\"\n           data-description=\"\"\n           class=\"ngg-fancybox\" rel=\"aa8df3be7fdc5713c5d037d5ffb236f8\">\n\n            <img data-image-id='60704'\n                 title=\"\"\n                 alt=\"IMG-20250226-WA0055\"\n                 src=\"https:\/\/www.villaeducativa.edu.mx\/newspaper\/wp-content\/gallery\/30-amistadmusicak3\/IMG-20250226-WA0055.jpg\"\n                 style=\"max-height: 380px;\"\/>\n        <\/a>\n\n        <\/div> \n<div id=\"ngg-image-2\" class=\"ngg-gallery-slideshow-image\" style=\"height:400px\">\n\n        <a href=\"https:\/\/www.villaeducativa.edu.mx\/newspaper\/wp-content\/gallery\/30-amistadmusicak3\/IMG-20250226-WA0056.jpg\"\n           title=\"\"\n           data-src=\"https:\/\/www.villaeducativa.edu.mx\/newspaper\/wp-content\/gallery\/30-amistadmusicak3\/IMG-20250226-WA0056.jpg\"\n           data-thumbnail=\"https:\/\/www.villaeducativa.edu.mx\/newspaper\/wp-content\/gallery\/30-amistadmusicak3\/thumbs\/thumbs_IMG-20250226-WA0056.jpg\"\n           data-image-id=\"60705\"\n           data-title=\"IMG-20250226-WA0056\"\n           data-description=\"\"\n           class=\"ngg-fancybox\" rel=\"aa8df3be7fdc5713c5d037d5ffb236f8\">\n\n            <img data-image-id='60705'\n                 title=\"\"\n                 alt=\"IMG-20250226-WA0056\"\n                 src=\"https:\/\/www.villaeducativa.edu.mx\/newspaper\/wp-content\/gallery\/30-amistadmusicak3\/IMG-20250226-WA0056.jpg\"\n                 style=\"max-height: 380px;\"\/>\n        <\/a>\n\n        <\/div> \n<div id=\"ngg-image-3\" class=\"ngg-gallery-slideshow-image\" style=\"height:400px\">\n\n        <a href=\"https:\/\/www.villaeducativa.edu.mx\/newspaper\/wp-content\/gallery\/30-amistadmusicak3\/IMG-20250226-WA0058.jpg\"\n           title=\"\"\n           data-src=\"https:\/\/www.villaeducativa.edu.mx\/newspaper\/wp-content\/gallery\/30-amistadmusicak3\/IMG-20250226-WA0058.jpg\"\n           data-thumbnail=\"https:\/\/www.villaeducativa.edu.mx\/newspaper\/wp-content\/gallery\/30-amistadmusicak3\/thumbs\/thumbs_IMG-20250226-WA0058.jpg\"\n           data-image-id=\"60706\"\n           data-title=\"IMG-20250226-WA0058\"\n           data-description=\"\"\n           class=\"ngg-fancybox\" rel=\"aa8df3be7fdc5713c5d037d5ffb236f8\">\n\n            <img data-image-id='60706'\n                 title=\"\"\n                 alt=\"IMG-20250226-WA0058\"\n                 src=\"https:\/\/www.villaeducativa.edu.mx\/newspaper\/wp-content\/gallery\/30-amistadmusicak3\/IMG-20250226-WA0058.jpg\"\n                 style=\"max-height: 380px;\"\/>\n        <\/a>\n\n        <\/div> \n<div id=\"ngg-image-4\" class=\"ngg-gallery-slideshow-image\" style=\"height:400px\">\n\n        <a href=\"https:\/\/www.villaeducativa.edu.mx\/newspaper\/wp-content\/gallery\/30-amistadmusicak3\/IMG-20250304-WA0018.jpg\"\n           title=\"\"\n           data-src=\"https:\/\/www.villaeducativa.edu.mx\/newspaper\/wp-content\/gallery\/30-amistadmusicak3\/IMG-20250304-WA0018.jpg\"\n           data-thumbnail=\"https:\/\/www.villaeducativa.edu.mx\/newspaper\/wp-content\/gallery\/30-amistadmusicak3\/thumbs\/thumbs_IMG-20250304-WA0018.jpg\"\n           data-image-id=\"60707\"\n           data-title=\"IMG-20250304-WA0018\"\n           data-description=\"\"\n           class=\"ngg-fancybox\" rel=\"aa8df3be7fdc5713c5d037d5ffb236f8\">\n\n            <img data-image-id='60707'\n                 title=\"\"\n                 alt=\"IMG-20250304-WA0018\"\n                 src=\"https:\/\/www.villaeducativa.edu.mx\/newspaper\/wp-content\/gallery\/30-amistadmusicak3\/IMG-20250304-WA0018.jpg\"\n                 style=\"max-height: 380px;\"\/>\n        <\/a>\n\n        <\/div> \n<div id=\"ngg-image-5\" class=\"ngg-gallery-slideshow-image\" style=\"height:400px\">\n\n        <a href=\"https:\/\/www.villaeducativa.edu.mx\/newspaper\/wp-content\/gallery\/30-amistadmusicak3\/IMG-20250304-WA0019.jpg\"\n           title=\"\"\n           data-src=\"https:\/\/www.villaeducativa.edu.mx\/newspaper\/wp-content\/gallery\/30-amistadmusicak3\/IMG-20250304-WA0019.jpg\"\n           data-thumbnail=\"https:\/\/www.villaeducativa.edu.mx\/newspaper\/wp-content\/gallery\/30-amistadmusicak3\/thumbs\/thumbs_IMG-20250304-WA0019.jpg\"\n           data-image-id=\"60708\"\n           data-title=\"IMG-20250304-WA0019\"\n           data-description=\"\"\n           class=\"ngg-fancybox\" rel=\"aa8df3be7fdc5713c5d037d5ffb236f8\">\n\n            <img data-image-id='60708'\n                 title=\"\"\n                 alt=\"IMG-20250304-WA0019\"\n                 src=\"https:\/\/www.villaeducativa.edu.mx\/newspaper\/wp-content\/gallery\/30-amistadmusicak3\/IMG-20250304-WA0019.jpg\"\n                 style=\"max-height: 380px;\"\/>\n        <\/a>\n\n        <\/div> \n<div id=\"ngg-image-6\" class=\"ngg-gallery-slideshow-image\" style=\"height:400px\">\n\n        <a href=\"https:\/\/www.villaeducativa.edu.mx\/newspaper\/wp-content\/gallery\/30-amistadmusicak3\/IMG-20250304-WA0021.jpg\"\n           title=\"\"\n           data-src=\"https:\/\/www.villaeducativa.edu.mx\/newspaper\/wp-content\/gallery\/30-amistadmusicak3\/IMG-20250304-WA0021.jpg\"\n           data-thumbnail=\"https:\/\/www.villaeducativa.edu.mx\/newspaper\/wp-content\/gallery\/30-amistadmusicak3\/thumbs\/thumbs_IMG-20250304-WA0021.jpg\"\n           data-image-id=\"60709\"\n           data-title=\"IMG-20250304-WA0021\"\n           data-description=\"\"\n           class=\"ngg-fancybox\" rel=\"aa8df3be7fdc5713c5d037d5ffb236f8\">\n\n            <img data-image-id='60709'\n                 title=\"\"\n                 alt=\"IMG-20250304-WA0021\"\n                 src=\"https:\/\/www.villaeducativa.edu.mx\/newspaper\/wp-content\/gallery\/30-amistadmusicak3\/IMG-20250304-WA0021.jpg\"\n                 style=\"max-height: 380px;\"\/>\n        <\/a>\n\n        <\/div> \n<div id=\"ngg-image-7\" class=\"ngg-gallery-slideshow-image\" style=\"height:400px\">\n\n        <a href=\"https:\/\/www.villaeducativa.edu.mx\/newspaper\/wp-content\/gallery\/30-amistadmusicak3\/IMG-20250304-WA0022.jpg\"\n           title=\"\"\n           data-src=\"https:\/\/www.villaeducativa.edu.mx\/newspaper\/wp-content\/gallery\/30-amistadmusicak3\/IMG-20250304-WA0022.jpg\"\n           data-thumbnail=\"https:\/\/www.villaeducativa.edu.mx\/newspaper\/wp-content\/gallery\/30-amistadmusicak3\/thumbs\/thumbs_IMG-20250304-WA0022.jpg\"\n           data-image-id=\"60710\"\n           data-title=\"IMG-20250304-WA0022\"\n           data-description=\"\"\n           class=\"ngg-fancybox\" rel=\"aa8df3be7fdc5713c5d037d5ffb236f8\">\n\n            <img data-image-id='60710'\n                 title=\"\"\n                 alt=\"IMG-20250304-WA0022\"\n                 src=\"https:\/\/www.villaeducativa.edu.mx\/newspaper\/wp-content\/gallery\/30-amistadmusicak3\/IMG-20250304-WA0022.jpg\"\n                 style=\"max-height: 380px;\"\/>\n        <\/a>\n\n        <\/div> \n<div id=\"ngg-image-8\" class=\"ngg-gallery-slideshow-image\" style=\"height:400px\">\n\n        <a href=\"https:\/\/www.villaeducativa.edu.mx\/newspaper\/wp-content\/gallery\/30-amistadmusicak3\/IMG-20250304-WA0024.jpg\"\n           title=\"\"\n           data-src=\"https:\/\/www.villaeducativa.edu.mx\/newspaper\/wp-content\/gallery\/30-amistadmusicak3\/IMG-20250304-WA0024.jpg\"\n           data-thumbnail=\"https:\/\/www.villaeducativa.edu.mx\/newspaper\/wp-content\/gallery\/30-amistadmusicak3\/thumbs\/thumbs_IMG-20250304-WA0024.jpg\"\n           data-image-id=\"60711\"\n           data-title=\"IMG-20250304-WA0024\"\n           data-description=\"\"\n           class=\"ngg-fancybox\" rel=\"aa8df3be7fdc5713c5d037d5ffb236f8\">\n\n            <img data-image-id='60711'\n                 title=\"\"\n                 alt=\"IMG-20250304-WA0024\"\n                 src=\"https:\/\/www.villaeducativa.edu.mx\/newspaper\/wp-content\/gallery\/30-amistadmusicak3\/IMG-20250304-WA0024.jpg\"\n                 style=\"max-height: 380px;\"\/>\n        <\/a>\n\n        <\/div> \n<div id=\"ngg-image-9\" class=\"ngg-gallery-slideshow-image\" style=\"height:400px\">\n\n        <a href=\"https:\/\/www.villaeducativa.edu.mx\/newspaper\/wp-content\/gallery\/30-amistadmusicak3\/IMG-20250304-WA0020.jpg\"\n           title=\"\"\n           data-src=\"https:\/\/www.villaeducativa.edu.mx\/newspaper\/wp-content\/gallery\/30-amistadmusicak3\/IMG-20250304-WA0020.jpg\"\n           data-thumbnail=\"https:\/\/www.villaeducativa.edu.mx\/newspaper\/wp-content\/gallery\/30-amistadmusicak3\/thumbs\/thumbs_IMG-20250304-WA0020.jpg\"\n           data-image-id=\"60712\"\n           data-title=\"IMG-20250304-WA0020\"\n           data-description=\"\"\n           class=\"ngg-fancybox\" rel=\"aa8df3be7fdc5713c5d037d5ffb236f8\">\n\n            <img data-image-id='60712'\n                 title=\"\"\n                 alt=\"IMG-20250304-WA0020\"\n                 src=\"https:\/\/www.villaeducativa.edu.mx\/newspaper\/wp-content\/gallery\/30-amistadmusicak3\/IMG-20250304-WA0020.jpg\"\n                 style=\"max-height: 380px;\"\/>\n        <\/a>\n\n        <\/div> \n<div id=\"ngg-image-10\" class=\"ngg-gallery-slideshow-image\" style=\"height:400px\">\n\n        <a href=\"https:\/\/www.villaeducativa.edu.mx\/newspaper\/wp-content\/gallery\/30-amistadmusicak3\/IMG-20250304-WA0025.jpg\"\n           title=\"\"\n           data-src=\"https:\/\/www.villaeducativa.edu.mx\/newspaper\/wp-content\/gallery\/30-amistadmusicak3\/IMG-20250304-WA0025.jpg\"\n           data-thumbnail=\"https:\/\/www.villaeducativa.edu.mx\/newspaper\/wp-content\/gallery\/30-amistadmusicak3\/thumbs\/thumbs_IMG-20250304-WA0025.jpg\"\n           data-image-id=\"60713\"\n           data-title=\"IMG-20250304-WA0025\"\n           data-description=\"\"\n           class=\"ngg-fancybox\" rel=\"aa8df3be7fdc5713c5d037d5ffb236f8\">\n\n            <img data-image-id='60713'\n                 title=\"\"\n                 alt=\"IMG-20250304-WA0025\"\n                 src=\"https:\/\/www.villaeducativa.edu.mx\/newspaper\/wp-content\/gallery\/30-amistadmusicak3\/IMG-20250304-WA0025.jpg\"\n                 style=\"max-height: 380px;\"\/>\n        <\/a>\n\n        <\/div> \n<div id=\"ngg-image-11\" class=\"ngg-gallery-slideshow-image\" style=\"height:400px\">\n\n        <a href=\"https:\/\/www.villaeducativa.edu.mx\/newspaper\/wp-content\/gallery\/30-amistadmusicak3\/IMG-20250304-WA0023.jpg\"\n           title=\"\"\n           data-src=\"https:\/\/www.villaeducativa.edu.mx\/newspaper\/wp-content\/gallery\/30-amistadmusicak3\/IMG-20250304-WA0023.jpg\"\n           data-thumbnail=\"https:\/\/www.villaeducativa.edu.mx\/newspaper\/wp-content\/gallery\/30-amistadmusicak3\/thumbs\/thumbs_IMG-20250304-WA0023.jpg\"\n           data-image-id=\"60714\"\n           data-title=\"IMG-20250304-WA0023\"\n           data-description=\"\"\n           class=\"ngg-fancybox\" rel=\"aa8df3be7fdc5713c5d037d5ffb236f8\">\n\n            <img data-image-id='60714'\n                 title=\"\"\n                 alt=\"IMG-20250304-WA0023\"\n                 src=\"https:\/\/www.villaeducativa.edu.mx\/newspaper\/wp-content\/gallery\/30-amistadmusicak3\/IMG-20250304-WA0023.jpg\"\n                 style=\"max-height: 380px;\"\/>\n        <\/a>\n\n        <\/div> \n<div id=\"ngg-image-12\" class=\"ngg-gallery-slideshow-image\" style=\"height:400px\">\n\n        <a href=\"https:\/\/www.villaeducativa.edu.mx\/newspaper\/wp-content\/gallery\/30-amistadmusicak3\/musicak3marzo.jpg\"\n           title=\"\"\n           data-src=\"https:\/\/www.villaeducativa.edu.mx\/newspaper\/wp-content\/gallery\/30-amistadmusicak3\/musicak3marzo.jpg\"\n           data-thumbnail=\"https:\/\/www.villaeducativa.edu.mx\/newspaper\/wp-content\/gallery\/30-amistadmusicak3\/thumbs\/thumbs_musicak3marzo.jpg\"\n           data-image-id=\"60715\"\n           data-title=\"musicak3marzo\"\n           data-description=\"\"\n           class=\"ngg-fancybox\" rel=\"aa8df3be7fdc5713c5d037d5ffb236f8\">\n\n            <img data-image-id='60715'\n                 title=\"\"\n                 alt=\"musicak3marzo\"\n                 src=\"https:\/\/www.villaeducativa.edu.mx\/newspaper\/wp-content\/gallery\/30-amistadmusicak3\/musicak3marzo.jpg\"\n                 style=\"max-height: 380px;\"\/>\n        <\/a>\n\n        <\/div> \n<div id=\"ngg-image-13\" class=\"ngg-gallery-slideshow-image\" style=\"height:400px\">\n\n        <a href=\"https:\/\/www.villaeducativa.edu.mx\/newspaper\/wp-content\/gallery\/30-amistadmusicak3\/musicak3marzo1.jpg\"\n           title=\"\"\n           data-src=\"https:\/\/www.villaeducativa.edu.mx\/newspaper\/wp-content\/gallery\/30-amistadmusicak3\/musicak3marzo1.jpg\"\n           data-thumbnail=\"https:\/\/www.villaeducativa.edu.mx\/newspaper\/wp-content\/gallery\/30-amistadmusicak3\/thumbs\/thumbs_musicak3marzo1.jpg\"\n           data-image-id=\"60716\"\n           data-title=\"musicak3marzo1\"\n           data-description=\"\"\n           class=\"ngg-fancybox\" rel=\"aa8df3be7fdc5713c5d037d5ffb236f8\">\n\n            <img data-image-id='60716'\n                 title=\"\"\n                 alt=\"musicak3marzo1\"\n                 src=\"https:\/\/www.villaeducativa.edu.mx\/newspaper\/wp-content\/gallery\/30-amistadmusicak3\/musicak3marzo1.jpg\"\n                 style=\"max-height: 380px;\"\/>\n        <\/a>\n\n        <\/div> \n<\/div>\n\n\n\n\n\n\n\n<ul><li><a href=\"http:\/\/www.villaeducativa.edu.mx\/videos\/videok3musica1.mp4\" target=\"_blank\" rel=\"noreferrer noopener\"><strong><em><span class=\"has-inline-color has-vivid-cyan-blue-color\">Ver video 1<\/span><\/em><\/strong><\/a> <\/li><li><strong><em><strong><em><span class=\"has-inline-color has-vivid-cyan-blue-color\"><a href=\"http:\/\/www.villaeducativa.edu.mx\/videos\/videok3musica2.mp4\" target=\"_blank\" rel=\"noreferrer noopener\">Ver video 1<\/a><\/span><\/em><\/strong><\/em><\/strong><\/li><\/ul>\n\n\n\n<p><strong><span class=\"has-inline-color has-vivid-cyan-blue-color\">Axel Ordaz<br><\/span><\/strong><span class=\"has-inline-color has-vivid-cyan-blue-color\"><em>Music Teacher<\/em><\/span><\/p>\n","protected":false},"excerpt":{"rendered":"<p>En la clase de m\u00fasica de Kinder 3, nuestros peque\u00f1os m\u00fasicos exploran el mundo de los sonidos con alegr\u00eda y creatividad. Cantan, juegan e interact\u00faan con diversos instrumentos como: teclado, xil\u00f3fono, percusiones y ukulele. Adem\u00e1s, nuestros talentosos alumnos tambi\u00e9n est\u00e1n aprendiendo una \u00a1canci\u00f3n original! Esta melod\u00eda especial fue creada en&hellip; <\/p>\n","protected":false},"author":2,"featured_media":127405,"comment_status":"closed","ping_status":"closed","sticky":false,"template":"","format":"standard","meta":{"ngg_post_thumbnail":0},"categories":[2],"tags":[],"_links":{"self":[{"href":"https:\/\/www.villaeducativa.edu.mx\/newspaper\/index.php?rest_route=\/wp\/v2\/posts\/127403"}],"collection":[{"href":"https:\/\/www.villaeducativa.edu.mx\/newspaper\/index.php?rest_route=\/wp\/v2\/posts"}],"about":[{"href":"https:\/\/www.villaeducativa.edu.mx\/newspaper\/index.php?rest_route=\/wp\/v2\/types\/post"}],"author":[{"embeddable":true,"href":"https:\/\/www.villaeducativa.edu.mx\/newspaper\/index.php?rest_route=\/wp\/v2\/users\/2"}],"replies":[{"embeddable":true,"href":"https:\/\/www.villaeducativa.edu.mx\/newspaper\/index.php?rest_route=%2Fwp%2Fv2%2Fcomments&post=127403"}],"version-history":[{"count":4,"href":"https:\/\/www.villaeducativa.edu.mx\/newspaper\/index.php?rest_route=\/wp\/v2\/posts\/127403\/revisions"}],"predecessor-version":[{"id":127541,"href":"https:\/\/www.villaeducativa.edu.mx\/newspaper\/index.php?rest_route=\/wp\/v2\/posts\/127403\/revisions\/127541"}],"wp:featuredmedia":[{"embeddable":true,"href":"https:\/\/www.villaeducativa.edu.mx\/newspaper\/index.php?rest_route=\/wp\/v2\/media\/127405"}],"wp:attachment":[{"href":"https:\/\/www.villaeducativa.edu.mx\/newspaper\/index.php?rest_route=%2Fwp%2Fv2%2Fmedia&parent=127403"}],"wp:term":[{"taxonomy":"category","embeddable":true,"href":"https:\/\/www.villaeducativa.edu.mx\/newspaper\/index.php?rest_route=%2Fwp%2Fv2%2Fcategories&post=127403"},{"taxonomy":"post_tag","embeddable":true,"href":"https:\/\/www.villaeducativa.edu.mx\/newspaper\/index.php?rest_route=%2Fwp%2Fv2%2Ftags&post=127403"}],"curies":[{"name":"wp","href":"https:\/\/api.w.org\/{rel}","templated":true}]}}