{"id":127073,"date":"2025-03-18T08:10:00","date_gmt":"2025-03-18T14:10:00","guid":{"rendered":"https:\/\/www.villaeducativa.edu.mx\/newspaper\/?p=127073"},"modified":"2025-03-18T14:15:39","modified_gmt":"2025-03-18T20:15:39","slug":"5o-comite-escolar","status":"publish","type":"post","link":"https:\/\/www.villaeducativa.edu.mx\/newspaper\/?p=127073","title":{"rendered":"5o: Comit\u00e9 Escolar"},"content":{"rendered":"\n<h5><strong>Proyecto P3 &#8211; Comit\u00e9 de ni\u00f1os y ni\u00f1as valientes<\/strong><\/h5>\n\n\n\n<p>Como parte de los contenidos de quinto grado en la asignatura <strong>De lo Humano y lo Comunitario<\/strong>, se llev\u00f3 a cabo el proyecto <strong>P3 &#8211; Comit\u00e9 de ni\u00f1os y ni\u00f1as valientes<\/strong>. Durante este proyecto, los alumnos aprendieron sobre sus derechos, el desarrollo del juicio cr\u00edtico y la importancia de tomar decisiones informadas, considerando las diversas opciones y evaluando las consecuencias positivas y negativas de cada una.<\/p>\n\n\n\n<p>El producto final del proyecto consisti\u00f3 en la creaci\u00f3n de un comit\u00e9 escolar en cada grupo. Los estudiantes se postularon para diferentes puestos, presentaron sus propuestas y fortalezas al grupo y, finalmente, se realizaron las votaciones para elegir a los representantes.<\/p>\n\n\n\n<p>Quiero agradecer a todos los alumnos por su dedicaci\u00f3n, excelente participaci\u00f3n y el compromiso demostrado durante esta actividad. A continuaci\u00f3n, comparto los comit\u00e9s escolares de los grupos 5\u00ba A y 5\u00ba B.<\/p>\n\n\n\n<div class=\"wp-block-columns\">\n<div class=\"wp-block-column\">\n<figure class=\"wp-block-image size-large\"><img loading=\"lazy\" width=\"800\" height=\"600\" src=\"https:\/\/www.villaeducativa.edu.mx\/newspaper\/wp-content\/uploads\/2025\/03\/comite1.jpg\" alt=\"\" class=\"wp-image-127074\" srcset=\"https:\/\/www.villaeducativa.edu.mx\/newspaper\/wp-content\/uploads\/2025\/03\/comite1.jpg 800w, https:\/\/www.villaeducativa.edu.mx\/newspaper\/wp-content\/uploads\/2025\/03\/comite1-300x225.jpg 300w, https:\/\/www.villaeducativa.edu.mx\/newspaper\/wp-content\/uploads\/2025\/03\/comite1-768x576.jpg 768w, https:\/\/www.villaeducativa.edu.mx\/newspaper\/wp-content\/uploads\/2025\/03\/comite1-600x450.jpg 600w\" sizes=\"(max-width: 800px) 100vw, 800px\" \/><\/figure>\n<\/div>\n\n\n\n<div class=\"wp-block-column\">\n<figure class=\"wp-block-image size-large\"><img loading=\"lazy\" width=\"800\" height=\"600\" src=\"https:\/\/www.villaeducativa.edu.mx\/newspaper\/wp-content\/uploads\/2025\/03\/comite2.jpg\" alt=\"\" class=\"wp-image-127075\" srcset=\"https:\/\/www.villaeducativa.edu.mx\/newspaper\/wp-content\/uploads\/2025\/03\/comite2.jpg 800w, https:\/\/www.villaeducativa.edu.mx\/newspaper\/wp-content\/uploads\/2025\/03\/comite2-300x225.jpg 300w, https:\/\/www.villaeducativa.edu.mx\/newspaper\/wp-content\/uploads\/2025\/03\/comite2-768x576.jpg 768w, https:\/\/www.villaeducativa.edu.mx\/newspaper\/wp-content\/uploads\/2025\/03\/comite2-600x450.jpg 600w\" sizes=\"(max-width: 800px) 100vw, 800px\" \/><\/figure>\n<\/div>\n<\/div>\n\n\n\n<p><span class=\"has-inline-color has-vivid-cyan-blue-color\"><strong>Jackeline Urbina&nbsp;<\/strong><br><em>Docente Espa\u00f1ol 5o grado <\/em><\/span><\/p>\n","protected":false},"excerpt":{"rendered":"<p>Proyecto P3 &#8211; Comit\u00e9 de ni\u00f1os y ni\u00f1as valientes Como parte de los contenidos de quinto grado en la asignatura De lo Humano y lo Comunitario, se llev\u00f3 a cabo el proyecto P3 &#8211; Comit\u00e9 de ni\u00f1os y ni\u00f1as valientes. Durante este proyecto, los alumnos aprendieron sobre sus derechos, el&hellip; <\/p>\n","protected":false},"author":2,"featured_media":127076,"comment_status":"closed","ping_status":"closed","sticky":false,"template":"","format":"standard","meta":{"ngg_post_thumbnail":0},"categories":[3],"tags":[],"_links":{"self":[{"href":"https:\/\/www.villaeducativa.edu.mx\/newspaper\/index.php?rest_route=\/wp\/v2\/posts\/127073"}],"collection":[{"href":"https:\/\/www.villaeducativa.edu.mx\/newspaper\/index.php?rest_route=\/wp\/v2\/posts"}],"about":[{"href":"https:\/\/www.villaeducativa.edu.mx\/newspaper\/index.php?rest_route=\/wp\/v2\/types\/post"}],"author":[{"embeddable":true,"href":"https:\/\/www.villaeducativa.edu.mx\/newspaper\/index.php?rest_route=\/wp\/v2\/users\/2"}],"replies":[{"embeddable":true,"href":"https:\/\/www.villaeducativa.edu.mx\/newspaper\/index.php?rest_route=%2Fwp%2Fv2%2Fcomments&post=127073"}],"version-history":[{"count":3,"href":"https:\/\/www.villaeducativa.edu.mx\/newspaper\/index.php?rest_route=\/wp\/v2\/posts\/127073\/revisions"}],"predecessor-version":[{"id":127574,"href":"https:\/\/www.villaeducativa.edu.mx\/newspaper\/index.php?rest_route=\/wp\/v2\/posts\/127073\/revisions\/127574"}],"wp:featuredmedia":[{"embeddable":true,"href":"https:\/\/www.villaeducativa.edu.mx\/newspaper\/index.php?rest_route=\/wp\/v2\/media\/127076"}],"wp:attachment":[{"href":"https:\/\/www.villaeducativa.edu.mx\/newspaper\/index.php?rest_route=%2Fwp%2Fv2%2Fmedia&parent=127073"}],"wp:term":[{"taxonomy":"category","embeddable":true,"href":"https:\/\/www.villaeducativa.edu.mx\/newspaper\/index.php?rest_route=%2Fwp%2Fv2%2Fcategories&post=127073"},{"taxonomy":"post_tag","embeddable":true,"href":"https:\/\/www.villaeducativa.edu.mx\/newspaper\/index.php?rest_route=%2Fwp%2Fv2%2Ftags&post=127073"}],"curies":[{"name":"wp","href":"https:\/\/api.w.org\/{rel}","templated":true}]}}