{"id":126583,"date":"2025-03-11T07:40:00","date_gmt":"2025-03-11T13:40:00","guid":{"rendered":"https:\/\/www.villaeducativa.edu.mx\/newspaper\/?p=126583"},"modified":"2025-03-11T14:00:24","modified_gmt":"2025-03-11T20:00:24","slug":"el-encuentro-con-los-movimientos-literarios","status":"publish","type":"post","link":"https:\/\/www.villaeducativa.edu.mx\/newspaper\/?p=126583","title":{"rendered":"El encuentro con los movimientos literarios"},"content":{"rendered":"\n<p>Los estudiantes de tercer grado investigaron algunas de las distintas tendencias hist\u00f3ricas y est\u00e9ticas que han conformado la historia de la literatura.<\/p>\n\n\n\n<p>Realizaron distintas actividades, que van desde investigar de forma independiente acerca de cada movimiento literario y comparar expresiones art\u00edsticas actuales, hasta realizar carteles que sintetizan lo m\u00e1s importante de cada expresi\u00f3n.<\/p>\n\n\n\n<p>Asimismo, llevaron a cabo un entretenido test que los vincul\u00f3 a un movimiento literario de acuerdo con cada una de sus personalidades, fomentando as\u00ed la autorreflexi\u00f3n y la vinculaci\u00f3n de los contenidos acad\u00e9micos con su entorno personal.<\/p>\n\n\n\n\n\n<div class=\"ngg-galleryoverview ngg-slideshow\"\n\t id=\"ngg-slideshow-c7cb311c0bdfcadb5efa2d3edba9d2b7-9578388610\"\n     data-gallery-id=\"c7cb311c0bdfcadb5efa2d3edba9d2b7\"\n     style=\"max-width: 600px; max-height: 600px;\">\n\n \t<div id=\"ngg-image-0\" class=\"ngg-gallery-slideshow-image\" style=\"height:600px\">\n\n        <a href=\"https:\/\/www.villaeducativa.edu.mx\/newspaper\/wp-content\/gallery\/29-encuentroliterario\/WhatsApp-Image-2025-03-03-at-11.17.36-1.jpg\"\n           title=\"\"\n           data-src=\"https:\/\/www.villaeducativa.edu.mx\/newspaper\/wp-content\/gallery\/29-encuentroliterario\/WhatsApp-Image-2025-03-03-at-11.17.36-1.jpg\"\n           data-thumbnail=\"https:\/\/www.villaeducativa.edu.mx\/newspaper\/wp-content\/gallery\/29-encuentroliterario\/thumbs\/thumbs_WhatsApp-Image-2025-03-03-at-11.17.36-1.jpg\"\n           data-image-id=\"60012\"\n           data-title=\"WhatsApp-Image-2025-03-03-at-11.17.36-1\"\n           data-description=\"\"\n           class=\"ngg-fancybox\" rel=\"c7cb311c0bdfcadb5efa2d3edba9d2b7\">\n\n            <img data-image-id='60012'\n                 title=\"\"\n                 alt=\"WhatsApp-Image-2025-03-03-at-11.17.36-1\"\n                 src=\"https:\/\/www.villaeducativa.edu.mx\/newspaper\/wp-content\/gallery\/29-encuentroliterario\/WhatsApp-Image-2025-03-03-at-11.17.36-1.jpg\"\n                 style=\"max-height: 580px;\"\/>\n        <\/a>\n\n        <\/div> \n<div id=\"ngg-image-1\" class=\"ngg-gallery-slideshow-image\" style=\"height:600px\">\n\n        <a href=\"https:\/\/www.villaeducativa.edu.mx\/newspaper\/wp-content\/gallery\/29-encuentroliterario\/WhatsApp-Image-2025-03-03-at-11.17.36.jpg\"\n           title=\"\"\n           data-src=\"https:\/\/www.villaeducativa.edu.mx\/newspaper\/wp-content\/gallery\/29-encuentroliterario\/WhatsApp-Image-2025-03-03-at-11.17.36.jpg\"\n           data-thumbnail=\"https:\/\/www.villaeducativa.edu.mx\/newspaper\/wp-content\/gallery\/29-encuentroliterario\/thumbs\/thumbs_WhatsApp-Image-2025-03-03-at-11.17.36.jpg\"\n           data-image-id=\"60015\"\n           data-title=\"WhatsApp-Image-2025-03-03-at-11.17.36\"\n           data-description=\"\"\n           class=\"ngg-fancybox\" rel=\"c7cb311c0bdfcadb5efa2d3edba9d2b7\">\n\n            <img data-image-id='60015'\n                 title=\"\"\n                 alt=\"WhatsApp-Image-2025-03-03-at-11.17.36\"\n                 src=\"https:\/\/www.villaeducativa.edu.mx\/newspaper\/wp-content\/gallery\/29-encuentroliterario\/WhatsApp-Image-2025-03-03-at-11.17.36.jpg\"\n                 style=\"max-height: 580px;\"\/>\n        <\/a>\n\n        <\/div> \n<div id=\"ngg-image-2\" class=\"ngg-gallery-slideshow-image\" style=\"height:600px\">\n\n        <a href=\"https:\/\/www.villaeducativa.edu.mx\/newspaper\/wp-content\/gallery\/29-encuentroliterario\/WhatsApp-Image-2025-03-03-at-11.17.36-2.jpg\"\n           title=\"\"\n           data-src=\"https:\/\/www.villaeducativa.edu.mx\/newspaper\/wp-content\/gallery\/29-encuentroliterario\/WhatsApp-Image-2025-03-03-at-11.17.36-2.jpg\"\n           data-thumbnail=\"https:\/\/www.villaeducativa.edu.mx\/newspaper\/wp-content\/gallery\/29-encuentroliterario\/thumbs\/thumbs_WhatsApp-Image-2025-03-03-at-11.17.36-2.jpg\"\n           data-image-id=\"60014\"\n           data-title=\"WhatsApp-Image-2025-03-03-at-11.17.36-2\"\n           data-description=\"\"\n           class=\"ngg-fancybox\" rel=\"c7cb311c0bdfcadb5efa2d3edba9d2b7\">\n\n            <img data-image-id='60014'\n                 title=\"\"\n                 alt=\"WhatsApp-Image-2025-03-03-at-11.17.36-2\"\n                 src=\"https:\/\/www.villaeducativa.edu.mx\/newspaper\/wp-content\/gallery\/29-encuentroliterario\/WhatsApp-Image-2025-03-03-at-11.17.36-2.jpg\"\n                 style=\"max-height: 580px;\"\/>\n        <\/a>\n\n        <\/div> \n<div id=\"ngg-image-3\" class=\"ngg-gallery-slideshow-image\" style=\"height:600px\">\n\n        <a href=\"https:\/\/www.villaeducativa.edu.mx\/newspaper\/wp-content\/gallery\/29-encuentroliterario\/WhatsApp-Image-2025-03-03-at-11.17.36-3.jpg\"\n           title=\"\"\n           data-src=\"https:\/\/www.villaeducativa.edu.mx\/newspaper\/wp-content\/gallery\/29-encuentroliterario\/WhatsApp-Image-2025-03-03-at-11.17.36-3.jpg\"\n           data-thumbnail=\"https:\/\/www.villaeducativa.edu.mx\/newspaper\/wp-content\/gallery\/29-encuentroliterario\/thumbs\/thumbs_WhatsApp-Image-2025-03-03-at-11.17.36-3.jpg\"\n           data-image-id=\"60011\"\n           data-title=\"WhatsApp-Image-2025-03-03-at-11.17.36-3\"\n           data-description=\"\"\n           class=\"ngg-fancybox\" rel=\"c7cb311c0bdfcadb5efa2d3edba9d2b7\">\n\n            <img data-image-id='60011'\n                 title=\"\"\n                 alt=\"WhatsApp-Image-2025-03-03-at-11.17.36-3\"\n                 src=\"https:\/\/www.villaeducativa.edu.mx\/newspaper\/wp-content\/gallery\/29-encuentroliterario\/WhatsApp-Image-2025-03-03-at-11.17.36-3.jpg\"\n                 style=\"max-height: 580px;\"\/>\n        <\/a>\n\n        <\/div> \n<div id=\"ngg-image-4\" class=\"ngg-gallery-slideshow-image\" style=\"height:600px\">\n\n        <a href=\"https:\/\/www.villaeducativa.edu.mx\/newspaper\/wp-content\/gallery\/29-encuentroliterario\/WhatsApp-Image-2025-03-03-at-11.17.36-4.jpg\"\n           title=\"\"\n           data-src=\"https:\/\/www.villaeducativa.edu.mx\/newspaper\/wp-content\/gallery\/29-encuentroliterario\/WhatsApp-Image-2025-03-03-at-11.17.36-4.jpg\"\n           data-thumbnail=\"https:\/\/www.villaeducativa.edu.mx\/newspaper\/wp-content\/gallery\/29-encuentroliterario\/thumbs\/thumbs_WhatsApp-Image-2025-03-03-at-11.17.36-4.jpg\"\n           data-image-id=\"60013\"\n           data-title=\"WhatsApp-Image-2025-03-03-at-11.17.36-4\"\n           data-description=\"\"\n           class=\"ngg-fancybox\" rel=\"c7cb311c0bdfcadb5efa2d3edba9d2b7\">\n\n            <img data-image-id='60013'\n                 title=\"\"\n                 alt=\"WhatsApp-Image-2025-03-03-at-11.17.36-4\"\n                 src=\"https:\/\/www.villaeducativa.edu.mx\/newspaper\/wp-content\/gallery\/29-encuentroliterario\/WhatsApp-Image-2025-03-03-at-11.17.36-4.jpg\"\n                 style=\"max-height: 580px;\"\/>\n        <\/a>\n\n        <\/div> \n<div id=\"ngg-image-5\" class=\"ngg-gallery-slideshow-image\" style=\"height:600px\">\n\n        <a href=\"https:\/\/www.villaeducativa.edu.mx\/newspaper\/wp-content\/gallery\/29-encuentroliterario\/WhatsApp-Image-2025-03-03-at-11.17.36-5.jpg\"\n           title=\"\"\n           data-src=\"https:\/\/www.villaeducativa.edu.mx\/newspaper\/wp-content\/gallery\/29-encuentroliterario\/WhatsApp-Image-2025-03-03-at-11.17.36-5.jpg\"\n           data-thumbnail=\"https:\/\/www.villaeducativa.edu.mx\/newspaper\/wp-content\/gallery\/29-encuentroliterario\/thumbs\/thumbs_WhatsApp-Image-2025-03-03-at-11.17.36-5.jpg\"\n           data-image-id=\"60016\"\n           data-title=\"WhatsApp-Image-2025-03-03-at-11.17.36-5\"\n           data-description=\"\"\n           class=\"ngg-fancybox\" rel=\"c7cb311c0bdfcadb5efa2d3edba9d2b7\">\n\n            <img data-image-id='60016'\n                 title=\"\"\n                 alt=\"WhatsApp-Image-2025-03-03-at-11.17.36-5\"\n                 src=\"https:\/\/www.villaeducativa.edu.mx\/newspaper\/wp-content\/gallery\/29-encuentroliterario\/WhatsApp-Image-2025-03-03-at-11.17.36-5.jpg\"\n                 style=\"max-height: 580px;\"\/>\n        <\/a>\n\n        <\/div> \n<\/div>\n\n\n\n\n\n\n\n<p><strong><span class=\"has-inline-color has-vivid-cyan-blue-color\">Ver\u00f3nica P\u00e9rez<br><\/span><\/strong><span class=\"has-inline-color has-vivid-cyan-blue-color\"><em>Espa\u00f1ol<\/em><\/span><\/p>\n","protected":false},"excerpt":{"rendered":"<p>Los estudiantes de tercer grado investigaron algunas de las distintas tendencias hist\u00f3ricas y est\u00e9ticas que han conformado la historia de la literatura. Realizaron distintas actividades, que van desde investigar de forma independiente acerca de cada movimiento literario y comparar expresiones art\u00edsticas actuales, hasta realizar carteles que sintetizan lo m\u00e1s importante&hellip; <\/p>\n","protected":false},"author":2,"featured_media":126584,"comment_status":"closed","ping_status":"closed","sticky":false,"template":"","format":"standard","meta":{"ngg_post_thumbnail":0},"categories":[4],"tags":[],"_links":{"self":[{"href":"https:\/\/www.villaeducativa.edu.mx\/newspaper\/index.php?rest_route=\/wp\/v2\/posts\/126583"}],"collection":[{"href":"https:\/\/www.villaeducativa.edu.mx\/newspaper\/index.php?rest_route=\/wp\/v2\/posts"}],"about":[{"href":"https:\/\/www.villaeducativa.edu.mx\/newspaper\/index.php?rest_route=\/wp\/v2\/types\/post"}],"author":[{"embeddable":true,"href":"https:\/\/www.villaeducativa.edu.mx\/newspaper\/index.php?rest_route=\/wp\/v2\/users\/2"}],"replies":[{"embeddable":true,"href":"https:\/\/www.villaeducativa.edu.mx\/newspaper\/index.php?rest_route=%2Fwp%2Fv2%2Fcomments&post=126583"}],"version-history":[{"count":1,"href":"https:\/\/www.villaeducativa.edu.mx\/newspaper\/index.php?rest_route=\/wp\/v2\/posts\/126583\/revisions"}],"predecessor-version":[{"id":126592,"href":"https:\/\/www.villaeducativa.edu.mx\/newspaper\/index.php?rest_route=\/wp\/v2\/posts\/126583\/revisions\/126592"}],"wp:featuredmedia":[{"embeddable":true,"href":"https:\/\/www.villaeducativa.edu.mx\/newspaper\/index.php?rest_route=\/wp\/v2\/media\/126584"}],"wp:attachment":[{"href":"https:\/\/www.villaeducativa.edu.mx\/newspaper\/index.php?rest_route=%2Fwp%2Fv2%2Fmedia&parent=126583"}],"wp:term":[{"taxonomy":"category","embeddable":true,"href":"https:\/\/www.villaeducativa.edu.mx\/newspaper\/index.php?rest_route=%2Fwp%2Fv2%2Fcategories&post=126583"},{"taxonomy":"post_tag","embeddable":true,"href":"https:\/\/www.villaeducativa.edu.mx\/newspaper\/index.php?rest_route=%2Fwp%2Fv2%2Ftags&post=126583"}],"curies":[{"name":"wp","href":"https:\/\/api.w.org\/{rel}","templated":true}]}}