{"id":126577,"date":"2025-03-11T07:45:00","date_gmt":"2025-03-11T13:45:00","guid":{"rendered":"https:\/\/www.villaeducativa.edu.mx\/newspaper\/?p=126577"},"modified":"2025-03-11T13:58:33","modified_gmt":"2025-03-11T19:58:33","slug":"segunda-sesion-de-reflect","status":"publish","type":"post","link":"https:\/\/www.villaeducativa.edu.mx\/newspaper\/?p=126577","title":{"rendered":"Segunda sesi\u00f3n de Reflect"},"content":{"rendered":"\n<p>Los invitamos a venir a platicar sobre el desempe\u00f1o acad\u00e9mico de su hijo en la segunda sesi\u00f3n\u00a0de Reflect del ciclo escolar.<\/p>\n\n\n\n<p>Los profesores estar\u00e1n ah\u00ed para contestar preguntas, aclarar dudas y planear estrategias para un \u00faltimo&nbsp;trimestre exitoso. Es importante que los alumnos asistan con ustedes.<\/p>\n\n\n\n<p>Reflect se llevar\u00e1 a cabo el viernes 28 de marzo en las instalaciones de Villa High en el siguiente horario:<\/p>\n\n\n\n<ul><li>8:00 a.m. a  9:00 a.m. &#8211; 1A 2A, 3A<\/li><li>9:00 a.m. a 10:00 a.m. &#8211; 1B, 2B, 3B<\/li><li>10:00 a.m. a 11:00 a.m. &#8211; 1C. 2C, 3C<\/li><li>11:00 a.m. a 12:00 p.m. &#8211; 1D, 2D, 3D<\/li><\/ul>\n\n\n\n<p>La entrada ser\u00e1 por Atepoxco. Los esperamos.&nbsp;<\/p>\n\n\n\n<p><strong><span class=\"has-inline-color has-vivid-cyan-blue-color\">Teacher James<br><\/span><\/strong><span class=\"has-inline-color has-vivid-cyan-blue-color\"><em>Villa High Principal<\/em><\/span><\/p>\n","protected":false},"excerpt":{"rendered":"<p>Los invitamos a venir a platicar sobre el desempe\u00f1o acad\u00e9mico de su hijo en la segunda sesi\u00f3n\u00a0de Reflect del ciclo escolar. Los profesores estar\u00e1n ah\u00ed para contestar preguntas, aclarar dudas y planear estrategias para un \u00faltimo&nbsp;trimestre exitoso. Es importante que los alumnos asistan con ustedes. Reflect se llevar\u00e1 a cabo&hellip; <\/p>\n","protected":false},"author":2,"featured_media":115432,"comment_status":"closed","ping_status":"closed","sticky":false,"template":"","format":"standard","meta":{"ngg_post_thumbnail":0},"categories":[4],"tags":[],"_links":{"self":[{"href":"https:\/\/www.villaeducativa.edu.mx\/newspaper\/index.php?rest_route=\/wp\/v2\/posts\/126577"}],"collection":[{"href":"https:\/\/www.villaeducativa.edu.mx\/newspaper\/index.php?rest_route=\/wp\/v2\/posts"}],"about":[{"href":"https:\/\/www.villaeducativa.edu.mx\/newspaper\/index.php?rest_route=\/wp\/v2\/types\/post"}],"author":[{"embeddable":true,"href":"https:\/\/www.villaeducativa.edu.mx\/newspaper\/index.php?rest_route=\/wp\/v2\/users\/2"}],"replies":[{"embeddable":true,"href":"https:\/\/www.villaeducativa.edu.mx\/newspaper\/index.php?rest_route=%2Fwp%2Fv2%2Fcomments&post=126577"}],"version-history":[{"count":3,"href":"https:\/\/www.villaeducativa.edu.mx\/newspaper\/index.php?rest_route=\/wp\/v2\/posts\/126577\/revisions"}],"predecessor-version":[{"id":127053,"href":"https:\/\/www.villaeducativa.edu.mx\/newspaper\/index.php?rest_route=\/wp\/v2\/posts\/126577\/revisions\/127053"}],"wp:featuredmedia":[{"embeddable":true,"href":"https:\/\/www.villaeducativa.edu.mx\/newspaper\/index.php?rest_route=\/wp\/v2\/media\/115432"}],"wp:attachment":[{"href":"https:\/\/www.villaeducativa.edu.mx\/newspaper\/index.php?rest_route=%2Fwp%2Fv2%2Fmedia&parent=126577"}],"wp:term":[{"taxonomy":"category","embeddable":true,"href":"https:\/\/www.villaeducativa.edu.mx\/newspaper\/index.php?rest_route=%2Fwp%2Fv2%2Fcategories&post=126577"},{"taxonomy":"post_tag","embeddable":true,"href":"https:\/\/www.villaeducativa.edu.mx\/newspaper\/index.php?rest_route=%2Fwp%2Fv2%2Ftags&post=126577"}],"curies":[{"name":"wp","href":"https:\/\/api.w.org\/{rel}","templated":true}]}}