{"id":124908,"date":"2025-02-18T09:25:00","date_gmt":"2025-02-18T15:25:00","guid":{"rendered":"https:\/\/www.villaeducativa.edu.mx\/newspaper\/?p=124908"},"modified":"2025-02-18T12:17:46","modified_gmt":"2025-02-18T18:17:46","slug":"dia-internacional-de-la-mujer-y-la-nina-en-la-ciencia","status":"publish","type":"post","link":"https:\/\/www.villaeducativa.edu.mx\/newspaper\/?p=124908","title":{"rendered":"D\u00eda internacional de la mujer y la ni\u00f1a en la ciencia"},"content":{"rendered":"\n<p>El pasado 11 de febrero se celebr\u00f3 el D\u00eda Internacional de la Mujer y la Ni\u00f1a en la Ciencia. De acuerdo a un art\u00edculo publicado por la organizaci\u00f3n HABLA, a pesar de que las carreras m\u00e1s remuneradas tienen que ver con \u00e1reas STEAM, la cantidad de mujeres que trabajan en estas \u00e1reas es muy baja.<\/p>\n\n\n\n<p>En M\u00e9xico, s\u00f3lo 3 de cada 10 profesionistas STEM son mujeres, por lo tanto, reciben menores rendimientos econ\u00f3micos en comparaci\u00f3n con los hombres. Cerrar la brecha nos tomar\u00eda aproximadamente 37 a\u00f1os.<\/p>\n\n\n\n<p>Algunas acciones que podemos tomar son las siguientes:<\/p>\n\n\n\n<ul><li>Incorporar en las escuelas iniciativas que acerquen a las ni\u00f1as a la ciencia y la tecnolog\u00eda, como talleres de rob\u00f3tica o clubes de matem\u00e1ticas.<\/li><li>Desde una edad temprana deben conocer a mujeres exitosas en campos STEM, esto les permite sentir que si alguien m\u00e1s ha podido, ellas tambi\u00e9n pueden.<\/li><li>Erradicar nuestras creencias limitantes sobre los roles de hombres y mujeres, de manera que podamos fortalecer la autoestima de las ni\u00f1as y crear ambientes en los que conf\u00eden en sus capacidades y se sientan motivadas a hacer lo que desean, a perseguir sus sue\u00f1os.<\/li><\/ul>\n\n\n\n<p>En nuestra escuela hemos contribuido en esto, ya que desde hace varios a\u00f1os hemos incorporado asignaturas y actividades STEAM:<\/p>\n\n\n\n<ul><li>Desde Kinder 3 los alumnos toman una clase de rob\u00f3tica y programaci\u00f3n.<\/li><li>En primaria y secundaria hay un gran \u00e9nfasis en la clase de ciencias. Los alumnos utilizan los laboratorios, realizan experimentos y presentan sus trabajos en las ferias de ciencias.<\/li><li>La filosof\u00eda Reggio Emilia ayuda a que nuestros alumnos sepan que todas las voces son importantes, que sus intereses cuentan, que debemos preguntar e investigar para descubrir y aprender.<\/li><li>Nuestro programa de matem\u00e1ticas favorece la construcci\u00f3n de los conocimientos haci\u00e9ndolas divertidas y comprensibles.<\/li><li>En secundaria contamos con un Makerspace que permite que los ni\u00f1os y ni\u00f1as puedan hacer actividades de electr\u00f3nica, rob\u00f3tica, carpinter\u00eda, dise\u00f1o, etc.<\/li><li>Y este ciclo escolar inauguramos nuestro club de rob\u00f3tica en secundaria llamado Circuit Breakers, donde aproximadamente el 50% son ni\u00f1as.<\/li><\/ul>\n\n\n\n<p>Pueden leer el art\u00edculo completo en esta <a href=\"https:\/\/hablamex.com\/es\/recursos\/articulo\/brecha-genero-stem-reto-educacion-mercado-laboral-mexico\"><strong>liga<\/strong><\/a>.<\/p>\n\n\n\n<div class=\"wp-block-image\"><figure class=\"aligncenter size-large is-resized\"><img loading=\"lazy\" src=\"https:\/\/www.villaeducativa.edu.mx\/newspaper\/wp-content\/uploads\/2025\/02\/diamujerciencia1.jpg\" alt=\"\" class=\"wp-image-124910\" width=\"560\" height=\"372\" srcset=\"https:\/\/www.villaeducativa.edu.mx\/newspaper\/wp-content\/uploads\/2025\/02\/diamujerciencia1.jpg 800w, https:\/\/www.villaeducativa.edu.mx\/newspaper\/wp-content\/uploads\/2025\/02\/diamujerciencia1-300x200.jpg 300w, https:\/\/www.villaeducativa.edu.mx\/newspaper\/wp-content\/uploads\/2025\/02\/diamujerciencia1-768x511.jpg 768w, https:\/\/www.villaeducativa.edu.mx\/newspaper\/wp-content\/uploads\/2025\/02\/diamujerciencia1-600x399.jpg 600w\" sizes=\"(max-width: 560px) 100vw, 560px\" \/><\/figure><\/div>\n\n\n\n<p><strong><span class=\"has-inline-color has-vivid-cyan-blue-color\">Karla Renter\u00eda<br><\/span><\/strong><span class=\"has-inline-color has-vivid-cyan-blue-color\"><em>Direcci\u00f3n Acad\u00e9mica<\/em><\/span><\/p>\n","protected":false},"excerpt":{"rendered":"<p>El pasado 11 de febrero se celebr\u00f3 el D\u00eda Internacional de la Mujer y la Ni\u00f1a en la Ciencia. De acuerdo a un art\u00edculo publicado por la organizaci\u00f3n HABLA, a pesar de que las carreras m\u00e1s remuneradas tienen que ver con \u00e1reas STEAM, la cantidad de mujeres que trabajan en estas \u00e1reas es muy baja&#8230;<\/p>\n","protected":false},"author":2,"featured_media":124909,"comment_status":"closed","ping_status":"closed","sticky":false,"template":"","format":"standard","meta":{"ngg_post_thumbnail":0},"categories":[17],"tags":[],"_links":{"self":[{"href":"https:\/\/www.villaeducativa.edu.mx\/newspaper\/index.php?rest_route=\/wp\/v2\/posts\/124908"}],"collection":[{"href":"https:\/\/www.villaeducativa.edu.mx\/newspaper\/index.php?rest_route=\/wp\/v2\/posts"}],"about":[{"href":"https:\/\/www.villaeducativa.edu.mx\/newspaper\/index.php?rest_route=\/wp\/v2\/types\/post"}],"author":[{"embeddable":true,"href":"https:\/\/www.villaeducativa.edu.mx\/newspaper\/index.php?rest_route=\/wp\/v2\/users\/2"}],"replies":[{"embeddable":true,"href":"https:\/\/www.villaeducativa.edu.mx\/newspaper\/index.php?rest_route=%2Fwp%2Fv2%2Fcomments&post=124908"}],"version-history":[{"count":2,"href":"https:\/\/www.villaeducativa.edu.mx\/newspaper\/index.php?rest_route=\/wp\/v2\/posts\/124908\/revisions"}],"predecessor-version":[{"id":125388,"href":"https:\/\/www.villaeducativa.edu.mx\/newspaper\/index.php?rest_route=\/wp\/v2\/posts\/124908\/revisions\/125388"}],"wp:featuredmedia":[{"embeddable":true,"href":"https:\/\/www.villaeducativa.edu.mx\/newspaper\/index.php?rest_route=\/wp\/v2\/media\/124909"}],"wp:attachment":[{"href":"https:\/\/www.villaeducativa.edu.mx\/newspaper\/index.php?rest_route=%2Fwp%2Fv2%2Fmedia&parent=124908"}],"wp:term":[{"taxonomy":"category","embeddable":true,"href":"https:\/\/www.villaeducativa.edu.mx\/newspaper\/index.php?rest_route=%2Fwp%2Fv2%2Fcategories&post=124908"},{"taxonomy":"post_tag","embeddable":true,"href":"https:\/\/www.villaeducativa.edu.mx\/newspaper\/index.php?rest_route=%2Fwp%2Fv2%2Ftags&post=124908"}],"curies":[{"name":"wp","href":"https:\/\/api.w.org\/{rel}","templated":true}]}}