{"id":123644,"date":"2025-02-11T07:10:26","date_gmt":"2025-02-11T13:10:26","guid":{"rendered":"https:\/\/www.villaeducativa.edu.mx\/newspaper\/?p=123644"},"modified":"2025-02-11T12:51:27","modified_gmt":"2025-02-11T18:51:27","slug":"bailando-en-el-circo","status":"publish","type":"post","link":"https:\/\/www.villaeducativa.edu.mx\/newspaper\/?p=123644","title":{"rendered":"\u00a1Bailando en el circo!"},"content":{"rendered":"\n<p>Esta semana en clase de Ballet la tem\u00e1tica fue el circo. Nuestro enfoque principal fue en ejercicios de musicalidad con ritmos sencillos y pautas muy marcadas para una correcta ejecuci\u00f3n.\u00a0<\/p>\n\n\n\n<p>Tambi\u00e9n trabajamos motricidad fina, que nos da un mayor dominio y control de los movimientos y coordinaci\u00f3n; adem\u00e1s, activa la concentraci\u00f3n en la tarea que realicemos.\u00a0<\/p>\n\n\n\n<p>Al final de las clases empezamos con improvisaci\u00f3n, donde ellas con sus movimientos ten\u00edan que contarme una historia sin perder la tem\u00e1tica de \u201cEl circo \u201c.<\/p>\n\n\n\n\n\n<div class=\"ngg-galleryoverview ngg-slideshow\"\n\t id=\"ngg-slideshow-541686a9c0d2910c213083eb010741d9-13316211490\"\n     data-gallery-id=\"541686a9c0d2910c213083eb010741d9\"\n     style=\"max-width: 600px; max-height: 600px;\">\n\n \t<div id=\"ngg-image-0\" class=\"ngg-gallery-slideshow-image\" style=\"height:600px\">\n\n        <a href=\"https:\/\/www.villaeducativa.edu.mx\/newspaper\/wp-content\/gallery\/25-balletcirco\/WhatsApp-Image-2025-02-11-at-8.59.18-AM.jpg\"\n           title=\"\"\n           data-src=\"https:\/\/www.villaeducativa.edu.mx\/newspaper\/wp-content\/gallery\/25-balletcirco\/WhatsApp-Image-2025-02-11-at-8.59.18-AM.jpg\"\n           data-thumbnail=\"https:\/\/www.villaeducativa.edu.mx\/newspaper\/wp-content\/gallery\/25-balletcirco\/thumbs\/thumbs_WhatsApp-Image-2025-02-11-at-8.59.18-AM.jpg\"\n           data-image-id=\"57681\"\n           data-title=\"WhatsApp-Image-2025-02-11-at-8.59.18-AM\"\n           data-description=\"\"\n           class=\"ngg-fancybox\" rel=\"541686a9c0d2910c213083eb010741d9\">\n\n            <img data-image-id='57681'\n                 title=\"\"\n                 alt=\"WhatsApp-Image-2025-02-11-at-8.59.18-AM\"\n                 src=\"https:\/\/www.villaeducativa.edu.mx\/newspaper\/wp-content\/gallery\/25-balletcirco\/WhatsApp-Image-2025-02-11-at-8.59.18-AM.jpg\"\n                 style=\"max-height: 580px;\"\/>\n        <\/a>\n\n        <\/div> \n<div id=\"ngg-image-1\" class=\"ngg-gallery-slideshow-image\" style=\"height:600px\">\n\n        <a href=\"https:\/\/www.villaeducativa.edu.mx\/newspaper\/wp-content\/gallery\/25-balletcirco\/WhatsApp-Image-2025-02-11-at-8.59.20-AM.jpg\"\n           title=\"\"\n           data-src=\"https:\/\/www.villaeducativa.edu.mx\/newspaper\/wp-content\/gallery\/25-balletcirco\/WhatsApp-Image-2025-02-11-at-8.59.20-AM.jpg\"\n           data-thumbnail=\"https:\/\/www.villaeducativa.edu.mx\/newspaper\/wp-content\/gallery\/25-balletcirco\/thumbs\/thumbs_WhatsApp-Image-2025-02-11-at-8.59.20-AM.jpg\"\n           data-image-id=\"57684\"\n           data-title=\"WhatsApp-Image-2025-02-11-at-8.59.20-AM\"\n           data-description=\"\"\n           class=\"ngg-fancybox\" rel=\"541686a9c0d2910c213083eb010741d9\">\n\n            <img data-image-id='57684'\n                 title=\"\"\n                 alt=\"WhatsApp-Image-2025-02-11-at-8.59.20-AM\"\n                 src=\"https:\/\/www.villaeducativa.edu.mx\/newspaper\/wp-content\/gallery\/25-balletcirco\/WhatsApp-Image-2025-02-11-at-8.59.20-AM.jpg\"\n                 style=\"max-height: 580px;\"\/>\n        <\/a>\n\n        <\/div> \n<div id=\"ngg-image-2\" class=\"ngg-gallery-slideshow-image\" style=\"height:600px\">\n\n        <a href=\"https:\/\/www.villaeducativa.edu.mx\/newspaper\/wp-content\/gallery\/25-balletcirco\/WhatsApp-Image-2025-02-11-at-8.59.19-AM.jpg\"\n           title=\"\"\n           data-src=\"https:\/\/www.villaeducativa.edu.mx\/newspaper\/wp-content\/gallery\/25-balletcirco\/WhatsApp-Image-2025-02-11-at-8.59.19-AM.jpg\"\n           data-thumbnail=\"https:\/\/www.villaeducativa.edu.mx\/newspaper\/wp-content\/gallery\/25-balletcirco\/thumbs\/thumbs_WhatsApp-Image-2025-02-11-at-8.59.19-AM.jpg\"\n           data-image-id=\"57683\"\n           data-title=\"WhatsApp-Image-2025-02-11-at-8.59.19-AM\"\n           data-description=\"\"\n           class=\"ngg-fancybox\" rel=\"541686a9c0d2910c213083eb010741d9\">\n\n            <img data-image-id='57683'\n                 title=\"\"\n                 alt=\"WhatsApp-Image-2025-02-11-at-8.59.19-AM\"\n                 src=\"https:\/\/www.villaeducativa.edu.mx\/newspaper\/wp-content\/gallery\/25-balletcirco\/WhatsApp-Image-2025-02-11-at-8.59.19-AM.jpg\"\n                 style=\"max-height: 580px;\"\/>\n        <\/a>\n\n        <\/div> \n<div id=\"ngg-image-3\" class=\"ngg-gallery-slideshow-image\" style=\"height:600px\">\n\n        <a href=\"https:\/\/www.villaeducativa.edu.mx\/newspaper\/wp-content\/gallery\/25-balletcirco\/IMG_3587.jpg\"\n           title=\"\"\n           data-src=\"https:\/\/www.villaeducativa.edu.mx\/newspaper\/wp-content\/gallery\/25-balletcirco\/IMG_3587.jpg\"\n           data-thumbnail=\"https:\/\/www.villaeducativa.edu.mx\/newspaper\/wp-content\/gallery\/25-balletcirco\/thumbs\/thumbs_IMG_3587.jpg\"\n           data-image-id=\"57695\"\n           data-title=\"IMG_3587\"\n           data-description=\"\"\n           class=\"ngg-fancybox\" rel=\"541686a9c0d2910c213083eb010741d9\">\n\n            <img data-image-id='57695'\n                 title=\"\"\n                 alt=\"IMG_3587\"\n                 src=\"https:\/\/www.villaeducativa.edu.mx\/newspaper\/wp-content\/gallery\/25-balletcirco\/IMG_3587.jpg\"\n                 style=\"max-height: 580px;\"\/>\n        <\/a>\n\n        <\/div> \n<div id=\"ngg-image-4\" class=\"ngg-gallery-slideshow-image\" style=\"height:600px\">\n\n        <a href=\"https:\/\/www.villaeducativa.edu.mx\/newspaper\/wp-content\/gallery\/25-balletcirco\/IMG_3583.jpg\"\n           title=\"\"\n           data-src=\"https:\/\/www.villaeducativa.edu.mx\/newspaper\/wp-content\/gallery\/25-balletcirco\/IMG_3583.jpg\"\n           data-thumbnail=\"https:\/\/www.villaeducativa.edu.mx\/newspaper\/wp-content\/gallery\/25-balletcirco\/thumbs\/thumbs_IMG_3583.jpg\"\n           data-image-id=\"57696\"\n           data-title=\"IMG_3583\"\n           data-description=\"\"\n           class=\"ngg-fancybox\" rel=\"541686a9c0d2910c213083eb010741d9\">\n\n            <img data-image-id='57696'\n                 title=\"\"\n                 alt=\"IMG_3583\"\n                 src=\"https:\/\/www.villaeducativa.edu.mx\/newspaper\/wp-content\/gallery\/25-balletcirco\/IMG_3583.jpg\"\n                 style=\"max-height: 580px;\"\/>\n        <\/a>\n\n        <\/div> \n<div id=\"ngg-image-5\" class=\"ngg-gallery-slideshow-image\" style=\"height:600px\">\n\n        <a href=\"https:\/\/www.villaeducativa.edu.mx\/newspaper\/wp-content\/gallery\/25-balletcirco\/WhatsApp-Image-2025-02-11-at-8.59.21-AM.jpg\"\n           title=\"\"\n           data-src=\"https:\/\/www.villaeducativa.edu.mx\/newspaper\/wp-content\/gallery\/25-balletcirco\/WhatsApp-Image-2025-02-11-at-8.59.21-AM.jpg\"\n           data-thumbnail=\"https:\/\/www.villaeducativa.edu.mx\/newspaper\/wp-content\/gallery\/25-balletcirco\/thumbs\/thumbs_WhatsApp-Image-2025-02-11-at-8.59.21-AM.jpg\"\n           data-image-id=\"57685\"\n           data-title=\"WhatsApp-Image-2025-02-11-at-8.59.21-AM\"\n           data-description=\"\"\n           class=\"ngg-fancybox\" rel=\"541686a9c0d2910c213083eb010741d9\">\n\n            <img data-image-id='57685'\n                 title=\"\"\n                 alt=\"WhatsApp-Image-2025-02-11-at-8.59.21-AM\"\n                 src=\"https:\/\/www.villaeducativa.edu.mx\/newspaper\/wp-content\/gallery\/25-balletcirco\/WhatsApp-Image-2025-02-11-at-8.59.21-AM.jpg\"\n                 style=\"max-height: 580px;\"\/>\n        <\/a>\n\n        <\/div> \n<div id=\"ngg-image-6\" class=\"ngg-gallery-slideshow-image\" style=\"height:600px\">\n\n        <a href=\"https:\/\/www.villaeducativa.edu.mx\/newspaper\/wp-content\/gallery\/25-balletcirco\/WhatsApp-Image-2025-02-11-at-9.28.05-AM.jpg\"\n           title=\"\"\n           data-src=\"https:\/\/www.villaeducativa.edu.mx\/newspaper\/wp-content\/gallery\/25-balletcirco\/WhatsApp-Image-2025-02-11-at-9.28.05-AM.jpg\"\n           data-thumbnail=\"https:\/\/www.villaeducativa.edu.mx\/newspaper\/wp-content\/gallery\/25-balletcirco\/thumbs\/thumbs_WhatsApp-Image-2025-02-11-at-9.28.05-AM.jpg\"\n           data-image-id=\"57687\"\n           data-title=\"WhatsApp-Image-2025-02-11-at-9.28.05-AM\"\n           data-description=\"\"\n           class=\"ngg-fancybox\" rel=\"541686a9c0d2910c213083eb010741d9\">\n\n            <img data-image-id='57687'\n                 title=\"\"\n                 alt=\"WhatsApp-Image-2025-02-11-at-9.28.05-AM\"\n                 src=\"https:\/\/www.villaeducativa.edu.mx\/newspaper\/wp-content\/gallery\/25-balletcirco\/WhatsApp-Image-2025-02-11-at-9.28.05-AM.jpg\"\n                 style=\"max-height: 580px;\"\/>\n        <\/a>\n\n        <\/div> \n<div id=\"ngg-image-7\" class=\"ngg-gallery-slideshow-image\" style=\"height:600px\">\n\n        <a href=\"https:\/\/www.villaeducativa.edu.mx\/newspaper\/wp-content\/gallery\/25-balletcirco\/WhatsApp-Image-2025-02-11-at-9.28.26-AM.jpg\"\n           title=\"\"\n           data-src=\"https:\/\/www.villaeducativa.edu.mx\/newspaper\/wp-content\/gallery\/25-balletcirco\/WhatsApp-Image-2025-02-11-at-9.28.26-AM.jpg\"\n           data-thumbnail=\"https:\/\/www.villaeducativa.edu.mx\/newspaper\/wp-content\/gallery\/25-balletcirco\/thumbs\/thumbs_WhatsApp-Image-2025-02-11-at-9.28.26-AM.jpg\"\n           data-image-id=\"57682\"\n           data-title=\"WhatsApp-Image-2025-02-11-at-9.28.26-AM\"\n           data-description=\"\"\n           class=\"ngg-fancybox\" rel=\"541686a9c0d2910c213083eb010741d9\">\n\n            <img data-image-id='57682'\n                 title=\"\"\n                 alt=\"WhatsApp-Image-2025-02-11-at-9.28.26-AM\"\n                 src=\"https:\/\/www.villaeducativa.edu.mx\/newspaper\/wp-content\/gallery\/25-balletcirco\/WhatsApp-Image-2025-02-11-at-9.28.26-AM.jpg\"\n                 style=\"max-height: 580px;\"\/>\n        <\/a>\n\n        <\/div> \n<div id=\"ngg-image-8\" class=\"ngg-gallery-slideshow-image\" style=\"height:600px\">\n\n        <a href=\"https:\/\/www.villaeducativa.edu.mx\/newspaper\/wp-content\/gallery\/25-balletcirco\/WhatsApp-Image-2025-02-11-at-9.27.42-AM.jpg\"\n           title=\"\"\n           data-src=\"https:\/\/www.villaeducativa.edu.mx\/newspaper\/wp-content\/gallery\/25-balletcirco\/WhatsApp-Image-2025-02-11-at-9.27.42-AM.jpg\"\n           data-thumbnail=\"https:\/\/www.villaeducativa.edu.mx\/newspaper\/wp-content\/gallery\/25-balletcirco\/thumbs\/thumbs_WhatsApp-Image-2025-02-11-at-9.27.42-AM.jpg\"\n           data-image-id=\"57686\"\n           data-title=\"WhatsApp-Image-2025-02-11-at-9.27.42-AM\"\n           data-description=\"\"\n           class=\"ngg-fancybox\" rel=\"541686a9c0d2910c213083eb010741d9\">\n\n            <img data-image-id='57686'\n                 title=\"\"\n                 alt=\"WhatsApp-Image-2025-02-11-at-9.27.42-AM\"\n                 src=\"https:\/\/www.villaeducativa.edu.mx\/newspaper\/wp-content\/gallery\/25-balletcirco\/WhatsApp-Image-2025-02-11-at-9.27.42-AM.jpg\"\n                 style=\"max-height: 580px;\"\/>\n        <\/a>\n\n        <\/div> \n<\/div>\n\n\n\n\n\n\n\n<p><strong><span class=\"has-inline-color has-vivid-cyan-blue-color\">Emma Fajardo<br><\/span><\/strong><span class=\"has-inline-color has-vivid-cyan-blue-color\"><em>Ballet&nbsp;<\/em><\/span><\/p>\n","protected":false},"excerpt":{"rendered":"<p>Esta semana en clase de Ballet la tem\u00e1tica fue el circo. Nuestro enfoque principal fue en ejercicios de musicalidad con ritmos sencillos y pautas muy marcadas para una correcta ejecuci\u00f3n.\u00a0 Tambi\u00e9n trabajamos motricidad fina, que nos da un mayor dominio y control de los movimientos y coordinaci\u00f3n; adem\u00e1s, activa la&hellip; <\/p>\n","protected":false},"author":2,"featured_media":123669,"comment_status":"closed","ping_status":"closed","sticky":false,"template":"","format":"standard","meta":{"ngg_post_thumbnail":0},"categories":[5],"tags":[],"_links":{"self":[{"href":"https:\/\/www.villaeducativa.edu.mx\/newspaper\/index.php?rest_route=\/wp\/v2\/posts\/123644"}],"collection":[{"href":"https:\/\/www.villaeducativa.edu.mx\/newspaper\/index.php?rest_route=\/wp\/v2\/posts"}],"about":[{"href":"https:\/\/www.villaeducativa.edu.mx\/newspaper\/index.php?rest_route=\/wp\/v2\/types\/post"}],"author":[{"embeddable":true,"href":"https:\/\/www.villaeducativa.edu.mx\/newspaper\/index.php?rest_route=\/wp\/v2\/users\/2"}],"replies":[{"embeddable":true,"href":"https:\/\/www.villaeducativa.edu.mx\/newspaper\/index.php?rest_route=%2Fwp%2Fv2%2Fcomments&post=123644"}],"version-history":[{"count":5,"href":"https:\/\/www.villaeducativa.edu.mx\/newspaper\/index.php?rest_route=\/wp\/v2\/posts\/123644\/revisions"}],"predecessor-version":[{"id":124217,"href":"https:\/\/www.villaeducativa.edu.mx\/newspaper\/index.php?rest_route=\/wp\/v2\/posts\/123644\/revisions\/124217"}],"wp:featuredmedia":[{"embeddable":true,"href":"https:\/\/www.villaeducativa.edu.mx\/newspaper\/index.php?rest_route=\/wp\/v2\/media\/123669"}],"wp:attachment":[{"href":"https:\/\/www.villaeducativa.edu.mx\/newspaper\/index.php?rest_route=%2Fwp%2Fv2%2Fmedia&parent=123644"}],"wp:term":[{"taxonomy":"category","embeddable":true,"href":"https:\/\/www.villaeducativa.edu.mx\/newspaper\/index.php?rest_route=%2Fwp%2Fv2%2Fcategories&post=123644"},{"taxonomy":"post_tag","embeddable":true,"href":"https:\/\/www.villaeducativa.edu.mx\/newspaper\/index.php?rest_route=%2Fwp%2Fv2%2Ftags&post=123644"}],"curies":[{"name":"wp","href":"https:\/\/api.w.org\/{rel}","templated":true}]}}