{"id":123627,"date":"2025-02-11T09:10:00","date_gmt":"2025-02-11T15:10:00","guid":{"rendered":"https:\/\/www.villaeducativa.edu.mx\/newspaper\/?p=123627"},"modified":"2025-02-11T11:46:37","modified_gmt":"2025-02-11T17:46:37","slug":"reunion-de-exalumnos-2","status":"publish","type":"post","link":"https:\/\/www.villaeducativa.edu.mx\/newspaper\/?p=123627","title":{"rendered":"Reuni\u00f3n de exalumnos"},"content":{"rendered":"\n<p>Estamos a pocos d\u00edas de celebrar el <strong>Desayuno de Exalumnos<\/strong> en honor al <strong>50 aniversario de Villa Educativa<\/strong>, y queremos contar con la mayor cantidad de generaciones reunidas en este gran evento.<\/p>\n\n\n\n<p>Si conoces a exalumnos, <strong>ay\u00fadanos a invitarlos<\/strong> para que se sumen a esta celebraci\u00f3n llena de recuerdos, reencuentros y momentos inolvidables.<\/p>\n\n\n\n<p><strong>Fecha:<\/strong> 1 de marzo<br><strong>Lugar:<\/strong> Villa High<br><strong>Hora:<\/strong> 9:00 a.m. a 12:00 p.m.<br><strong>Costo:<\/strong> $200 MXN<\/p>\n\n\n\n<ul><li><strong>Promoci\u00f3n Especial:<\/strong><strong><br><\/strong>Si traen 3 amigos, reciben 50% de descuento en su boleto.<br>Si traen 5 amigos, su boleto es completamente GRATIS.<\/li><\/ul>\n\n\n\n<p><strong>Si est\u00e1s interesado, reg\u00edstrate aqu\u00ed:<\/strong> \ud83d\udc49<a href=\"https:\/\/form.jotform.com\/250085158496868\"> <strong><em><span class=\"has-inline-color has-vivid-cyan-blue-color\">https:\/\/form.jotform.com\/250085158496868<\/span><\/em><\/strong><\/a><\/p>\n\n\n\n<p><strong>M\u00e1s informaci\u00f3n y confirmaciones al WhatsApp: <\/strong> <img loading=\"lazy\" width=\"394\" height=\"404\" class=\"wp-image-109463\" style=\"width: 20px;\" src=\"http:\/\/www.villaeducativa.edu.mx\/newspaper\/wp-content\/uploads\/2024\/08\/whatstel.png\" alt=\"\" srcset=\"https:\/\/www.villaeducativa.edu.mx\/newspaper\/wp-content\/uploads\/2024\/08\/whatstel.png 394w, https:\/\/www.villaeducativa.edu.mx\/newspaper\/wp-content\/uploads\/2024\/08\/whatstel-293x300.png 293w\" sizes=\"(max-width: 394px) 100vw, 394px\" \/> <strong>5537275251<\/strong><\/p>\n\n\n\n<p>\u00a1Hagamos de esta celebraci\u00f3n un evento inolvidable! Comparte este mensaje y ay\u00fadanos a reunir a todas las generaciones de Villa Educativa.&nbsp;<\/p>\n\n\n\n<p><span class=\"has-inline-color has-vivid-cyan-blue-color\"><strong>Jacive Monroy&nbsp;<\/strong><br><em>Coordinadora Operativa<\/em><\/span><\/p>\n\n\n\n<p><\/p>\n\n\n\n<div class=\"wp-block-image\"><figure class=\"aligncenter size-large is-resized\"><img loading=\"lazy\" src=\"https:\/\/www.villaeducativa.edu.mx\/newspaper\/wp-content\/uploads\/2025\/02\/exalumnos25-1024x1024.jpg\" alt=\"\" class=\"wp-image-123628\" width=\"505\" height=\"505\" srcset=\"https:\/\/www.villaeducativa.edu.mx\/newspaper\/wp-content\/uploads\/2025\/02\/exalumnos25-1024x1024.jpg 1024w, https:\/\/www.villaeducativa.edu.mx\/newspaper\/wp-content\/uploads\/2025\/02\/exalumnos25-300x300.jpg 300w, https:\/\/www.villaeducativa.edu.mx\/newspaper\/wp-content\/uploads\/2025\/02\/exalumnos25-150x150.jpg 150w, https:\/\/www.villaeducativa.edu.mx\/newspaper\/wp-content\/uploads\/2025\/02\/exalumnos25-768x768.jpg 768w, https:\/\/www.villaeducativa.edu.mx\/newspaper\/wp-content\/uploads\/2025\/02\/exalumnos25-600x600.jpg 600w, https:\/\/www.villaeducativa.edu.mx\/newspaper\/wp-content\/uploads\/2025\/02\/exalumnos25-100x100.jpg 100w, https:\/\/www.villaeducativa.edu.mx\/newspaper\/wp-content\/uploads\/2025\/02\/exalumnos25.jpg 1080w\" sizes=\"(max-width: 505px) 100vw, 505px\" \/><\/figure><\/div>\n","protected":false},"excerpt":{"rendered":"<p>Estamos a pocos d\u00edas de celebrar el Desayuno de Exalumnos en honor al 50 aniversario de Villa Educativa, y queremos contar con la mayor cantidad de generaciones reunidas en este gran evento. Si conoces a exalumnos, ay\u00fadanos a invitarlos para que se sumen a esta celebraci\u00f3n llena de recuerdos, reencuentros y momentos inolvidables&#8230;<\/p>\n","protected":false},"author":2,"featured_media":123629,"comment_status":"closed","ping_status":"closed","sticky":false,"template":"","format":"standard","meta":{"ngg_post_thumbnail":0},"categories":[17],"tags":[],"_links":{"self":[{"href":"https:\/\/www.villaeducativa.edu.mx\/newspaper\/index.php?rest_route=\/wp\/v2\/posts\/123627"}],"collection":[{"href":"https:\/\/www.villaeducativa.edu.mx\/newspaper\/index.php?rest_route=\/wp\/v2\/posts"}],"about":[{"href":"https:\/\/www.villaeducativa.edu.mx\/newspaper\/index.php?rest_route=\/wp\/v2\/types\/post"}],"author":[{"embeddable":true,"href":"https:\/\/www.villaeducativa.edu.mx\/newspaper\/index.php?rest_route=\/wp\/v2\/users\/2"}],"replies":[{"embeddable":true,"href":"https:\/\/www.villaeducativa.edu.mx\/newspaper\/index.php?rest_route=%2Fwp%2Fv2%2Fcomments&post=123627"}],"version-history":[{"count":2,"href":"https:\/\/www.villaeducativa.edu.mx\/newspaper\/index.php?rest_route=\/wp\/v2\/posts\/123627\/revisions"}],"predecessor-version":[{"id":123685,"href":"https:\/\/www.villaeducativa.edu.mx\/newspaper\/index.php?rest_route=\/wp\/v2\/posts\/123627\/revisions\/123685"}],"wp:featuredmedia":[{"embeddable":true,"href":"https:\/\/www.villaeducativa.edu.mx\/newspaper\/index.php?rest_route=\/wp\/v2\/media\/123629"}],"wp:attachment":[{"href":"https:\/\/www.villaeducativa.edu.mx\/newspaper\/index.php?rest_route=%2Fwp%2Fv2%2Fmedia&parent=123627"}],"wp:term":[{"taxonomy":"category","embeddable":true,"href":"https:\/\/www.villaeducativa.edu.mx\/newspaper\/index.php?rest_route=%2Fwp%2Fv2%2Fcategories&post=123627"},{"taxonomy":"post_tag","embeddable":true,"href":"https:\/\/www.villaeducativa.edu.mx\/newspaper\/index.php?rest_route=%2Fwp%2Fv2%2Ftags&post=123627"}],"curies":[{"name":"wp","href":"https:\/\/api.w.org\/{rel}","templated":true}]}}