{"id":122549,"date":"2025-02-04T08:20:00","date_gmt":"2025-02-04T14:20:00","guid":{"rendered":"https:\/\/www.villaeducativa.edu.mx\/newspaper\/?p=122549"},"modified":"2025-02-04T13:30:23","modified_gmt":"2025-02-04T19:30:23","slug":"cierre-de-proyectos","status":"publish","type":"post","link":"https:\/\/www.villaeducativa.edu.mx\/newspaper\/?p=122549","title":{"rendered":"Cierre de Proyecto 2025"},"content":{"rendered":"\n<p>Fue un gusto recibir a los padres de familia en nuestra escuela para hacer visible el aprendizaje de nuestros alumnos a trav\u00e9s de la presentaci\u00f3n de los Cierres de Proyecto de cada grado, inspirados en la filosof\u00eda de Reggio Emilia,&nbsp;<\/p>\n\n\n\n<p>Agradecemos profundamente a cada familia por su asistencia y por formar parte de esta experiencia junto a sus hijos, donde tuvieron la oportunidad de intercambiar ideas, reflexionar sobre los elementos aprendidos, crear conclusiones y, lo m\u00e1s importante, conocer el proceso que dio forma a este trabajo.&nbsp;<\/p>\n\n\n\n<p>Desde el inicio de cada proyecto, en el que cada grupo elabor\u00f3 su mapa mental de arranque, hasta la curadur\u00eda que permiti\u00f3 una gran exhibici\u00f3n museogr\u00e1fica, los padres pudieron apreciar el esfuerzo, el trabajo y las creaciones finales de todos los alumnos.<\/p>\n\n\n\n<p>Esta actividad no solo reflej\u00f3 los logros acad\u00e9micos de los estudiantes, sino tambi\u00e9n el enfoque colaborativo y el proceso de aprendizaje continuo que caracteriza a nuestro modelo educativo inspirado en Reggio Emilia.<\/p>\n\n\n\n<p>Muchas gracias por ser parte de este gran proyecto educativo.&nbsp;<\/p>\n\n\n\n<ul><li><strong><a href=\"https:\/\/www.villaeducativa.edu.mx\/newspaper\/?page_id=122783\">Galer\u00eda de 1er grado<\/a><\/strong><\/li><li><strong><a href=\"https:\/\/www.villaeducativa.edu.mx\/newspaper\/?page_id=122839\">Galer\u00eda de 2o grado<\/a><\/strong><\/li><li><strong><a href=\"https:\/\/www.villaeducativa.edu.mx\/newspaper\/?page_id=122888\">Galer\u00eda de 3er grado<\/a><\/strong><\/li><li><strong><a href=\"https:\/\/www.villaeducativa.edu.mx\/newspaper\/?page_id=122928\">Galer\u00eda de 4o grado<\/a><\/strong><\/li><li><strong><a href=\"https:\/\/www.villaeducativa.edu.mx\/newspaper\/?page_id=122995\">Galer\u00eda de 5o grado<\/a><\/strong><\/li><li><strong><a href=\"https:\/\/www.villaeducativa.edu.mx\/newspaper\/?page_id=122998\">Galer\u00eda de 6o grado<\/a><\/strong><\/li><\/ul>\n\n\n\n<p><strong><span class=\"has-inline-color has-vivid-cyan-blue-color\">Lupita G\u00e1lvez&nbsp;y Greta Rodr\u00edguez&nbsp;<br><\/span><\/strong><span class=\"has-inline-color has-vivid-cyan-blue-color\"><em>Coordinaci\u00f3n de Primaria&nbsp;<\/em><\/span><strong><span class=\"has-inline-color has-vivid-cyan-blue-color\"><br><br>Lupita Carmona&nbsp;y Emma Ochoa<br><\/span><\/strong><span class=\"has-inline-color has-vivid-cyan-blue-color\"><em>Atelieristas<\/em><\/span><\/p>\n","protected":false},"excerpt":{"rendered":"<p>Fue un gusto recibir a los padres de familia en nuestra escuela para hacer visible el aprendizaje de nuestros alumnos a trav\u00e9s de la presentaci\u00f3n de los Cierres de Proyecto de cada grado, inspirados en la filosof\u00eda de Reggio Emilia,&nbsp; Agradecemos profundamente a cada familia por su asistencia y por&hellip; <\/p>\n","protected":false},"author":2,"featured_media":122550,"comment_status":"closed","ping_status":"closed","sticky":false,"template":"","format":"standard","meta":{"ngg_post_thumbnail":0},"categories":[3],"tags":[15],"_links":{"self":[{"href":"https:\/\/www.villaeducativa.edu.mx\/newspaper\/index.php?rest_route=\/wp\/v2\/posts\/122549"}],"collection":[{"href":"https:\/\/www.villaeducativa.edu.mx\/newspaper\/index.php?rest_route=\/wp\/v2\/posts"}],"about":[{"href":"https:\/\/www.villaeducativa.edu.mx\/newspaper\/index.php?rest_route=\/wp\/v2\/types\/post"}],"author":[{"embeddable":true,"href":"https:\/\/www.villaeducativa.edu.mx\/newspaper\/index.php?rest_route=\/wp\/v2\/users\/2"}],"replies":[{"embeddable":true,"href":"https:\/\/www.villaeducativa.edu.mx\/newspaper\/index.php?rest_route=%2Fwp%2Fv2%2Fcomments&post=122549"}],"version-history":[{"count":7,"href":"https:\/\/www.villaeducativa.edu.mx\/newspaper\/index.php?rest_route=\/wp\/v2\/posts\/122549\/revisions"}],"predecessor-version":[{"id":123064,"href":"https:\/\/www.villaeducativa.edu.mx\/newspaper\/index.php?rest_route=\/wp\/v2\/posts\/122549\/revisions\/123064"}],"wp:featuredmedia":[{"embeddable":true,"href":"https:\/\/www.villaeducativa.edu.mx\/newspaper\/index.php?rest_route=\/wp\/v2\/media\/122550"}],"wp:attachment":[{"href":"https:\/\/www.villaeducativa.edu.mx\/newspaper\/index.php?rest_route=%2Fwp%2Fv2%2Fmedia&parent=122549"}],"wp:term":[{"taxonomy":"category","embeddable":true,"href":"https:\/\/www.villaeducativa.edu.mx\/newspaper\/index.php?rest_route=%2Fwp%2Fv2%2Fcategories&post=122549"},{"taxonomy":"post_tag","embeddable":true,"href":"https:\/\/www.villaeducativa.edu.mx\/newspaper\/index.php?rest_route=%2Fwp%2Fv2%2Ftags&post=122549"}],"curies":[{"name":"wp","href":"https:\/\/api.w.org\/{rel}","templated":true}]}}