{"id":122447,"date":"2025-02-04T08:35:00","date_gmt":"2025-02-04T14:35:00","guid":{"rendered":"https:\/\/www.villaeducativa.edu.mx\/newspaper\/?p=122447"},"modified":"2025-02-04T13:17:28","modified_gmt":"2025-02-04T19:17:28","slug":"valentine-s-day","status":"publish","type":"post","link":"https:\/\/www.villaeducativa.edu.mx\/newspaper\/?p=122447","title":{"rendered":"Valentine \u2018s Day!"},"content":{"rendered":"\n<p>You are cordially invited to our Valentine&#8217;s Day Friendship Celebration on February 14th! We believe in celebrating love, friendship, kindness, empathy and what better way to do it than with an exciting day filled with various activities.<\/p>\n\n\n\n<p><strong>Details:&nbsp;<\/strong><br><strong>Date:<\/strong> February 14th&nbsp;<br><strong>Dress Code:<\/strong> Red, Pink, White \u2013 Let&#8217;s paint the day with love and friendship!<br><strong>Activities:<\/strong> Numerous activities throughout the day to spread joy and celebrate friendship.&nbsp;<\/p>\n\n\n\n<p>Come join us as we cherish the spirit of friendship on this special day. Your presence will add warmth to our celebration. We look forward to sharing this joyful occasion with you.<\/p>\n\n\n\n<hr class=\"wp-block-separator\"\/>\n\n\n\n<p>\u00a1Est\u00e1s cordialmente invitado a nuestra Celebraci\u00f3n de la Amistad el 14 de febrero! Creemos en celebrar el amor, la amistad, la bondad y la empat\u00eda, y lo haremos con un d\u00eda emocionante lleno de divertidas actividades.<\/p>\n\n\n\n<p><strong>Fecha:<\/strong> 14 de febrero<br><strong>C\u00f3digo de vestimenta:<\/strong> Rojo, rosa, blanco \u2013 \u00a1Llenemos el d\u00eda de amistad!<br><strong>Actividades:<\/strong> Diversas actividades a lo largo del d\u00eda para compartir alegr\u00eda y celebrar la amistad. Nuestros alumnos de sexto montar\u00e1n su bazar de la amistad.<\/p>\n\n\n\n<p>Acomp\u00e1\u00f1anos a disfrutar del esp\u00edritu de la amistad en este d\u00eda especial. Tu presencia le dar\u00e1 un toque especial a nuestra celebraci\u00f3n.<\/p>\n\n\n\n<p><\/p>\n\n\n\n<p><strong>Entrada y salida: Horario habitual<\/strong><br><strong>Club: Horario Norma<\/strong>l<\/p>\n\n\n\n<p><strong><span class=\"has-inline-color has-vivid-cyan-blue-color\">Greta Rodr\u00edguez<br><\/span><\/strong><span class=\"has-inline-color has-vivid-cyan-blue-color\"><em>English Coordinator<\/em><\/span><\/p>\n","protected":false},"excerpt":{"rendered":"<p>You are cordially invited to our Valentine&#8217;s Day Friendship Celebration on February 14th! We believe in celebrating love, friendship, kindness, empathy and what better way to do it than with an exciting day filled with various activities. Details:&nbsp;Date: February 14th&nbsp;Dress Code: Red, Pink, White \u2013 Let&#8217;s paint the day with&hellip; <\/p>\n","protected":false},"author":2,"featured_media":122718,"comment_status":"closed","ping_status":"closed","sticky":false,"template":"","format":"standard","meta":{"ngg_post_thumbnail":0},"categories":[3],"tags":[],"_links":{"self":[{"href":"https:\/\/www.villaeducativa.edu.mx\/newspaper\/index.php?rest_route=\/wp\/v2\/posts\/122447"}],"collection":[{"href":"https:\/\/www.villaeducativa.edu.mx\/newspaper\/index.php?rest_route=\/wp\/v2\/posts"}],"about":[{"href":"https:\/\/www.villaeducativa.edu.mx\/newspaper\/index.php?rest_route=\/wp\/v2\/types\/post"}],"author":[{"embeddable":true,"href":"https:\/\/www.villaeducativa.edu.mx\/newspaper\/index.php?rest_route=\/wp\/v2\/users\/2"}],"replies":[{"embeddable":true,"href":"https:\/\/www.villaeducativa.edu.mx\/newspaper\/index.php?rest_route=%2Fwp%2Fv2%2Fcomments&post=122447"}],"version-history":[{"count":3,"href":"https:\/\/www.villaeducativa.edu.mx\/newspaper\/index.php?rest_route=\/wp\/v2\/posts\/122447\/revisions"}],"predecessor-version":[{"id":123070,"href":"https:\/\/www.villaeducativa.edu.mx\/newspaper\/index.php?rest_route=\/wp\/v2\/posts\/122447\/revisions\/123070"}],"wp:featuredmedia":[{"embeddable":true,"href":"https:\/\/www.villaeducativa.edu.mx\/newspaper\/index.php?rest_route=\/wp\/v2\/media\/122718"}],"wp:attachment":[{"href":"https:\/\/www.villaeducativa.edu.mx\/newspaper\/index.php?rest_route=%2Fwp%2Fv2%2Fmedia&parent=122447"}],"wp:term":[{"taxonomy":"category","embeddable":true,"href":"https:\/\/www.villaeducativa.edu.mx\/newspaper\/index.php?rest_route=%2Fwp%2Fv2%2Fcategories&post=122447"},{"taxonomy":"post_tag","embeddable":true,"href":"https:\/\/www.villaeducativa.edu.mx\/newspaper\/index.php?rest_route=%2Fwp%2Fv2%2Ftags&post=122447"}],"curies":[{"name":"wp","href":"https:\/\/api.w.org\/{rel}","templated":true}]}}