{"id":122348,"date":"2025-02-04T08:30:00","date_gmt":"2025-02-04T14:30:00","guid":{"rendered":"https:\/\/www.villaeducativa.edu.mx\/newspaper\/?p=122348"},"modified":"2025-02-04T14:46:53","modified_gmt":"2025-02-04T20:46:53","slug":"rumbo-a-nuestra-semana-cultural-celebrando-la-lectura","status":"publish","type":"post","link":"https:\/\/www.villaeducativa.edu.mx\/newspaper\/?p=122348","title":{"rendered":"Rumbo a nuestra Semana Cultural: \u00a1Celebrando la Lectura!"},"content":{"rendered":"\n<p>\u00a1La emoci\u00f3n se siente en el aire! Nuestra Semana Cultural est\u00e1 a la vuelta de la esquina, y queremos celebrar por todo lo alto el amor por la lectura que hemos cultivado juntos durante este ciclo escolar.<\/p>\n\n\n\n<p>Desde septiembre, nuestros ni\u00f1os han explorado un sinf\u00edn de mundos y aventuras a trav\u00e9s de los libros de nuestra biblioteca. Cada visita ha sido un viaje a la imaginaci\u00f3n, plasmado en sus reportes de lectura que hemos recibido.<\/p>\n\n\n\n<p>\u00a1Y ahora es tiempo de reconocer a nuestros lectores m\u00e1s apasionados! El lunes 27 de enero se realiz\u00f3 el conteo de sellos y estamos listos para premiar a los mejores lectores de cada grupo.\u00a0<\/p>\n\n\n\n<p>Los criterios considerados han sido:<\/p>\n\n\n\n<ol><li>La entrega regular de reportes a biblioteca.<\/li><li>El registro de lectura semanal&nbsp;<\/li><\/ol>\n\n\n\n<p>Te invitamos a seguir leyendo y entregar tus reportes con Miss Marisol en Biblioteca.<\/p>\n\n\n\n<p>\u00a1Prep\u00e1rense para una semana llena de libros, historias y mucha diversi\u00f3n! La lectura nos une, nos inspira y nos transforma. \u00a1Pronto recibir\u00e1s m\u00e1s informaci\u00f3n!<\/p>\n\n\n\n<p><strong><span class=\"has-inline-color has-vivid-cyan-blue-color\">Marisol P\u00e9rez P\u00e9rez &nbsp; &nbsp; &nbsp; &nbsp; &nbsp; &nbsp; <br><\/span><\/strong><span class=\"has-inline-color has-vivid-cyan-blue-color\"><em>Biblioteca Escolar<\/em><\/span><strong><span class=\"has-inline-color has-vivid-cyan-blue-color\"><br><br>Lupita G\u00e1lvez<br><\/span><\/strong><span class=\"has-inline-color has-vivid-cyan-blue-color\"><em>Coordinadora de Primaria<\/em><\/span><\/p>\n","protected":false},"excerpt":{"rendered":"<p>\u00a1La emoci\u00f3n se siente en el aire! Nuestra Semana Cultural est\u00e1 a la vuelta de la esquina, y queremos celebrar por todo lo alto el amor por la lectura que hemos cultivado juntos durante este ciclo escolar. Desde septiembre, nuestros ni\u00f1os han explorado un sinf\u00edn de mundos y aventuras a&hellip; <\/p>\n","protected":false},"author":2,"featured_media":122725,"comment_status":"closed","ping_status":"closed","sticky":false,"template":"","format":"standard","meta":{"ngg_post_thumbnail":0},"categories":[3],"tags":[],"_links":{"self":[{"href":"https:\/\/www.villaeducativa.edu.mx\/newspaper\/index.php?rest_route=\/wp\/v2\/posts\/122348"}],"collection":[{"href":"https:\/\/www.villaeducativa.edu.mx\/newspaper\/index.php?rest_route=\/wp\/v2\/posts"}],"about":[{"href":"https:\/\/www.villaeducativa.edu.mx\/newspaper\/index.php?rest_route=\/wp\/v2\/types\/post"}],"author":[{"embeddable":true,"href":"https:\/\/www.villaeducativa.edu.mx\/newspaper\/index.php?rest_route=\/wp\/v2\/users\/2"}],"replies":[{"embeddable":true,"href":"https:\/\/www.villaeducativa.edu.mx\/newspaper\/index.php?rest_route=%2Fwp%2Fv2%2Fcomments&post=122348"}],"version-history":[{"count":4,"href":"https:\/\/www.villaeducativa.edu.mx\/newspaper\/index.php?rest_route=\/wp\/v2\/posts\/122348\/revisions"}],"predecessor-version":[{"id":123104,"href":"https:\/\/www.villaeducativa.edu.mx\/newspaper\/index.php?rest_route=\/wp\/v2\/posts\/122348\/revisions\/123104"}],"wp:featuredmedia":[{"embeddable":true,"href":"https:\/\/www.villaeducativa.edu.mx\/newspaper\/index.php?rest_route=\/wp\/v2\/media\/122725"}],"wp:attachment":[{"href":"https:\/\/www.villaeducativa.edu.mx\/newspaper\/index.php?rest_route=%2Fwp%2Fv2%2Fmedia&parent=122348"}],"wp:term":[{"taxonomy":"category","embeddable":true,"href":"https:\/\/www.villaeducativa.edu.mx\/newspaper\/index.php?rest_route=%2Fwp%2Fv2%2Fcategories&post=122348"},{"taxonomy":"post_tag","embeddable":true,"href":"https:\/\/www.villaeducativa.edu.mx\/newspaper\/index.php?rest_route=%2Fwp%2Fv2%2Ftags&post=122348"}],"curies":[{"name":"wp","href":"https:\/\/api.w.org\/{rel}","templated":true}]}}