{"id":122329,"date":"2025-02-04T09:05:00","date_gmt":"2025-02-04T15:05:00","guid":{"rendered":"https:\/\/www.villaeducativa.edu.mx\/newspaper\/?p=122329"},"modified":"2025-02-04T13:05:03","modified_gmt":"2025-02-04T19:05:03","slug":"consejo-tecnico-y-capacitacion-de-enero","status":"publish","type":"post","link":"https:\/\/www.villaeducativa.edu.mx\/newspaper\/?p=122329","title":{"rendered":"Consejo t\u00e9cnico y capacitaci\u00f3n de enero"},"content":{"rendered":"\n<p>En nuestro consejo t\u00e9cnico del mes de enero, realizamos varias actividades de capacitaci\u00f3n en nuestras secciones de:<\/p>\n\n\n\n<p><strong>Preescolar y Primaria Baja&nbsp;<\/strong><\/p>\n\n\n\n<p><strong><strong>Sensibilizaci\u00f3n a la inclusi\u00f3n e Introducci\u00f3n al Dise\u00f1o Universal para el Aprendizaje (DUA) y apoyo en el uso de inteligencia artificial para el&nbsp;aula.<\/strong><\/strong><br>El objetivo de esta capacitaci\u00f3n es apoyar a nuestro equipo docente para que cuenten con herramientas pr\u00e1cticas y conocimientos avanzados para trabajar con alumnos con necesidades espec\u00edficas, promoviendo un entorno educativo inclusivo y equitativo, atendiendo&nbsp;a la diversidad que cada d\u00eda tenemos en el colegio.<\/p>\n\n\n\n<p><strong>Primaria Alta y Secundaria<\/strong><\/p>\n\n\n\n<p><strong>Uso de inteligencia artificial para la gesti\u00f3n administrativa y del aula<\/strong><br>El objetivo de esta capacitaci\u00f3n es la implementaci\u00f3n y aprovechamiento de tecnolog\u00edas basadas en inteligencia artificial, con la finalidad de optimizar procesos administrativos, personalizar estrategias pedag\u00f3gicas y reducir la carga laboral.<\/p>\n\n\n\n\n\n<div class=\"ngg-galleryoverview ngg-slideshow\"\n\t id=\"ngg-slideshow-764021b6214336f5192c25843a7f2530-17558216650\"\n     data-gallery-id=\"764021b6214336f5192c25843a7f2530\"\n     style=\"max-width: 600px; max-height: 600px;\">\n\n \t<div id=\"ngg-image-0\" class=\"ngg-gallery-slideshow-image\" style=\"height:600px\">\n\n        <a href=\"https:\/\/www.villaeducativa.edu.mx\/newspaper\/wp-content\/gallery\/24-capacitaenero\/IMG-20250131-WA0006.jpg\"\n           title=\"\"\n           data-src=\"https:\/\/www.villaeducativa.edu.mx\/newspaper\/wp-content\/gallery\/24-capacitaenero\/IMG-20250131-WA0006.jpg\"\n           data-thumbnail=\"https:\/\/www.villaeducativa.edu.mx\/newspaper\/wp-content\/gallery\/24-capacitaenero\/thumbs\/thumbs_IMG-20250131-WA0006.jpg\"\n           data-image-id=\"56612\"\n           data-title=\"IMG-20250131-WA0006\"\n           data-description=\"\"\n           class=\"ngg-fancybox\" rel=\"764021b6214336f5192c25843a7f2530\">\n\n            <img data-image-id='56612'\n                 title=\"\"\n                 alt=\"IMG-20250131-WA0006\"\n                 src=\"https:\/\/www.villaeducativa.edu.mx\/newspaper\/wp-content\/gallery\/24-capacitaenero\/IMG-20250131-WA0006.jpg\"\n                 style=\"max-height: 580px;\"\/>\n        <\/a>\n\n        <\/div> \n<div id=\"ngg-image-1\" class=\"ngg-gallery-slideshow-image\" style=\"height:600px\">\n\n        <a href=\"https:\/\/www.villaeducativa.edu.mx\/newspaper\/wp-content\/gallery\/24-capacitaenero\/IMG-20250131-WA0015.jpg\"\n           title=\"\"\n           data-src=\"https:\/\/www.villaeducativa.edu.mx\/newspaper\/wp-content\/gallery\/24-capacitaenero\/IMG-20250131-WA0015.jpg\"\n           data-thumbnail=\"https:\/\/www.villaeducativa.edu.mx\/newspaper\/wp-content\/gallery\/24-capacitaenero\/thumbs\/thumbs_IMG-20250131-WA0015.jpg\"\n           data-image-id=\"56621\"\n           data-title=\"IMG-20250131-WA0015\"\n           data-description=\"\"\n           class=\"ngg-fancybox\" rel=\"764021b6214336f5192c25843a7f2530\">\n\n            <img data-image-id='56621'\n                 title=\"\"\n                 alt=\"IMG-20250131-WA0015\"\n                 src=\"https:\/\/www.villaeducativa.edu.mx\/newspaper\/wp-content\/gallery\/24-capacitaenero\/IMG-20250131-WA0015.jpg\"\n                 style=\"max-height: 580px;\"\/>\n        <\/a>\n\n        <\/div> \n<div id=\"ngg-image-2\" class=\"ngg-gallery-slideshow-image\" style=\"height:600px\">\n\n        <a href=\"https:\/\/www.villaeducativa.edu.mx\/newspaper\/wp-content\/gallery\/24-capacitaenero\/IMG-20250131-WA0016.jpg\"\n           title=\"\"\n           data-src=\"https:\/\/www.villaeducativa.edu.mx\/newspaper\/wp-content\/gallery\/24-capacitaenero\/IMG-20250131-WA0016.jpg\"\n           data-thumbnail=\"https:\/\/www.villaeducativa.edu.mx\/newspaper\/wp-content\/gallery\/24-capacitaenero\/thumbs\/thumbs_IMG-20250131-WA0016.jpg\"\n           data-image-id=\"56622\"\n           data-title=\"IMG-20250131-WA0016\"\n           data-description=\"\"\n           class=\"ngg-fancybox\" rel=\"764021b6214336f5192c25843a7f2530\">\n\n            <img data-image-id='56622'\n                 title=\"\"\n                 alt=\"IMG-20250131-WA0016\"\n                 src=\"https:\/\/www.villaeducativa.edu.mx\/newspaper\/wp-content\/gallery\/24-capacitaenero\/IMG-20250131-WA0016.jpg\"\n                 style=\"max-height: 580px;\"\/>\n        <\/a>\n\n        <\/div> \n<div id=\"ngg-image-3\" class=\"ngg-gallery-slideshow-image\" style=\"height:600px\">\n\n        <a href=\"https:\/\/www.villaeducativa.edu.mx\/newspaper\/wp-content\/gallery\/24-capacitaenero\/IMG-20250131-WA0014.jpg\"\n           title=\"\"\n           data-src=\"https:\/\/www.villaeducativa.edu.mx\/newspaper\/wp-content\/gallery\/24-capacitaenero\/IMG-20250131-WA0014.jpg\"\n           data-thumbnail=\"https:\/\/www.villaeducativa.edu.mx\/newspaper\/wp-content\/gallery\/24-capacitaenero\/thumbs\/thumbs_IMG-20250131-WA0014.jpg\"\n           data-image-id=\"56617\"\n           data-title=\"IMG-20250131-WA0014\"\n           data-description=\"\"\n           class=\"ngg-fancybox\" rel=\"764021b6214336f5192c25843a7f2530\">\n\n            <img data-image-id='56617'\n                 title=\"\"\n                 alt=\"IMG-20250131-WA0014\"\n                 src=\"https:\/\/www.villaeducativa.edu.mx\/newspaper\/wp-content\/gallery\/24-capacitaenero\/IMG-20250131-WA0014.jpg\"\n                 style=\"max-height: 580px;\"\/>\n        <\/a>\n\n        <\/div> \n<div id=\"ngg-image-4\" class=\"ngg-gallery-slideshow-image\" style=\"height:600px\">\n\n        <a href=\"https:\/\/www.villaeducativa.edu.mx\/newspaper\/wp-content\/gallery\/24-capacitaenero\/IMG-20250131-WA0013.jpg\"\n           title=\"\"\n           data-src=\"https:\/\/www.villaeducativa.edu.mx\/newspaper\/wp-content\/gallery\/24-capacitaenero\/IMG-20250131-WA0013.jpg\"\n           data-thumbnail=\"https:\/\/www.villaeducativa.edu.mx\/newspaper\/wp-content\/gallery\/24-capacitaenero\/thumbs\/thumbs_IMG-20250131-WA0013.jpg\"\n           data-image-id=\"56618\"\n           data-title=\"IMG-20250131-WA0013\"\n           data-description=\"\"\n           class=\"ngg-fancybox\" rel=\"764021b6214336f5192c25843a7f2530\">\n\n            <img data-image-id='56618'\n                 title=\"\"\n                 alt=\"IMG-20250131-WA0013\"\n                 src=\"https:\/\/www.villaeducativa.edu.mx\/newspaper\/wp-content\/gallery\/24-capacitaenero\/IMG-20250131-WA0013.jpg\"\n                 style=\"max-height: 580px;\"\/>\n        <\/a>\n\n        <\/div> \n<div id=\"ngg-image-5\" class=\"ngg-gallery-slideshow-image\" style=\"height:600px\">\n\n        <a href=\"https:\/\/www.villaeducativa.edu.mx\/newspaper\/wp-content\/gallery\/24-capacitaenero\/IMG-20250131-WA0007.jpg\"\n           title=\"\"\n           data-src=\"https:\/\/www.villaeducativa.edu.mx\/newspaper\/wp-content\/gallery\/24-capacitaenero\/IMG-20250131-WA0007.jpg\"\n           data-thumbnail=\"https:\/\/www.villaeducativa.edu.mx\/newspaper\/wp-content\/gallery\/24-capacitaenero\/thumbs\/thumbs_IMG-20250131-WA0007.jpg\"\n           data-image-id=\"56613\"\n           data-title=\"IMG-20250131-WA0007\"\n           data-description=\"\"\n           class=\"ngg-fancybox\" rel=\"764021b6214336f5192c25843a7f2530\">\n\n            <img data-image-id='56613'\n                 title=\"\"\n                 alt=\"IMG-20250131-WA0007\"\n                 src=\"https:\/\/www.villaeducativa.edu.mx\/newspaper\/wp-content\/gallery\/24-capacitaenero\/IMG-20250131-WA0007.jpg\"\n                 style=\"max-height: 580px;\"\/>\n        <\/a>\n\n        <\/div> \n<div id=\"ngg-image-6\" class=\"ngg-gallery-slideshow-image\" style=\"height:600px\">\n\n        <a href=\"https:\/\/www.villaeducativa.edu.mx\/newspaper\/wp-content\/gallery\/24-capacitaenero\/IMG-20250131-WA0018.jpg\"\n           title=\"\"\n           data-src=\"https:\/\/www.villaeducativa.edu.mx\/newspaper\/wp-content\/gallery\/24-capacitaenero\/IMG-20250131-WA0018.jpg\"\n           data-thumbnail=\"https:\/\/www.villaeducativa.edu.mx\/newspaper\/wp-content\/gallery\/24-capacitaenero\/thumbs\/thumbs_IMG-20250131-WA0018.jpg\"\n           data-image-id=\"56623\"\n           data-title=\"IMG-20250131-WA0018\"\n           data-description=\"\"\n           class=\"ngg-fancybox\" rel=\"764021b6214336f5192c25843a7f2530\">\n\n            <img data-image-id='56623'\n                 title=\"\"\n                 alt=\"IMG-20250131-WA0018\"\n                 src=\"https:\/\/www.villaeducativa.edu.mx\/newspaper\/wp-content\/gallery\/24-capacitaenero\/IMG-20250131-WA0018.jpg\"\n                 style=\"max-height: 580px;\"\/>\n        <\/a>\n\n        <\/div> \n<div id=\"ngg-image-7\" class=\"ngg-gallery-slideshow-image\" style=\"height:600px\">\n\n        <a href=\"https:\/\/www.villaeducativa.edu.mx\/newspaper\/wp-content\/gallery\/24-capacitaenero\/IMG-20250131-WA0008.jpg\"\n           title=\"\"\n           data-src=\"https:\/\/www.villaeducativa.edu.mx\/newspaper\/wp-content\/gallery\/24-capacitaenero\/IMG-20250131-WA0008.jpg\"\n           data-thumbnail=\"https:\/\/www.villaeducativa.edu.mx\/newspaper\/wp-content\/gallery\/24-capacitaenero\/thumbs\/thumbs_IMG-20250131-WA0008.jpg\"\n           data-image-id=\"56614\"\n           data-title=\"IMG-20250131-WA0008\"\n           data-description=\"\"\n           class=\"ngg-fancybox\" rel=\"764021b6214336f5192c25843a7f2530\">\n\n            <img data-image-id='56614'\n                 title=\"\"\n                 alt=\"IMG-20250131-WA0008\"\n                 src=\"https:\/\/www.villaeducativa.edu.mx\/newspaper\/wp-content\/gallery\/24-capacitaenero\/IMG-20250131-WA0008.jpg\"\n                 style=\"max-height: 580px;\"\/>\n        <\/a>\n\n        <\/div> \n<div id=\"ngg-image-8\" class=\"ngg-gallery-slideshow-image\" style=\"height:600px\">\n\n        <a href=\"https:\/\/www.villaeducativa.edu.mx\/newspaper\/wp-content\/gallery\/24-capacitaenero\/IMG-20250131-WA0009.jpg\"\n           title=\"\"\n           data-src=\"https:\/\/www.villaeducativa.edu.mx\/newspaper\/wp-content\/gallery\/24-capacitaenero\/IMG-20250131-WA0009.jpg\"\n           data-thumbnail=\"https:\/\/www.villaeducativa.edu.mx\/newspaper\/wp-content\/gallery\/24-capacitaenero\/thumbs\/thumbs_IMG-20250131-WA0009.jpg\"\n           data-image-id=\"56615\"\n           data-title=\"IMG-20250131-WA0009\"\n           data-description=\"\"\n           class=\"ngg-fancybox\" rel=\"764021b6214336f5192c25843a7f2530\">\n\n            <img data-image-id='56615'\n                 title=\"\"\n                 alt=\"IMG-20250131-WA0009\"\n                 src=\"https:\/\/www.villaeducativa.edu.mx\/newspaper\/wp-content\/gallery\/24-capacitaenero\/IMG-20250131-WA0009.jpg\"\n                 style=\"max-height: 580px;\"\/>\n        <\/a>\n\n        <\/div> \n<div id=\"ngg-image-9\" class=\"ngg-gallery-slideshow-image\" style=\"height:600px\">\n\n        <a href=\"https:\/\/www.villaeducativa.edu.mx\/newspaper\/wp-content\/gallery\/24-capacitaenero\/IMG-20250131-WA0019.jpg\"\n           title=\"\"\n           data-src=\"https:\/\/www.villaeducativa.edu.mx\/newspaper\/wp-content\/gallery\/24-capacitaenero\/IMG-20250131-WA0019.jpg\"\n           data-thumbnail=\"https:\/\/www.villaeducativa.edu.mx\/newspaper\/wp-content\/gallery\/24-capacitaenero\/thumbs\/thumbs_IMG-20250131-WA0019.jpg\"\n           data-image-id=\"56625\"\n           data-title=\"IMG-20250131-WA0019\"\n           data-description=\"\"\n           class=\"ngg-fancybox\" rel=\"764021b6214336f5192c25843a7f2530\">\n\n            <img data-image-id='56625'\n                 title=\"\"\n                 alt=\"IMG-20250131-WA0019\"\n                 src=\"https:\/\/www.villaeducativa.edu.mx\/newspaper\/wp-content\/gallery\/24-capacitaenero\/IMG-20250131-WA0019.jpg\"\n                 style=\"max-height: 580px;\"\/>\n        <\/a>\n\n        <\/div> \n<div id=\"ngg-image-10\" class=\"ngg-gallery-slideshow-image\" style=\"height:600px\">\n\n        <a href=\"https:\/\/www.villaeducativa.edu.mx\/newspaper\/wp-content\/gallery\/24-capacitaenero\/IMG-20250131-WA0010.jpg\"\n           title=\"\"\n           data-src=\"https:\/\/www.villaeducativa.edu.mx\/newspaper\/wp-content\/gallery\/24-capacitaenero\/IMG-20250131-WA0010.jpg\"\n           data-thumbnail=\"https:\/\/www.villaeducativa.edu.mx\/newspaper\/wp-content\/gallery\/24-capacitaenero\/thumbs\/thumbs_IMG-20250131-WA0010.jpg\"\n           data-image-id=\"56616\"\n           data-title=\"IMG-20250131-WA0010\"\n           data-description=\"\"\n           class=\"ngg-fancybox\" rel=\"764021b6214336f5192c25843a7f2530\">\n\n            <img data-image-id='56616'\n                 title=\"\"\n                 alt=\"IMG-20250131-WA0010\"\n                 src=\"https:\/\/www.villaeducativa.edu.mx\/newspaper\/wp-content\/gallery\/24-capacitaenero\/IMG-20250131-WA0010.jpg\"\n                 style=\"max-height: 580px;\"\/>\n        <\/a>\n\n        <\/div> \n<div id=\"ngg-image-11\" class=\"ngg-gallery-slideshow-image\" style=\"height:600px\">\n\n        <a href=\"https:\/\/www.villaeducativa.edu.mx\/newspaper\/wp-content\/gallery\/24-capacitaenero\/IMG-20250131-WA0012.jpg\"\n           title=\"\"\n           data-src=\"https:\/\/www.villaeducativa.edu.mx\/newspaper\/wp-content\/gallery\/24-capacitaenero\/IMG-20250131-WA0012.jpg\"\n           data-thumbnail=\"https:\/\/www.villaeducativa.edu.mx\/newspaper\/wp-content\/gallery\/24-capacitaenero\/thumbs\/thumbs_IMG-20250131-WA0012.jpg\"\n           data-image-id=\"56619\"\n           data-title=\"IMG-20250131-WA0012\"\n           data-description=\"\"\n           class=\"ngg-fancybox\" rel=\"764021b6214336f5192c25843a7f2530\">\n\n            <img data-image-id='56619'\n                 title=\"\"\n                 alt=\"IMG-20250131-WA0012\"\n                 src=\"https:\/\/www.villaeducativa.edu.mx\/newspaper\/wp-content\/gallery\/24-capacitaenero\/IMG-20250131-WA0012.jpg\"\n                 style=\"max-height: 580px;\"\/>\n        <\/a>\n\n        <\/div> \n<div id=\"ngg-image-12\" class=\"ngg-gallery-slideshow-image\" style=\"height:600px\">\n\n        <a href=\"https:\/\/www.villaeducativa.edu.mx\/newspaper\/wp-content\/gallery\/24-capacitaenero\/IMG-20250131-WA0011.jpg\"\n           title=\"\"\n           data-src=\"https:\/\/www.villaeducativa.edu.mx\/newspaper\/wp-content\/gallery\/24-capacitaenero\/IMG-20250131-WA0011.jpg\"\n           data-thumbnail=\"https:\/\/www.villaeducativa.edu.mx\/newspaper\/wp-content\/gallery\/24-capacitaenero\/thumbs\/thumbs_IMG-20250131-WA0011.jpg\"\n           data-image-id=\"56620\"\n           data-title=\"IMG-20250131-WA0011\"\n           data-description=\"\"\n           class=\"ngg-fancybox\" rel=\"764021b6214336f5192c25843a7f2530\">\n\n            <img data-image-id='56620'\n                 title=\"\"\n                 alt=\"IMG-20250131-WA0011\"\n                 src=\"https:\/\/www.villaeducativa.edu.mx\/newspaper\/wp-content\/gallery\/24-capacitaenero\/IMG-20250131-WA0011.jpg\"\n                 style=\"max-height: 580px;\"\/>\n        <\/a>\n\n        <\/div> \n<div id=\"ngg-image-13\" class=\"ngg-gallery-slideshow-image\" style=\"height:600px\">\n\n        <a href=\"https:\/\/www.villaeducativa.edu.mx\/newspaper\/wp-content\/gallery\/24-capacitaenero\/IMG-20250131-WA0017.jpg\"\n           title=\"\"\n           data-src=\"https:\/\/www.villaeducativa.edu.mx\/newspaper\/wp-content\/gallery\/24-capacitaenero\/IMG-20250131-WA0017.jpg\"\n           data-thumbnail=\"https:\/\/www.villaeducativa.edu.mx\/newspaper\/wp-content\/gallery\/24-capacitaenero\/thumbs\/thumbs_IMG-20250131-WA0017.jpg\"\n           data-image-id=\"56624\"\n           data-title=\"IMG-20250131-WA0017\"\n           data-description=\"\"\n           class=\"ngg-fancybox\" rel=\"764021b6214336f5192c25843a7f2530\">\n\n            <img data-image-id='56624'\n                 title=\"\"\n                 alt=\"IMG-20250131-WA0017\"\n                 src=\"https:\/\/www.villaeducativa.edu.mx\/newspaper\/wp-content\/gallery\/24-capacitaenero\/IMG-20250131-WA0017.jpg\"\n                 style=\"max-height: 580px;\"\/>\n        <\/a>\n\n        <\/div> \n<div id=\"ngg-image-14\" class=\"ngg-gallery-slideshow-image\" style=\"height:600px\">\n\n        <a href=\"https:\/\/www.villaeducativa.edu.mx\/newspaper\/wp-content\/gallery\/24-capacitaenero\/IMG-20250131-WA0021.jpg\"\n           title=\"\"\n           data-src=\"https:\/\/www.villaeducativa.edu.mx\/newspaper\/wp-content\/gallery\/24-capacitaenero\/IMG-20250131-WA0021.jpg\"\n           data-thumbnail=\"https:\/\/www.villaeducativa.edu.mx\/newspaper\/wp-content\/gallery\/24-capacitaenero\/thumbs\/thumbs_IMG-20250131-WA0021.jpg\"\n           data-image-id=\"56611\"\n           data-title=\"IMG-20250131-WA0021\"\n           data-description=\"\"\n           class=\"ngg-fancybox\" rel=\"764021b6214336f5192c25843a7f2530\">\n\n            <img data-image-id='56611'\n                 title=\"\"\n                 alt=\"IMG-20250131-WA0021\"\n                 src=\"https:\/\/www.villaeducativa.edu.mx\/newspaper\/wp-content\/gallery\/24-capacitaenero\/IMG-20250131-WA0021.jpg\"\n                 style=\"max-height: 580px;\"\/>\n        <\/a>\n\n        <\/div> \n<\/div>\n\n\n\n\n\n\n\n<p><strong><span class=\"has-inline-color has-vivid-cyan-blue-color\">Marlene Ch\u00e1vez<br><\/span><\/strong><span class=\"has-inline-color has-vivid-cyan-blue-color\"><em>Coordinadora de Recursos Humanos y Planta F\u00edsica<\/em><\/span><\/p>\n","protected":false},"excerpt":{"rendered":"<p>En nuestro consejo t\u00e9cnico del mes de enero, realizamos varias actividades de capacitaci\u00f3n en nuestras secciones de: Preescolar y Primaria Baja&nbsp; Sensibilizaci\u00f3n a la inclusi\u00f3n e Introducci\u00f3n al Dise\u00f1o Universal para el Aprendizaje (DUA) y apoyo en el uso de inteligencia artificial para el&nbsp;aula.El objetivo de esta capacitaci\u00f3n es apoyar&hellip; <\/p>\n","protected":false},"author":2,"featured_media":122346,"comment_status":"closed","ping_status":"closed","sticky":false,"template":"","format":"standard","meta":{"ngg_post_thumbnail":0},"categories":[17],"tags":[],"_links":{"self":[{"href":"https:\/\/www.villaeducativa.edu.mx\/newspaper\/index.php?rest_route=\/wp\/v2\/posts\/122329"}],"collection":[{"href":"https:\/\/www.villaeducativa.edu.mx\/newspaper\/index.php?rest_route=\/wp\/v2\/posts"}],"about":[{"href":"https:\/\/www.villaeducativa.edu.mx\/newspaper\/index.php?rest_route=\/wp\/v2\/types\/post"}],"author":[{"embeddable":true,"href":"https:\/\/www.villaeducativa.edu.mx\/newspaper\/index.php?rest_route=\/wp\/v2\/users\/2"}],"replies":[{"embeddable":true,"href":"https:\/\/www.villaeducativa.edu.mx\/newspaper\/index.php?rest_route=%2Fwp%2Fv2%2Fcomments&post=122329"}],"version-history":[{"count":3,"href":"https:\/\/www.villaeducativa.edu.mx\/newspaper\/index.php?rest_route=\/wp\/v2\/posts\/122329\/revisions"}],"predecessor-version":[{"id":123056,"href":"https:\/\/www.villaeducativa.edu.mx\/newspaper\/index.php?rest_route=\/wp\/v2\/posts\/122329\/revisions\/123056"}],"wp:featuredmedia":[{"embeddable":true,"href":"https:\/\/www.villaeducativa.edu.mx\/newspaper\/index.php?rest_route=\/wp\/v2\/media\/122346"}],"wp:attachment":[{"href":"https:\/\/www.villaeducativa.edu.mx\/newspaper\/index.php?rest_route=%2Fwp%2Fv2%2Fmedia&parent=122329"}],"wp:term":[{"taxonomy":"category","embeddable":true,"href":"https:\/\/www.villaeducativa.edu.mx\/newspaper\/index.php?rest_route=%2Fwp%2Fv2%2Fcategories&post=122329"},{"taxonomy":"post_tag","embeddable":true,"href":"https:\/\/www.villaeducativa.edu.mx\/newspaper\/index.php?rest_route=%2Fwp%2Fv2%2Ftags&post=122329"}],"curies":[{"name":"wp","href":"https:\/\/api.w.org\/{rel}","templated":true}]}}