{"id":122325,"date":"2025-02-04T09:20:00","date_gmt":"2025-02-04T15:20:00","guid":{"rendered":"https:\/\/www.villaeducativa.edu.mx\/newspaper\/?p=122325"},"modified":"2025-02-04T13:09:27","modified_gmt":"2025-02-04T19:09:27","slug":"segundo-morning-coffee-4","status":"publish","type":"post","link":"https:\/\/www.villaeducativa.edu.mx\/newspaper\/?p=122325","title":{"rendered":"Segundo Morning Coffee"},"content":{"rendered":"\n<p>La semana pasada tuvimos el placer de reunirnos y disfrutar de nuestro<strong> segundo Morning Coffee<\/strong>. Pudimos compartirles algunas de nuestras innovaciones y escuchar sus comentarios.<\/p>\n\n\n\n<p>Les compartimos la grabaci\u00f3n por si no pudieron acompa\u00f1arnos.<\/p>\n\n\n\n<ul><li><strong><a href=\"https:\/\/drive.google.com\/file\/d\/1-4_fnsVKvENYT92tX96ELNJG7RmsAyxS\/view?usp=sharing\">Happy Kinder<\/a><\/strong><\/li><li><strong><a href=\"https:\/\/drive.google.com\/file\/d\/1xS75FhNrTADEemTpxj7sLagFK0Em9Aku\/view?usp=sharing\">Villa Educativa Primaria Baja<\/a><\/strong><\/li><li><strong><a href=\"https:\/\/drive.google.com\/file\/d\/1sKAgn8gKku3KnevJhI_JVFaVQU-0SZLl\/view?usp=sharing\">Villa Educativa Primaria Alta<\/a><\/strong><\/li><li><strong><a href=\"https:\/\/drive.google.com\/file\/d\/1FnbXHTHmvpfJeLKUXygQ1bmmjRZjsz_V\/view?usp=sharing\">Villa High<\/a><\/strong><\/li><\/ul>\n\n\n\n<p>Durante nuestras reuniones, tomamos nota de las diferentes inquietudes. Adjuntamos las respuestas:<\/p>\n\n\n\n<h4><strong>Generales<\/strong><\/h4>\n\n\n\n<p><strong>V\u00eda R\u00e1pida<\/strong><br>Les recordamos que la v\u00eda r\u00e1pida la hacen los pap\u00e1s, por lo que es muy importante considerar lo siguiente:<\/p>\n\n\n\n<ul><li>Respetar la infograf\u00eda de circulaci\u00f3n que les compartimos al inicio del ciclo.<\/li><\/ul>\n\n\n\n<p>  &#8211; <a rel=\"noreferrer noopener\" href=\"https:\/\/drive.google.com\/file\/d\/1i3RaPpecRMPVhi7tHG5QaGCaVU_L8jJ8\/view?usp=sharing\" target=\"_blank\"><strong>V\u00eda R\u00e1pida Primaria<\/strong><\/a><\/p>\n\n\n\n<figure class=\"wp-block-image size-large is-resized\"><a href=\"https:\/\/drive.google.com\/file\/d\/1i3RaPpecRMPVhi7tHG5QaGCaVU_L8jJ8\/view?usp=sharing\"><img loading=\"lazy\" src=\"http:\/\/www.villaeducativa.edu.mx\/newspaper\/wp-content\/uploads\/2022\/09\/Infofrafia-viarapida-Happy-Villa-791x1024.jpg\" alt=\"\" class=\"wp-image-76292\" width=\"198\" height=\"256\" srcset=\"https:\/\/www.villaeducativa.edu.mx\/newspaper\/wp-content\/uploads\/2022\/09\/Infofrafia-viarapida-Happy-Villa-791x1024.jpg 791w, https:\/\/www.villaeducativa.edu.mx\/newspaper\/wp-content\/uploads\/2022\/09\/Infofrafia-viarapida-Happy-Villa-232x300.jpg 232w, https:\/\/www.villaeducativa.edu.mx\/newspaper\/wp-content\/uploads\/2022\/09\/Infofrafia-viarapida-Happy-Villa-768x994.jpg 768w, https:\/\/www.villaeducativa.edu.mx\/newspaper\/wp-content\/uploads\/2022\/09\/Infofrafia-viarapida-Happy-Villa-600x776.jpg 600w, https:\/\/www.villaeducativa.edu.mx\/newspaper\/wp-content\/uploads\/2022\/09\/Infofrafia-viarapida-Happy-Villa.jpg 1000w\" sizes=\"(max-width: 198px) 100vw, 198px\" \/><\/a><\/figure>\n\n\n\n<p>  &#8211; <a rel=\"noreferrer noopener\" href=\"https:\/\/drive.google.com\/file\/d\/1Cca5XI0irqQaBiCnNtrwH4WPyuh--r3u\/view?usp=sharing\" target=\"_blank\"><strong>V\u00eda R\u00e1pida Villa High<\/strong><\/a><\/p>\n\n\n\n<figure class=\"wp-block-image size-large is-resized\"><a href=\"https:\/\/drive.google.com\/file\/d\/1Cca5XI0irqQaBiCnNtrwH4WPyuh--r3u\/view?usp=sharing\"><img loading=\"lazy\" src=\"http:\/\/www.villaeducativa.edu.mx\/newspaper\/wp-content\/uploads\/2024\/08\/viarapida-high-791x1024.jpg\" alt=\"\" class=\"wp-image-113737\" width=\"198\" height=\"256\" srcset=\"https:\/\/www.villaeducativa.edu.mx\/newspaper\/wp-content\/uploads\/2024\/08\/viarapida-high-791x1024.jpg 791w, https:\/\/www.villaeducativa.edu.mx\/newspaper\/wp-content\/uploads\/2024\/08\/viarapida-high-232x300.jpg 232w, https:\/\/www.villaeducativa.edu.mx\/newspaper\/wp-content\/uploads\/2024\/08\/viarapida-high-768x994.jpg 768w, https:\/\/www.villaeducativa.edu.mx\/newspaper\/wp-content\/uploads\/2024\/08\/viarapida-high-600x776.jpg 600w, https:\/\/www.villaeducativa.edu.mx\/newspaper\/wp-content\/uploads\/2024\/08\/viarapida-high.jpg 1000w\" sizes=\"(max-width: 198px) 100vw, 198px\" \/><\/a><\/figure>\n\n\n\n<ul><li>No quedarse estacionado sobre Ricarte ni estorbando las entradas de los vecinos.<\/li><li>No formarse con mucho tiempo de anticipaci\u00f3n, ya que se entorpece el tr\u00e1nsito.<\/li><\/ul>\n\n\n\n<p>Este ciclo escolar, Miss Jacive Monroy, como coordinadora de operaci\u00f3n, est\u00e1 supervisando las entradas y salidas. Si tienen alguna situaci\u00f3n relacionada a la v\u00eda r\u00e1pida, pueden acercarse a ella o enviarle un correo a <a href=\"mailto:missjacive@villaeducativa.edu.mx\" target=\"_blank\" rel=\"noreferrer noopener\">missjacive@villaeducativa.edu.mx<\/a><\/p>\n\n\n\n<h4><strong>Happy Kinder<\/strong><\/h4>\n\n\n\n<p><strong>1.<\/strong> Los cierres de proyecto se realizar\u00e1n del 5 al 7 de febrero. Estos son los d\u00edas y horarios:<\/p>\n\n\n\n<p><strong>K1 Little Hands, Big Discoveries&nbsp; (mi\u00e9rcoles 5 de febrero)<\/strong><\/p>\n\n\n\n<figure class=\"wp-block-table is-style-regular\"><table><tbody><tr><td>GRUPO<\/td><td>HORARIO&nbsp;<\/td><\/tr><tr><td>K1A<\/td><td>9:00 a.m.<\/td><\/tr><tr><td>K1B<\/td><td>11:00 a.m.<\/td><\/tr><\/tbody><\/table><\/figure>\n\n\n\n<p><strong>K2 Roar, Feel, and Smile&nbsp; (jueves 6 de febrero)<\/strong><\/p>\n\n\n\n<figure class=\"wp-block-table is-style-regular\"><table><tbody><tr><td>GRUPO<\/td><td>HORARIO&nbsp;<\/td><\/tr><tr><td>K2A<\/td><td>9:00 a.m.<\/td><\/tr><tr><td>K2B<\/td><td>11:00 a.m.<\/td><\/tr><tr><td>K2C<\/td><td>1:00 p.m.<\/td><\/tr><\/tbody><\/table><\/figure>\n\n\n\n<p><strong>K3 Kind Hearts, Happy Hands (viernes 7 de febrero)<\/strong><\/p>\n\n\n\n<figure class=\"wp-block-table is-style-regular\"><table><tbody><tr><td>GRUPO<\/td><td>HORARIO&nbsp;<\/td><\/tr><tr><td>K3A<\/td><td>9:00 a.m.<\/td><\/tr><tr><td>K3B<\/td><td>11:00 a.m.<\/td><\/tr><tr><td>K3C<\/td><td>1:00 p.m.<\/td><\/tr><\/tbody><\/table><\/figure>\n\n\n\n<p>El d\u00eda de su cierre los peque\u00f1os vienen de uniforme de diario acompa\u00f1ados de 2 invitados y se retiran con ellos.&nbsp; El resto de los grupos tendr\u00e1 clases habituales ese d\u00eda, pero su salida ser\u00e1 por la puerta de primaria.<\/p>\n\n\n\n<p><strong>2.<\/strong> El evento de firma de aut\u00f3grafos de Estante M\u00e1gico se realizar\u00e1 el jueves 3 de abril en los siguientes horarios:<\/p>\n\n\n\n<ul><li>8:30 K3A<\/li><li>9:00 K3B<\/li><li>9:30 K3C<\/li><\/ul>\n\n\n\n<p>Los alumnos asistir\u00e1n con ropa formal-casual y pueden venir acompa\u00f1ados de las personas que ustedes deseen.<\/p>\n\n\n\n<p><strong>3. <\/strong>El concurso de agujetas<\/p>\n\n\n\n<p>\u00a1Estamos desafiando a nuestros estudiantes de K2 y K3 al concurso de atado de agujetas!&nbsp; Nuestros ni\u00f1os tendr\u00e1n el resto del a\u00f1o escolar para demostrar su habilidad para atarse los tenis. Cuando la dominen, podr\u00e1n mostrarle a Miss Carlie, a su maestra y a sus compa\u00f1eros lo bien que lo est\u00e1n haciendo. Todos los lunes tendremos una ceremonia especial para los estudiantes que dominan este arte. Esos peque\u00f1os recibir\u00e1n una certificaci\u00f3n y una medalla por este logro. La primera ceremonia se llevar\u00e1 a cabo el lunes 10 de febrero.<\/p>\n\n\n\n<p><strong>4. <\/strong>Algunos alumnos de kinder 3 han sido invitados al taller de lectoescritura que se dar\u00e1 en la escuela para apoyarlos en este proceso. Si su hijo no fue invitado, es porque su desempe\u00f1o es acorde a lo esperado en este momento.<\/p>\n\n\n\n<h4><strong>Villa Educativa<\/strong><\/h4>\n\n\n\n<p><strong>1.<\/strong> El evento de firma de aut\u00f3grafos de Estante M\u00e1gico se realizar\u00e1 el jueves 3 y viernes 4 de abril en los siguientes horarios:<\/p>\n\n\n\n<p><em><strong>Jueves 3<\/strong><\/em><\/p>\n\n\n\n<ul><li>10:00 6\u00baA<\/li><li>10:30 6\u00baB<\/li><\/ul>\n\n\n\n<p><em><strong>Viernes 4<\/strong><\/em><\/p>\n\n\n\n<ul><li>8:00 6\u00baC<\/li><li>8:30 6\u00baD<\/li><li>9:00 1\u00baA<\/li><li>9:30 1\u00baB<\/li><li>10:00 1\u00baC<\/li><li>10:30 1\u00baD<\/li><\/ul>\n\n\n\n<p>Los alumnos asistir\u00e1n con ropa formal-casual y pueden venir acompa\u00f1ados de las personas que ustedes deseen.<\/p>\n\n\n\n<p><strong>2.<\/strong> En las pr\u00f3ximas semanas recibir\u00e1n invitaci\u00f3n para una pl\u00e1tica con el personal de Progrentis donde podr\u00e1n resolver sus dudas. Tambi\u00e9n les reenviaremos por Classroom los calendarios de avances de unidades. Les recordamos dejar que los alumnos resuelvan los ejercicios solos y dedicar de 10 a 15 min. diarios para hacerlo.<\/p>\n\n\n\n<p><strong>3. <\/strong>La inscripci\u00f3n para los ex\u00e1menes de Cambridge se abre el 1o de marzo. Enviaremos toda la informaci\u00f3n por correo y en el newspaper. Sus hijos est\u00e1n preparados para presentar el examen al que son asignados.&nbsp;<\/p>\n\n\n\n<p><strong>4.<\/strong> El Spelling Bee se realizar\u00e1 en mayo.<\/p>\n\n\n\n<p><strong>Villa High<\/strong><\/p>\n\n\n\n<p><strong>1. <\/strong>La inscripci\u00f3n para los ex\u00e1menes de Cambridge se abre el 1o de marzo. Enviaremos toda la informaci\u00f3n por correo y en el newspaper. Sus hijos est\u00e1n preparados para presentar el examen al que son asignados. El examen se realizar\u00e1 el s\u00e1bado 31 de mayo.<\/p>\n\n\n\n<p>2<strong>.<\/strong> Del 10 al 14 de febrero se aplicar\u00e1n los ex\u00e1menes semestrales. La pr\u00f3xima semana se publicar\u00e1 en los pizarrones de la escuela la lista de exentos. Los alumnos \u00fanicamente se deber\u00e1n presentar en los d\u00edas y horarios que les corresponden. Por favor revisen la nota del newspaper con toda la informaci\u00f3n.<\/p>\n\n\n\n<p><strong>Time Out<\/strong><\/p>\n\n\n\n<p><strong>1.<\/strong> Revisaremos con esta \u00e1rea la posibilidad de tener men\u00fas m\u00e1s variados.<\/p>\n\n\n\n<p><strong><span class=\"has-inline-color has-vivid-cyan-blue-color\">Karla Renter\u00eda<br><\/span><\/strong><span class=\"has-inline-color has-vivid-cyan-blue-color\"><em>Directora Acad\u00e9mica<\/em><\/span><\/p>\n","protected":false},"excerpt":{"rendered":"<p>La semana pasada tuvimos el placer de reunirnos y disfrutar de nuestro segundo Morning Coffee. Pudimos compartirles algunas de nuestras innovaciones y escuchar sus comentarios. Les compartimos la grabaci\u00f3n por si no pudieron acompa\u00f1arnos&#8230;<\/p>\n","protected":false},"author":2,"featured_media":0,"comment_status":"closed","ping_status":"closed","sticky":false,"template":"","format":"standard","meta":{"ngg_post_thumbnail":0},"categories":[17],"tags":[],"_links":{"self":[{"href":"https:\/\/www.villaeducativa.edu.mx\/newspaper\/index.php?rest_route=\/wp\/v2\/posts\/122325"}],"collection":[{"href":"https:\/\/www.villaeducativa.edu.mx\/newspaper\/index.php?rest_route=\/wp\/v2\/posts"}],"about":[{"href":"https:\/\/www.villaeducativa.edu.mx\/newspaper\/index.php?rest_route=\/wp\/v2\/types\/post"}],"author":[{"embeddable":true,"href":"https:\/\/www.villaeducativa.edu.mx\/newspaper\/index.php?rest_route=\/wp\/v2\/users\/2"}],"replies":[{"embeddable":true,"href":"https:\/\/www.villaeducativa.edu.mx\/newspaper\/index.php?rest_route=%2Fwp%2Fv2%2Fcomments&post=122325"}],"version-history":[{"count":4,"href":"https:\/\/www.villaeducativa.edu.mx\/newspaper\/index.php?rest_route=\/wp\/v2\/posts\/122325\/revisions"}],"predecessor-version":[{"id":123065,"href":"https:\/\/www.villaeducativa.edu.mx\/newspaper\/index.php?rest_route=\/wp\/v2\/posts\/122325\/revisions\/123065"}],"wp:attachment":[{"href":"https:\/\/www.villaeducativa.edu.mx\/newspaper\/index.php?rest_route=%2Fwp%2Fv2%2Fmedia&parent=122325"}],"wp:term":[{"taxonomy":"category","embeddable":true,"href":"https:\/\/www.villaeducativa.edu.mx\/newspaper\/index.php?rest_route=%2Fwp%2Fv2%2Fcategories&post=122325"},{"taxonomy":"post_tag","embeddable":true,"href":"https:\/\/www.villaeducativa.edu.mx\/newspaper\/index.php?rest_route=%2Fwp%2Fv2%2Ftags&post=122325"}],"curies":[{"name":"wp","href":"https:\/\/api.w.org\/{rel}","templated":true}]}}