{"id":122321,"date":"2025-02-04T07:40:00","date_gmt":"2025-02-04T13:40:00","guid":{"rendered":"https:\/\/www.villaeducativa.edu.mx\/newspaper\/?p=122321"},"modified":"2025-02-05T15:02:06","modified_gmt":"2025-02-05T21:02:06","slug":"super-bowl-party-4","status":"publish","type":"post","link":"https:\/\/www.villaeducativa.edu.mx\/newspaper\/?p=122321","title":{"rendered":"\u00a1Super Bowl Party!"},"content":{"rendered":"\n<p>Invitamos a todos los alumnos a nuestra Super Bowl Party el viernes 7 de febrero.&nbsp;<\/p>\n\n\n\n<p>Trae tu jersey, habr\u00e1 juegos y premios durante los recreos. Tendremos un men\u00fa&nbsp;especial en cafeter\u00eda.<\/p>\n\n\n\n\n\n<div class=\"ngg-galleryoverview ngg-slideshow\"\n\t id=\"ngg-slideshow-dccaec0ba81a62e4f78290608a9f2109-15330769820\"\n     data-gallery-id=\"dccaec0ba81a62e4f78290608a9f2109\"\n     style=\"max-width: 600px; max-height: 400px;\">\n\n \t<div id=\"ngg-image-0\" class=\"ngg-gallery-slideshow-image\" style=\"height:400px\">\n\n        <a href=\"https:\/\/www.villaeducativa.edu.mx\/newspaper\/wp-content\/gallery\/23-pre-superbowl\/20240209_094315.jpg\"\n           title=\"\"\n           data-src=\"https:\/\/www.villaeducativa.edu.mx\/newspaper\/wp-content\/gallery\/23-pre-superbowl\/20240209_094315.jpg\"\n           data-thumbnail=\"https:\/\/www.villaeducativa.edu.mx\/newspaper\/wp-content\/gallery\/23-pre-superbowl\/thumbs\/thumbs_20240209_094315.jpg\"\n           data-image-id=\"56610\"\n           data-title=\"20240209_094315\"\n           data-description=\"\"\n           class=\"ngg-fancybox\" rel=\"dccaec0ba81a62e4f78290608a9f2109\">\n\n            <img data-image-id='56610'\n                 title=\"\"\n                 alt=\"20240209_094315\"\n                 src=\"https:\/\/www.villaeducativa.edu.mx\/newspaper\/wp-content\/gallery\/23-pre-superbowl\/20240209_094315.jpg\"\n                 style=\"max-height: 380px;\"\/>\n        <\/a>\n\n        <\/div> \n<div id=\"ngg-image-1\" class=\"ngg-gallery-slideshow-image\" style=\"height:400px\">\n\n        <a href=\"https:\/\/www.villaeducativa.edu.mx\/newspaper\/wp-content\/gallery\/23-pre-superbowl\/20240209_102735.jpg\"\n           title=\"\"\n           data-src=\"https:\/\/www.villaeducativa.edu.mx\/newspaper\/wp-content\/gallery\/23-pre-superbowl\/20240209_102735.jpg\"\n           data-thumbnail=\"https:\/\/www.villaeducativa.edu.mx\/newspaper\/wp-content\/gallery\/23-pre-superbowl\/thumbs\/thumbs_20240209_102735.jpg\"\n           data-image-id=\"56509\"\n           data-title=\"20240209_102735\"\n           data-description=\"\"\n           class=\"ngg-fancybox\" rel=\"dccaec0ba81a62e4f78290608a9f2109\">\n\n            <img data-image-id='56509'\n                 title=\"\"\n                 alt=\"20240209_102735\"\n                 src=\"https:\/\/www.villaeducativa.edu.mx\/newspaper\/wp-content\/gallery\/23-pre-superbowl\/20240209_102735.jpg\"\n                 style=\"max-height: 380px;\"\/>\n        <\/a>\n\n        <\/div> \n<div id=\"ngg-image-2\" class=\"ngg-gallery-slideshow-image\" style=\"height:400px\">\n\n        <a href=\"https:\/\/www.villaeducativa.edu.mx\/newspaper\/wp-content\/gallery\/23-pre-superbowl\/image.jpg\"\n           title=\"\"\n           data-src=\"https:\/\/www.villaeducativa.edu.mx\/newspaper\/wp-content\/gallery\/23-pre-superbowl\/image.jpg\"\n           data-thumbnail=\"https:\/\/www.villaeducativa.edu.mx\/newspaper\/wp-content\/gallery\/23-pre-superbowl\/thumbs\/thumbs_image.jpg\"\n           data-image-id=\"56514\"\n           data-title=\"image\"\n           data-description=\"\"\n           class=\"ngg-fancybox\" rel=\"dccaec0ba81a62e4f78290608a9f2109\">\n\n            <img data-image-id='56514'\n                 title=\"\"\n                 alt=\"image\"\n                 src=\"https:\/\/www.villaeducativa.edu.mx\/newspaper\/wp-content\/gallery\/23-pre-superbowl\/image.jpg\"\n                 style=\"max-height: 380px;\"\/>\n        <\/a>\n\n        <\/div> \n<div id=\"ngg-image-3\" class=\"ngg-gallery-slideshow-image\" style=\"height:400px\">\n\n        <a href=\"https:\/\/www.villaeducativa.edu.mx\/newspaper\/wp-content\/gallery\/23-pre-superbowl\/image-3.jpg\"\n           title=\"\"\n           data-src=\"https:\/\/www.villaeducativa.edu.mx\/newspaper\/wp-content\/gallery\/23-pre-superbowl\/image-3.jpg\"\n           data-thumbnail=\"https:\/\/www.villaeducativa.edu.mx\/newspaper\/wp-content\/gallery\/23-pre-superbowl\/thumbs\/thumbs_image-3.jpg\"\n           data-image-id=\"56513\"\n           data-title=\"image-3\"\n           data-description=\"\"\n           class=\"ngg-fancybox\" rel=\"dccaec0ba81a62e4f78290608a9f2109\">\n\n            <img data-image-id='56513'\n                 title=\"\"\n                 alt=\"image-3\"\n                 src=\"https:\/\/www.villaeducativa.edu.mx\/newspaper\/wp-content\/gallery\/23-pre-superbowl\/image-3.jpg\"\n                 style=\"max-height: 380px;\"\/>\n        <\/a>\n\n        <\/div> \n<div id=\"ngg-image-4\" class=\"ngg-gallery-slideshow-image\" style=\"height:400px\">\n\n        <a href=\"https:\/\/www.villaeducativa.edu.mx\/newspaper\/wp-content\/gallery\/23-pre-superbowl\/image-2.jpg\"\n           title=\"\"\n           data-src=\"https:\/\/www.villaeducativa.edu.mx\/newspaper\/wp-content\/gallery\/23-pre-superbowl\/image-2.jpg\"\n           data-thumbnail=\"https:\/\/www.villaeducativa.edu.mx\/newspaper\/wp-content\/gallery\/23-pre-superbowl\/thumbs\/thumbs_image-2.jpg\"\n           data-image-id=\"56512\"\n           data-title=\"image-2\"\n           data-description=\"\"\n           class=\"ngg-fancybox\" rel=\"dccaec0ba81a62e4f78290608a9f2109\">\n\n            <img data-image-id='56512'\n                 title=\"\"\n                 alt=\"image-2\"\n                 src=\"https:\/\/www.villaeducativa.edu.mx\/newspaper\/wp-content\/gallery\/23-pre-superbowl\/image-2.jpg\"\n                 style=\"max-height: 380px;\"\/>\n        <\/a>\n\n        <\/div> \n<div id=\"ngg-image-5\" class=\"ngg-gallery-slideshow-image\" style=\"height:400px\">\n\n        <a href=\"https:\/\/www.villaeducativa.edu.mx\/newspaper\/wp-content\/gallery\/23-pre-superbowl\/image-1.jpg\"\n           title=\"\"\n           data-src=\"https:\/\/www.villaeducativa.edu.mx\/newspaper\/wp-content\/gallery\/23-pre-superbowl\/image-1.jpg\"\n           data-thumbnail=\"https:\/\/www.villaeducativa.edu.mx\/newspaper\/wp-content\/gallery\/23-pre-superbowl\/thumbs\/thumbs_image-1.jpg\"\n           data-image-id=\"56511\"\n           data-title=\"image-1\"\n           data-description=\"\"\n           class=\"ngg-fancybox\" rel=\"dccaec0ba81a62e4f78290608a9f2109\">\n\n            <img data-image-id='56511'\n                 title=\"\"\n                 alt=\"image-1\"\n                 src=\"https:\/\/www.villaeducativa.edu.mx\/newspaper\/wp-content\/gallery\/23-pre-superbowl\/image-1.jpg\"\n                 style=\"max-height: 380px;\"\/>\n        <\/a>\n\n        <\/div> \n<div id=\"ngg-image-6\" class=\"ngg-gallery-slideshow-image\" style=\"height:400px\">\n\n        <a href=\"https:\/\/www.villaeducativa.edu.mx\/newspaper\/wp-content\/gallery\/23-pre-superbowl\/20240209_122406.jpg\"\n           title=\"\"\n           data-src=\"https:\/\/www.villaeducativa.edu.mx\/newspaper\/wp-content\/gallery\/23-pre-superbowl\/20240209_122406.jpg\"\n           data-thumbnail=\"https:\/\/www.villaeducativa.edu.mx\/newspaper\/wp-content\/gallery\/23-pre-superbowl\/thumbs\/thumbs_20240209_122406.jpg\"\n           data-image-id=\"56510\"\n           data-title=\"20240209_122406\"\n           data-description=\"\"\n           class=\"ngg-fancybox\" rel=\"dccaec0ba81a62e4f78290608a9f2109\">\n\n            <img data-image-id='56510'\n                 title=\"\"\n                 alt=\"20240209_122406\"\n                 src=\"https:\/\/www.villaeducativa.edu.mx\/newspaper\/wp-content\/gallery\/23-pre-superbowl\/20240209_122406.jpg\"\n                 style=\"max-height: 380px;\"\/>\n        <\/a>\n\n        <\/div> \n<\/div>\n\n\n\n\n\n\n\n<p><strong><span class=\"has-inline-color has-vivid-cyan-blue-color\">James Abad<br><\/span><\/strong><span class=\"has-inline-color has-vivid-cyan-blue-color\"><em>Villa High Principal<\/em><\/span><\/p>\n","protected":false},"excerpt":{"rendered":"<p>Invitamos a todos los alumnos a nuestra Super Bowl Party el viernes 7 de febrero.&nbsp; Trae tu jersey, habr\u00e1 juegos y premios durante los recreos. Tendremos un men\u00fa&nbsp;especial en cafeter\u00eda. James AbadVilla High Principal<\/p>\n","protected":false},"author":2,"featured_media":122322,"comment_status":"closed","ping_status":"closed","sticky":false,"template":"","format":"standard","meta":{"ngg_post_thumbnail":0},"categories":[4],"tags":[],"_links":{"self":[{"href":"https:\/\/www.villaeducativa.edu.mx\/newspaper\/index.php?rest_route=\/wp\/v2\/posts\/122321"}],"collection":[{"href":"https:\/\/www.villaeducativa.edu.mx\/newspaper\/index.php?rest_route=\/wp\/v2\/posts"}],"about":[{"href":"https:\/\/www.villaeducativa.edu.mx\/newspaper\/index.php?rest_route=\/wp\/v2\/types\/post"}],"author":[{"embeddable":true,"href":"https:\/\/www.villaeducativa.edu.mx\/newspaper\/index.php?rest_route=\/wp\/v2\/users\/2"}],"replies":[{"embeddable":true,"href":"https:\/\/www.villaeducativa.edu.mx\/newspaper\/index.php?rest_route=%2Fwp%2Fv2%2Fcomments&post=122321"}],"version-history":[{"count":2,"href":"https:\/\/www.villaeducativa.edu.mx\/newspaper\/index.php?rest_route=\/wp\/v2\/posts\/122321\/revisions"}],"predecessor-version":[{"id":123094,"href":"https:\/\/www.villaeducativa.edu.mx\/newspaper\/index.php?rest_route=\/wp\/v2\/posts\/122321\/revisions\/123094"}],"wp:featuredmedia":[{"embeddable":true,"href":"https:\/\/www.villaeducativa.edu.mx\/newspaper\/index.php?rest_route=\/wp\/v2\/media\/122322"}],"wp:attachment":[{"href":"https:\/\/www.villaeducativa.edu.mx\/newspaper\/index.php?rest_route=%2Fwp%2Fv2%2Fmedia&parent=122321"}],"wp:term":[{"taxonomy":"category","embeddable":true,"href":"https:\/\/www.villaeducativa.edu.mx\/newspaper\/index.php?rest_route=%2Fwp%2Fv2%2Fcategories&post=122321"},{"taxonomy":"post_tag","embeddable":true,"href":"https:\/\/www.villaeducativa.edu.mx\/newspaper\/index.php?rest_route=%2Fwp%2Fv2%2Ftags&post=122321"}],"curies":[{"name":"wp","href":"https:\/\/api.w.org\/{rel}","templated":true}]}}