{"id":122176,"date":"2025-01-28T11:39:43","date_gmt":"2025-01-28T17:39:43","guid":{"rendered":"https:\/\/www.villaeducativa.edu.mx\/newspaper\/?p=122176"},"modified":"2025-01-28T14:13:54","modified_gmt":"2025-01-28T20:13:54","slug":"reunion-de-exalumnos","status":"publish","type":"post","link":"https:\/\/www.villaeducativa.edu.mx\/newspaper\/?p=122176","title":{"rendered":"Reuni\u00f3n de exalumnos"},"content":{"rendered":"\n<p>Con gran emoci\u00f3n esperamos a nuestros exalumnos en este gran evento; nos dar\u00e1 mucho gusto volver a verlos y compartir un rico desayuno escuchando sus vivencias y an\u00e9cdotas. <\/p>\n\n\n\n<p>Para registrarte <strong><a href=\"https:\/\/form.jotform.com\/250085158496868\">da click en este link<\/a><\/strong>.<\/p>\n\n\n\n<p> \u00a1Los esperamos!<\/p>\n\n\n\n<div class=\"wp-block-image\"><figure class=\"aligncenter size-large\"><img loading=\"lazy\" width=\"1024\" height=\"1024\" src=\"http:\/\/www.villaeducativa.edu.mx\/newspaper\/wp-content\/uploads\/2025\/01\/exalumnos25-1-1024x1024.jpg\" alt=\"\" class=\"wp-image-122191\" srcset=\"https:\/\/www.villaeducativa.edu.mx\/newspaper\/wp-content\/uploads\/2025\/01\/exalumnos25-1-1024x1024.jpg 1024w, https:\/\/www.villaeducativa.edu.mx\/newspaper\/wp-content\/uploads\/2025\/01\/exalumnos25-1-300x300.jpg 300w, https:\/\/www.villaeducativa.edu.mx\/newspaper\/wp-content\/uploads\/2025\/01\/exalumnos25-1-150x150.jpg 150w, https:\/\/www.villaeducativa.edu.mx\/newspaper\/wp-content\/uploads\/2025\/01\/exalumnos25-1-768x768.jpg 768w, https:\/\/www.villaeducativa.edu.mx\/newspaper\/wp-content\/uploads\/2025\/01\/exalumnos25-1-600x600.jpg 600w, https:\/\/www.villaeducativa.edu.mx\/newspaper\/wp-content\/uploads\/2025\/01\/exalumnos25-1-100x100.jpg 100w, https:\/\/www.villaeducativa.edu.mx\/newspaper\/wp-content\/uploads\/2025\/01\/exalumnos25-1.jpg 1080w\" sizes=\"(max-width: 1024px) 100vw, 1024px\" \/><\/figure><\/div>\n\n\n\n<p><strong><span class=\"has-inline-color has-vivid-cyan-blue-color\">Jacive Monroy<br><em>Coordinadora Operativa<\/em><\/span><\/strong><\/p>\n","protected":false},"excerpt":{"rendered":"<p>Con gran emoci\u00f3n esperamos a nuestros exalumnos en este gran evento; nos dar\u00e1 mucho gusto volver a verlos y compartir un rico desayuno escuchando sus vivencias y an\u00e9cdotas. \u00a1Reg\u00edstrate!<\/p>\n","protected":false},"author":2,"featured_media":122179,"comment_status":"closed","ping_status":"closed","sticky":false,"template":"","format":"standard","meta":{"ngg_post_thumbnail":0},"categories":[17],"tags":[],"_links":{"self":[{"href":"https:\/\/www.villaeducativa.edu.mx\/newspaper\/index.php?rest_route=\/wp\/v2\/posts\/122176"}],"collection":[{"href":"https:\/\/www.villaeducativa.edu.mx\/newspaper\/index.php?rest_route=\/wp\/v2\/posts"}],"about":[{"href":"https:\/\/www.villaeducativa.edu.mx\/newspaper\/index.php?rest_route=\/wp\/v2\/types\/post"}],"author":[{"embeddable":true,"href":"https:\/\/www.villaeducativa.edu.mx\/newspaper\/index.php?rest_route=\/wp\/v2\/users\/2"}],"replies":[{"embeddable":true,"href":"https:\/\/www.villaeducativa.edu.mx\/newspaper\/index.php?rest_route=%2Fwp%2Fv2%2Fcomments&post=122176"}],"version-history":[{"count":14,"href":"https:\/\/www.villaeducativa.edu.mx\/newspaper\/index.php?rest_route=\/wp\/v2\/posts\/122176\/revisions"}],"predecessor-version":[{"id":122247,"href":"https:\/\/www.villaeducativa.edu.mx\/newspaper\/index.php?rest_route=\/wp\/v2\/posts\/122176\/revisions\/122247"}],"wp:featuredmedia":[{"embeddable":true,"href":"https:\/\/www.villaeducativa.edu.mx\/newspaper\/index.php?rest_route=\/wp\/v2\/media\/122179"}],"wp:attachment":[{"href":"https:\/\/www.villaeducativa.edu.mx\/newspaper\/index.php?rest_route=%2Fwp%2Fv2%2Fmedia&parent=122176"}],"wp:term":[{"taxonomy":"category","embeddable":true,"href":"https:\/\/www.villaeducativa.edu.mx\/newspaper\/index.php?rest_route=%2Fwp%2Fv2%2Fcategories&post=122176"},{"taxonomy":"post_tag","embeddable":true,"href":"https:\/\/www.villaeducativa.edu.mx\/newspaper\/index.php?rest_route=%2Fwp%2Fv2%2Ftags&post=122176"}],"curies":[{"name":"wp","href":"https:\/\/api.w.org\/{rel}","templated":true}]}}