{"id":121567,"date":"2025-01-21T09:15:10","date_gmt":"2025-01-21T15:15:10","guid":{"rendered":"https:\/\/www.villaeducativa.edu.mx\/newspaper\/?p=121567"},"modified":"2025-01-21T11:29:38","modified_gmt":"2025-01-21T17:29:38","slug":"escuela-promesa-14","status":"publish","type":"post","link":"https:\/\/www.villaeducativa.edu.mx\/newspaper\/?p=121567","title":{"rendered":"Escuela Promesa"},"content":{"rendered":"\n<p>Estimados Padres de Familia:<\/p>\n\n\n\n<p>Les recordamos que el <strong>martes 28 de enero<\/strong> tendremos nuestra primera colecta mensual del 2025. Les compartimos la infograf\u00eda para que recuerden todo lo que recibimos y la gu\u00eda de separaci\u00f3n de residuos.<\/p>\n\n\n\n<div class=\"wp-block-image\"><figure class=\"aligncenter size-large is-resized\"><img loading=\"lazy\" src=\"https:\/\/www.villaeducativa.edu.mx\/newspaper\/wp-content\/uploads\/2024\/12\/Imagen-de-WhatsApp-2024-12-13-a-las-15.25.36_76afac92-819x1024.jpg\" alt=\"\" class=\"wp-image-119882\" width=\"727\" height=\"909\" srcset=\"https:\/\/www.villaeducativa.edu.mx\/newspaper\/wp-content\/uploads\/2024\/12\/Imagen-de-WhatsApp-2024-12-13-a-las-15.25.36_76afac92-819x1024.jpg 819w, https:\/\/www.villaeducativa.edu.mx\/newspaper\/wp-content\/uploads\/2024\/12\/Imagen-de-WhatsApp-2024-12-13-a-las-15.25.36_76afac92-240x300.jpg 240w, https:\/\/www.villaeducativa.edu.mx\/newspaper\/wp-content\/uploads\/2024\/12\/Imagen-de-WhatsApp-2024-12-13-a-las-15.25.36_76afac92-768x960.jpg 768w, https:\/\/www.villaeducativa.edu.mx\/newspaper\/wp-content\/uploads\/2024\/12\/Imagen-de-WhatsApp-2024-12-13-a-las-15.25.36_76afac92-600x750.jpg 600w, https:\/\/www.villaeducativa.edu.mx\/newspaper\/wp-content\/uploads\/2024\/12\/Imagen-de-WhatsApp-2024-12-13-a-las-15.25.36_76afac92.jpg 1024w\" sizes=\"(max-width: 727px) 100vw, 727px\" \/><\/figure><\/div>\n\n\n\n<p>El horario de recepci\u00f3n de material es:<\/p>\n\n\n\n<ul><li>Happy Kinder y Villa Educativa de 7:30 a 9:10 a.m. por puerta 7<\/li><li>Villa High de 7:00 a 7:30 a.m. por puerta de&nbsp; Misterios<\/li><\/ul>\n\n\n\n<p>El material s\u00f3lo lo recibiremos caminando, para no ocasionar retrasos en la vialidad, tanto en Villa High, como en Villa Educativa y Happy Kinder.<\/p>\n\n\n\n<p>De antemano agradecemos su apoyo para tener un mundo m\u00e1s verde.<\/p>\n\n\n\n<p><strong><span class=\"has-inline-color has-vivid-cyan-blue-color\">Adriana Esparza<br><\/span><\/strong><span class=\"has-inline-color has-vivid-cyan-blue-color\"><em>Servicios Escolares<\/em><\/span><\/p>\n","protected":false},"excerpt":{"rendered":"<p>Estimados Padres de Familia: Les recordamos que el martes 28 de enero tendremos nuestra primera colecta mensual del 2025. Les compartimos la infograf\u00eda para que recuerden todo lo que recibimos y la gu\u00eda de separaci\u00f3n de residuos. El horario de recepci\u00f3n de material es: Happy Kinder y Villa Educativa de&hellip; <\/p>\n","protected":false},"author":2,"featured_media":120742,"comment_status":"closed","ping_status":"closed","sticky":false,"template":"","format":"standard","meta":{"ngg_post_thumbnail":0},"categories":[17],"tags":[],"_links":{"self":[{"href":"https:\/\/www.villaeducativa.edu.mx\/newspaper\/index.php?rest_route=\/wp\/v2\/posts\/121567"}],"collection":[{"href":"https:\/\/www.villaeducativa.edu.mx\/newspaper\/index.php?rest_route=\/wp\/v2\/posts"}],"about":[{"href":"https:\/\/www.villaeducativa.edu.mx\/newspaper\/index.php?rest_route=\/wp\/v2\/types\/post"}],"author":[{"embeddable":true,"href":"https:\/\/www.villaeducativa.edu.mx\/newspaper\/index.php?rest_route=\/wp\/v2\/users\/2"}],"replies":[{"embeddable":true,"href":"https:\/\/www.villaeducativa.edu.mx\/newspaper\/index.php?rest_route=%2Fwp%2Fv2%2Fcomments&post=121567"}],"version-history":[{"count":1,"href":"https:\/\/www.villaeducativa.edu.mx\/newspaper\/index.php?rest_route=\/wp\/v2\/posts\/121567\/revisions"}],"predecessor-version":[{"id":121568,"href":"https:\/\/www.villaeducativa.edu.mx\/newspaper\/index.php?rest_route=\/wp\/v2\/posts\/121567\/revisions\/121568"}],"wp:featuredmedia":[{"embeddable":true,"href":"https:\/\/www.villaeducativa.edu.mx\/newspaper\/index.php?rest_route=\/wp\/v2\/media\/120742"}],"wp:attachment":[{"href":"https:\/\/www.villaeducativa.edu.mx\/newspaper\/index.php?rest_route=%2Fwp%2Fv2%2Fmedia&parent=121567"}],"wp:term":[{"taxonomy":"category","embeddable":true,"href":"https:\/\/www.villaeducativa.edu.mx\/newspaper\/index.php?rest_route=%2Fwp%2Fv2%2Fcategories&post=121567"},{"taxonomy":"post_tag","embeddable":true,"href":"https:\/\/www.villaeducativa.edu.mx\/newspaper\/index.php?rest_route=%2Fwp%2Fv2%2Ftags&post=121567"}],"curies":[{"name":"wp","href":"https:\/\/api.w.org\/{rel}","templated":true}]}}