{"id":121222,"date":"2025-01-21T09:15:00","date_gmt":"2025-01-21T15:15:00","guid":{"rendered":"https:\/\/www.villaeducativa.edu.mx\/newspaper\/?p=121222"},"modified":"2025-01-21T13:24:29","modified_gmt":"2025-01-21T19:24:29","slug":"our-reggio-projects-presentation-2","status":"publish","type":"post","link":"https:\/\/www.villaeducativa.edu.mx\/newspaper\/?p=121222","title":{"rendered":"Our Reggio Projects Presentation"},"content":{"rendered":"\n<p>We are very proud to share with you the journey each group has made while working on their project.&nbsp;<\/p>\n\n\n\n<p>On the day of your presentation, kids come to their project event with you and leave when it finishes. Students must wear their daily uniform and do not need to bring their backpacks or lunch. Each kid is allowed to bring 2 guests. The entrance will be through Happy\u2019s red gate.<\/p>\n\n\n\n<p>Given that you will participate in an activity with your children, we suggest that parents dress comfortably.<\/p>\n\n\n\n<p>We want to have you join us here at the school soon!<\/p>\n\n\n\n<hr class=\"wp-block-separator\"\/>\n\n\n\n<p><em><strong>Cierres de proyecto<\/strong><br>Estamos muy orgullosos de compartir con ustedes el proceso que cada grupo tuvo al trabajar en su proyecto de Reggio.<\/em><\/p>\n\n\n\n<p><em>El d\u00eda del cierre de proyecto los ni\u00f1os vendr\u00e1n con ustedes y se retirar\u00e1n cuando termine.&nbsp; Los alumnos deber\u00e1n venir con uniforme de diario y no es necesario que traigan mochila ni lonchera. Cada peque\u00f1o tiene derecho a 2 invitados. La entrada ser\u00e1 por la puerta roja de Happy.<\/em><\/p>\n\n\n\n<p><em>Sugerimos que los pap\u00e1s vengan con ropa c\u00f3moda, ya que participar\u00e1n en una actividad junto con sus hijos.<\/em><\/p>\n\n\n\n<p><em>\u00a1Los esperamos con mucho gusto!<\/em><\/p>\n\n\n\n<p><strong>K1 Little Hands, Big Discoveries&nbsp; (mi\u00e9rcoles 5 de febrero)<\/strong><\/p>\n\n\n\n<figure class=\"wp-block-table is-style-regular\"><table><tbody><tr><td>GRUPO<\/td><td>HORARIO&nbsp;<\/td><\/tr><tr><td>K1A<\/td><td>9:00 a.m.<\/td><\/tr><tr><td>K1B<\/td><td>11:00 a.m.<\/td><\/tr><\/tbody><\/table><\/figure>\n\n\n\n<p><em>El resto de los grupos tendr\u00e1 clases habituales ese d\u00eda, pero su salida ser\u00e1 por la puerta de primaria.<\/em><\/p>\n\n\n\n<p><strong>K2 Roar, Feel, and Smile&nbsp; (jueves 6 de febrero)<\/strong><\/p>\n\n\n\n<figure class=\"wp-block-table is-style-regular\"><table><tbody><tr><td>GRUPO<\/td><td>HORARIO&nbsp;<\/td><\/tr><tr><td>K2A<\/td><td>9:00 a.m.<\/td><\/tr><tr><td>K2B<\/td><td>11:00 a.m.<\/td><\/tr><tr><td>K2C<\/td><td>13:00 a.m.<\/td><\/tr><\/tbody><\/table><\/figure>\n\n\n\n<p><em>El resto de los grupos tendr\u00e1 clases habituales ese d\u00eda pero su salida ser\u00e1 por la puerta de primaria.<\/em><\/p>\n\n\n\n<p><strong>K3 Kind Hearts, Happy Hands (viernes 7 de febrero)<\/strong><\/p>\n\n\n\n<figure class=\"wp-block-table is-style-regular\"><table><tbody><tr><td>GRUPO<\/td><td>HORARIO&nbsp;<\/td><\/tr><tr><td>K3A<\/td><td>9:00 a.m.<\/td><\/tr><tr><td>K3B<\/td><td>11:00 a.m.<\/td><\/tr><tr><td>K3C<\/td><td>13:00 a.m.<\/td><\/tr><\/tbody><\/table><\/figure>\n\n\n\n<p><em>El resto de los grupos tendr\u00e1 clases habituales ese d\u00eda pero su salida ser\u00e1 por la puerta de primaria.<\/em><\/p>\n\n\n\n\n\n<div class=\"ngg-galleryoverview ngg-slideshow\"\n\t id=\"ngg-slideshow-0af918cbf67a0b3a0d3943808ae475ad-21219177720\"\n     data-gallery-id=\"0af918cbf67a0b3a0d3943808ae475ad\"\n     style=\"max-width: 600px; max-height: 600px;\">\n\n \t<div id=\"ngg-image-0\" class=\"ngg-gallery-slideshow-image\" style=\"height:600px\">\n\n        <a href=\"https:\/\/www.villaeducativa.edu.mx\/newspaper\/wp-content\/gallery\/22-precierrehappy\/Foto-grupal-2.jpg\"\n           title=\"\"\n           data-src=\"https:\/\/www.villaeducativa.edu.mx\/newspaper\/wp-content\/gallery\/22-precierrehappy\/Foto-grupal-2.jpg\"\n           data-thumbnail=\"https:\/\/www.villaeducativa.edu.mx\/newspaper\/wp-content\/gallery\/22-precierrehappy\/thumbs\/thumbs_Foto-grupal-2.jpg\"\n           data-image-id=\"55860\"\n           data-title=\"Foto-grupal-2\"\n           data-description=\"\"\n           class=\"ngg-fancybox\" rel=\"0af918cbf67a0b3a0d3943808ae475ad\">\n\n            <img data-image-id='55860'\n                 title=\"\"\n                 alt=\"Foto-grupal-2\"\n                 src=\"https:\/\/www.villaeducativa.edu.mx\/newspaper\/wp-content\/gallery\/22-precierrehappy\/Foto-grupal-2.jpg\"\n                 style=\"max-height: 580px;\"\/>\n        <\/a>\n\n        <\/div> \n<div id=\"ngg-image-1\" class=\"ngg-gallery-slideshow-image\" style=\"height:600px\">\n\n        <a href=\"https:\/\/www.villaeducativa.edu.mx\/newspaper\/wp-content\/gallery\/22-precierrehappy\/IMG_4334.jpg\"\n           title=\"\"\n           data-src=\"https:\/\/www.villaeducativa.edu.mx\/newspaper\/wp-content\/gallery\/22-precierrehappy\/IMG_4334.jpg\"\n           data-thumbnail=\"https:\/\/www.villaeducativa.edu.mx\/newspaper\/wp-content\/gallery\/22-precierrehappy\/thumbs\/thumbs_IMG_4334.jpg\"\n           data-image-id=\"55862\"\n           data-title=\"IMG_4334\"\n           data-description=\"\"\n           class=\"ngg-fancybox\" rel=\"0af918cbf67a0b3a0d3943808ae475ad\">\n\n            <img data-image-id='55862'\n                 title=\"\"\n                 alt=\"IMG_4334\"\n                 src=\"https:\/\/www.villaeducativa.edu.mx\/newspaper\/wp-content\/gallery\/22-precierrehappy\/IMG_4334.jpg\"\n                 style=\"max-height: 580px;\"\/>\n        <\/a>\n\n        <\/div> \n<div id=\"ngg-image-2\" class=\"ngg-gallery-slideshow-image\" style=\"height:600px\">\n\n        <a href=\"https:\/\/www.villaeducativa.edu.mx\/newspaper\/wp-content\/gallery\/22-precierrehappy\/Foto-grupal-1.jpg\"\n           title=\"\"\n           data-src=\"https:\/\/www.villaeducativa.edu.mx\/newspaper\/wp-content\/gallery\/22-precierrehappy\/Foto-grupal-1.jpg\"\n           data-thumbnail=\"https:\/\/www.villaeducativa.edu.mx\/newspaper\/wp-content\/gallery\/22-precierrehappy\/thumbs\/thumbs_Foto-grupal-1.jpg\"\n           data-image-id=\"55858\"\n           data-title=\"Foto-grupal-1\"\n           data-description=\"\"\n           class=\"ngg-fancybox\" rel=\"0af918cbf67a0b3a0d3943808ae475ad\">\n\n            <img data-image-id='55858'\n                 title=\"\"\n                 alt=\"Foto-grupal-1\"\n                 src=\"https:\/\/www.villaeducativa.edu.mx\/newspaper\/wp-content\/gallery\/22-precierrehappy\/Foto-grupal-1.jpg\"\n                 style=\"max-height: 580px;\"\/>\n        <\/a>\n\n        <\/div> \n<div id=\"ngg-image-3\" class=\"ngg-gallery-slideshow-image\" style=\"height:600px\">\n\n        <a href=\"https:\/\/www.villaeducativa.edu.mx\/newspaper\/wp-content\/gallery\/22-precierrehappy\/IMG_7457.jpg\"\n           title=\"\"\n           data-src=\"https:\/\/www.villaeducativa.edu.mx\/newspaper\/wp-content\/gallery\/22-precierrehappy\/IMG_7457.jpg\"\n           data-thumbnail=\"https:\/\/www.villaeducativa.edu.mx\/newspaper\/wp-content\/gallery\/22-precierrehappy\/thumbs\/thumbs_IMG_7457.jpg\"\n           data-image-id=\"55861\"\n           data-title=\"IMG_7457\"\n           data-description=\"\"\n           class=\"ngg-fancybox\" rel=\"0af918cbf67a0b3a0d3943808ae475ad\">\n\n            <img data-image-id='55861'\n                 title=\"\"\n                 alt=\"IMG_7457\"\n                 src=\"https:\/\/www.villaeducativa.edu.mx\/newspaper\/wp-content\/gallery\/22-precierrehappy\/IMG_7457.jpg\"\n                 style=\"max-height: 580px;\"\/>\n        <\/a>\n\n        <\/div> \n<div id=\"ngg-image-4\" class=\"ngg-gallery-slideshow-image\" style=\"height:600px\">\n\n        <a href=\"https:\/\/www.villaeducativa.edu.mx\/newspaper\/wp-content\/gallery\/22-precierrehappy\/IMG_20241010_092347.jpg\"\n           title=\"\"\n           data-src=\"https:\/\/www.villaeducativa.edu.mx\/newspaper\/wp-content\/gallery\/22-precierrehappy\/IMG_20241010_092347.jpg\"\n           data-thumbnail=\"https:\/\/www.villaeducativa.edu.mx\/newspaper\/wp-content\/gallery\/22-precierrehappy\/thumbs\/thumbs_IMG_20241010_092347.jpg\"\n           data-image-id=\"55869\"\n           data-title=\"IMG_20241010_092347\"\n           data-description=\"\"\n           class=\"ngg-fancybox\" rel=\"0af918cbf67a0b3a0d3943808ae475ad\">\n\n            <img data-image-id='55869'\n                 title=\"\"\n                 alt=\"IMG_20241010_092347\"\n                 src=\"https:\/\/www.villaeducativa.edu.mx\/newspaper\/wp-content\/gallery\/22-precierrehappy\/IMG_20241010_092347.jpg\"\n                 style=\"max-height: 580px;\"\/>\n        <\/a>\n\n        <\/div> \n<div id=\"ngg-image-5\" class=\"ngg-gallery-slideshow-image\" style=\"height:600px\">\n\n        <a href=\"https:\/\/www.villaeducativa.edu.mx\/newspaper\/wp-content\/gallery\/22-precierrehappy\/Foto-grupal.jpg\"\n           title=\"\"\n           data-src=\"https:\/\/www.villaeducativa.edu.mx\/newspaper\/wp-content\/gallery\/22-precierrehappy\/Foto-grupal.jpg\"\n           data-thumbnail=\"https:\/\/www.villaeducativa.edu.mx\/newspaper\/wp-content\/gallery\/22-precierrehappy\/thumbs\/thumbs_Foto-grupal.jpg\"\n           data-image-id=\"55863\"\n           data-title=\"Foto-grupal\"\n           data-description=\"\"\n           class=\"ngg-fancybox\" rel=\"0af918cbf67a0b3a0d3943808ae475ad\">\n\n            <img data-image-id='55863'\n                 title=\"\"\n                 alt=\"Foto-grupal\"\n                 src=\"https:\/\/www.villaeducativa.edu.mx\/newspaper\/wp-content\/gallery\/22-precierrehappy\/Foto-grupal.jpg\"\n                 style=\"max-height: 580px;\"\/>\n        <\/a>\n\n        <\/div> \n<div id=\"ngg-image-6\" class=\"ngg-gallery-slideshow-image\" style=\"height:600px\">\n\n        <a href=\"https:\/\/www.villaeducativa.edu.mx\/newspaper\/wp-content\/gallery\/22-precierrehappy\/IMG_8293.jpg\"\n           title=\"\"\n           data-src=\"https:\/\/www.villaeducativa.edu.mx\/newspaper\/wp-content\/gallery\/22-precierrehappy\/IMG_8293.jpg\"\n           data-thumbnail=\"https:\/\/www.villaeducativa.edu.mx\/newspaper\/wp-content\/gallery\/22-precierrehappy\/thumbs\/thumbs_IMG_8293.jpg\"\n           data-image-id=\"55864\"\n           data-title=\"IMG_8293\"\n           data-description=\"\"\n           class=\"ngg-fancybox\" rel=\"0af918cbf67a0b3a0d3943808ae475ad\">\n\n            <img data-image-id='55864'\n                 title=\"\"\n                 alt=\"IMG_8293\"\n                 src=\"https:\/\/www.villaeducativa.edu.mx\/newspaper\/wp-content\/gallery\/22-precierrehappy\/IMG_8293.jpg\"\n                 style=\"max-height: 580px;\"\/>\n        <\/a>\n\n        <\/div> \n<div id=\"ngg-image-7\" class=\"ngg-gallery-slideshow-image\" style=\"height:600px\">\n\n        <a href=\"https:\/\/www.villaeducativa.edu.mx\/newspaper\/wp-content\/gallery\/22-precierrehappy\/IMG_8858.jpg\"\n           title=\"\"\n           data-src=\"https:\/\/www.villaeducativa.edu.mx\/newspaper\/wp-content\/gallery\/22-precierrehappy\/IMG_8858.jpg\"\n           data-thumbnail=\"https:\/\/www.villaeducativa.edu.mx\/newspaper\/wp-content\/gallery\/22-precierrehappy\/thumbs\/thumbs_IMG_8858.jpg\"\n           data-image-id=\"55865\"\n           data-title=\"IMG_8858\"\n           data-description=\"\"\n           class=\"ngg-fancybox\" rel=\"0af918cbf67a0b3a0d3943808ae475ad\">\n\n            <img data-image-id='55865'\n                 title=\"\"\n                 alt=\"IMG_8858\"\n                 src=\"https:\/\/www.villaeducativa.edu.mx\/newspaper\/wp-content\/gallery\/22-precierrehappy\/IMG_8858.jpg\"\n                 style=\"max-height: 580px;\"\/>\n        <\/a>\n\n        <\/div> \n<div id=\"ngg-image-8\" class=\"ngg-gallery-slideshow-image\" style=\"height:600px\">\n\n        <a href=\"https:\/\/www.villaeducativa.edu.mx\/newspaper\/wp-content\/gallery\/22-precierrehappy\/IMG_8859.jpg\"\n           title=\"\"\n           data-src=\"https:\/\/www.villaeducativa.edu.mx\/newspaper\/wp-content\/gallery\/22-precierrehappy\/IMG_8859.jpg\"\n           data-thumbnail=\"https:\/\/www.villaeducativa.edu.mx\/newspaper\/wp-content\/gallery\/22-precierrehappy\/thumbs\/thumbs_IMG_8859.jpg\"\n           data-image-id=\"55866\"\n           data-title=\"IMG_8859\"\n           data-description=\"\"\n           class=\"ngg-fancybox\" rel=\"0af918cbf67a0b3a0d3943808ae475ad\">\n\n            <img data-image-id='55866'\n                 title=\"\"\n                 alt=\"IMG_8859\"\n                 src=\"https:\/\/www.villaeducativa.edu.mx\/newspaper\/wp-content\/gallery\/22-precierrehappy\/IMG_8859.jpg\"\n                 style=\"max-height: 580px;\"\/>\n        <\/a>\n\n        <\/div> \n<div id=\"ngg-image-9\" class=\"ngg-gallery-slideshow-image\" style=\"height:600px\">\n\n        <a href=\"https:\/\/www.villaeducativa.edu.mx\/newspaper\/wp-content\/gallery\/22-precierrehappy\/IMG_7692_00.jpg\"\n           title=\"\"\n           data-src=\"https:\/\/www.villaeducativa.edu.mx\/newspaper\/wp-content\/gallery\/22-precierrehappy\/IMG_7692_00.jpg\"\n           data-thumbnail=\"https:\/\/www.villaeducativa.edu.mx\/newspaper\/wp-content\/gallery\/22-precierrehappy\/thumbs\/thumbs_IMG_7692_00.jpg\"\n           data-image-id=\"55867\"\n           data-title=\"IMG_7692_00\"\n           data-description=\"\"\n           class=\"ngg-fancybox\" rel=\"0af918cbf67a0b3a0d3943808ae475ad\">\n\n            <img data-image-id='55867'\n                 title=\"\"\n                 alt=\"IMG_7692_00\"\n                 src=\"https:\/\/www.villaeducativa.edu.mx\/newspaper\/wp-content\/gallery\/22-precierrehappy\/IMG_7692_00.jpg\"\n                 style=\"max-height: 580px;\"\/>\n        <\/a>\n\n        <\/div> \n<div id=\"ngg-image-10\" class=\"ngg-gallery-slideshow-image\" style=\"height:600px\">\n\n        <a href=\"https:\/\/www.villaeducativa.edu.mx\/newspaper\/wp-content\/gallery\/22-precierrehappy\/IMG_8860.jpg\"\n           title=\"\"\n           data-src=\"https:\/\/www.villaeducativa.edu.mx\/newspaper\/wp-content\/gallery\/22-precierrehappy\/IMG_8860.jpg\"\n           data-thumbnail=\"https:\/\/www.villaeducativa.edu.mx\/newspaper\/wp-content\/gallery\/22-precierrehappy\/thumbs\/thumbs_IMG_8860.jpg\"\n           data-image-id=\"55868\"\n           data-title=\"IMG_8860\"\n           data-description=\"\"\n           class=\"ngg-fancybox\" rel=\"0af918cbf67a0b3a0d3943808ae475ad\">\n\n            <img data-image-id='55868'\n                 title=\"\"\n                 alt=\"IMG_8860\"\n                 src=\"https:\/\/www.villaeducativa.edu.mx\/newspaper\/wp-content\/gallery\/22-precierrehappy\/IMG_8860.jpg\"\n                 style=\"max-height: 580px;\"\/>\n        <\/a>\n\n        <\/div> \n<div id=\"ngg-image-11\" class=\"ngg-gallery-slideshow-image\" style=\"height:600px\">\n\n        <a href=\"https:\/\/www.villaeducativa.edu.mx\/newspaper\/wp-content\/gallery\/22-precierrehappy\/IMG_20241126_090228.jpg\"\n           title=\"\"\n           data-src=\"https:\/\/www.villaeducativa.edu.mx\/newspaper\/wp-content\/gallery\/22-precierrehappy\/IMG_20241126_090228.jpg\"\n           data-thumbnail=\"https:\/\/www.villaeducativa.edu.mx\/newspaper\/wp-content\/gallery\/22-precierrehappy\/thumbs\/thumbs_IMG_20241126_090228.jpg\"\n           data-image-id=\"55870\"\n           data-title=\"IMG_20241126_090228\"\n           data-description=\"\"\n           class=\"ngg-fancybox\" rel=\"0af918cbf67a0b3a0d3943808ae475ad\">\n\n            <img data-image-id='55870'\n                 title=\"\"\n                 alt=\"IMG_20241126_090228\"\n                 src=\"https:\/\/www.villaeducativa.edu.mx\/newspaper\/wp-content\/gallery\/22-precierrehappy\/IMG_20241126_090228.jpg\"\n                 style=\"max-height: 580px;\"\/>\n        <\/a>\n\n        <\/div> \n<div id=\"ngg-image-12\" class=\"ngg-gallery-slideshow-image\" style=\"height:600px\">\n\n        <a href=\"https:\/\/www.villaeducativa.edu.mx\/newspaper\/wp-content\/gallery\/22-precierrehappy\/IMG20241121092327.jpg\"\n           title=\"\"\n           data-src=\"https:\/\/www.villaeducativa.edu.mx\/newspaper\/wp-content\/gallery\/22-precierrehappy\/IMG20241121092327.jpg\"\n           data-thumbnail=\"https:\/\/www.villaeducativa.edu.mx\/newspaper\/wp-content\/gallery\/22-precierrehappy\/thumbs\/thumbs_IMG20241121092327.jpg\"\n           data-image-id=\"55872\"\n           data-title=\"IMG20241121092327\"\n           data-description=\"\"\n           class=\"ngg-fancybox\" rel=\"0af918cbf67a0b3a0d3943808ae475ad\">\n\n            <img data-image-id='55872'\n                 title=\"\"\n                 alt=\"IMG20241121092327\"\n                 src=\"https:\/\/www.villaeducativa.edu.mx\/newspaper\/wp-content\/gallery\/22-precierrehappy\/IMG20241121092327.jpg\"\n                 style=\"max-height: 580px;\"\/>\n        <\/a>\n\n        <\/div> \n<div id=\"ngg-image-13\" class=\"ngg-gallery-slideshow-image\" style=\"height:600px\">\n\n        <a href=\"https:\/\/www.villaeducativa.edu.mx\/newspaper\/wp-content\/gallery\/22-precierrehappy\/IMG-20250107-WA0065.jpg\"\n           title=\"\"\n           data-src=\"https:\/\/www.villaeducativa.edu.mx\/newspaper\/wp-content\/gallery\/22-precierrehappy\/IMG-20250107-WA0065.jpg\"\n           data-thumbnail=\"https:\/\/www.villaeducativa.edu.mx\/newspaper\/wp-content\/gallery\/22-precierrehappy\/thumbs\/thumbs_IMG-20250107-WA0065.jpg\"\n           data-image-id=\"55873\"\n           data-title=\"IMG-20250107-WA0065\"\n           data-description=\"\"\n           class=\"ngg-fancybox\" rel=\"0af918cbf67a0b3a0d3943808ae475ad\">\n\n            <img data-image-id='55873'\n                 title=\"\"\n                 alt=\"IMG-20250107-WA0065\"\n                 src=\"https:\/\/www.villaeducativa.edu.mx\/newspaper\/wp-content\/gallery\/22-precierrehappy\/IMG-20250107-WA0065.jpg\"\n                 style=\"max-height: 580px;\"\/>\n        <\/a>\n\n        <\/div> \n<div id=\"ngg-image-14\" class=\"ngg-gallery-slideshow-image\" style=\"height:600px\">\n\n        <a href=\"https:\/\/www.villaeducativa.edu.mx\/newspaper\/wp-content\/gallery\/22-precierrehappy\/IMG-20250107-WA0031.jpg\"\n           title=\"\"\n           data-src=\"https:\/\/www.villaeducativa.edu.mx\/newspaper\/wp-content\/gallery\/22-precierrehappy\/IMG-20250107-WA0031.jpg\"\n           data-thumbnail=\"https:\/\/www.villaeducativa.edu.mx\/newspaper\/wp-content\/gallery\/22-precierrehappy\/thumbs\/thumbs_IMG-20250107-WA0031.jpg\"\n           data-image-id=\"55871\"\n           data-title=\"IMG-20250107-WA0031\"\n           data-description=\"\"\n           class=\"ngg-fancybox\" rel=\"0af918cbf67a0b3a0d3943808ae475ad\">\n\n            <img data-image-id='55871'\n                 title=\"\"\n                 alt=\"IMG-20250107-WA0031\"\n                 src=\"https:\/\/www.villaeducativa.edu.mx\/newspaper\/wp-content\/gallery\/22-precierrehappy\/IMG-20250107-WA0031.jpg\"\n                 style=\"max-height: 580px;\"\/>\n        <\/a>\n\n        <\/div> \n<div id=\"ngg-image-15\" class=\"ngg-gallery-slideshow-image\" style=\"height:600px\">\n\n        <a href=\"https:\/\/www.villaeducativa.edu.mx\/newspaper\/wp-content\/gallery\/22-precierrehappy\/20241128_115759.jpg\"\n           title=\"\"\n           data-src=\"https:\/\/www.villaeducativa.edu.mx\/newspaper\/wp-content\/gallery\/22-precierrehappy\/20241128_115759.jpg\"\n           data-thumbnail=\"https:\/\/www.villaeducativa.edu.mx\/newspaper\/wp-content\/gallery\/22-precierrehappy\/thumbs\/thumbs_20241128_115759.jpg\"\n           data-image-id=\"55859\"\n           data-title=\"20241128_115759\"\n           data-description=\"\"\n           class=\"ngg-fancybox\" rel=\"0af918cbf67a0b3a0d3943808ae475ad\">\n\n            <img data-image-id='55859'\n                 title=\"\"\n                 alt=\"20241128_115759\"\n                 src=\"https:\/\/www.villaeducativa.edu.mx\/newspaper\/wp-content\/gallery\/22-precierrehappy\/20241128_115759.jpg\"\n                 style=\"max-height: 580px;\"\/>\n        <\/a>\n\n        <\/div> \n<\/div>\n\n\n\n\n\n\n\n<p><\/p>\n\n\n\n<blockquote class=\"wp-block-quote\"><p>\u201cAll of this is a great forest. Inside the forest is the child. The forest is beautiful, fascinating, green, and full of hopes; there are no paths. Although it isn\u2019t easy, we have to make our own paths, as teachers and children and families, in the forest.\u201d <br><em>\u201cTodo esto es un gran bosque. Dentro del bosque est\u00e1 el ni\u00f1o. El bosque es hermoso, fascinante, verde y lleno de esperanzas; no hay caminos. Aunque no es f\u00e1cil, tenemos que hacer nuestros propios caminos, como maestros, ni\u00f1os y familias, en el bosque\u201d.<\/em><\/p><cite>-Loris Malaguzzi<\/cite><\/blockquote>\n\n\n\n<p><span class=\"has-inline-color has-vivid-cyan-blue-color\"><strong>Paola S\u00e1nchez&nbsp;<\/strong><br><em>Atelierista Happy Kinder<\/em><br><br><strong>Carlie Garc\u00eda<\/strong><br><em>Preschool Principal<\/em><\/span><\/p>\n","protected":false},"excerpt":{"rendered":"<p>We are very proud to share with you the journey each group has made while working on their project.&nbsp; On the day of your presentation, kids come to their project event with you and leave when it finishes. Students must wear their daily uniform and do not need to bring&hellip; <\/p>\n","protected":false},"author":2,"featured_media":121241,"comment_status":"closed","ping_status":"closed","sticky":false,"template":"","format":"standard","meta":{"ngg_post_thumbnail":0},"categories":[2],"tags":[],"_links":{"self":[{"href":"https:\/\/www.villaeducativa.edu.mx\/newspaper\/index.php?rest_route=\/wp\/v2\/posts\/121222"}],"collection":[{"href":"https:\/\/www.villaeducativa.edu.mx\/newspaper\/index.php?rest_route=\/wp\/v2\/posts"}],"about":[{"href":"https:\/\/www.villaeducativa.edu.mx\/newspaper\/index.php?rest_route=\/wp\/v2\/types\/post"}],"author":[{"embeddable":true,"href":"https:\/\/www.villaeducativa.edu.mx\/newspaper\/index.php?rest_route=\/wp\/v2\/users\/2"}],"replies":[{"embeddable":true,"href":"https:\/\/www.villaeducativa.edu.mx\/newspaper\/index.php?rest_route=%2Fwp%2Fv2%2Fcomments&post=121222"}],"version-history":[{"count":3,"href":"https:\/\/www.villaeducativa.edu.mx\/newspaper\/index.php?rest_route=\/wp\/v2\/posts\/121222\/revisions"}],"predecessor-version":[{"id":121248,"href":"https:\/\/www.villaeducativa.edu.mx\/newspaper\/index.php?rest_route=\/wp\/v2\/posts\/121222\/revisions\/121248"}],"wp:featuredmedia":[{"embeddable":true,"href":"https:\/\/www.villaeducativa.edu.mx\/newspaper\/index.php?rest_route=\/wp\/v2\/media\/121241"}],"wp:attachment":[{"href":"https:\/\/www.villaeducativa.edu.mx\/newspaper\/index.php?rest_route=%2Fwp%2Fv2%2Fmedia&parent=121222"}],"wp:term":[{"taxonomy":"category","embeddable":true,"href":"https:\/\/www.villaeducativa.edu.mx\/newspaper\/index.php?rest_route=%2Fwp%2Fv2%2Fcategories&post=121222"},{"taxonomy":"post_tag","embeddable":true,"href":"https:\/\/www.villaeducativa.edu.mx\/newspaper\/index.php?rest_route=%2Fwp%2Fv2%2Ftags&post=121222"}],"curies":[{"name":"wp","href":"https:\/\/api.w.org\/{rel}","templated":true}]}}