{"id":120980,"date":"2025-01-14T08:20:10","date_gmt":"2025-01-14T14:20:10","guid":{"rendered":"https:\/\/www.villaeducativa.edu.mx\/newspaper\/?p=120980"},"modified":"2025-01-14T16:19:24","modified_gmt":"2025-01-14T22:19:24","slug":"6o-sesion-informativa-sobre-villa-high-2","status":"publish","type":"post","link":"https:\/\/www.villaeducativa.edu.mx\/newspaper\/?p=120980","title":{"rendered":"6o: Sesi\u00f3n informativa sobre Villa High"},"content":{"rendered":"\n<p><strong>Estimados Padres de Familia de 6\u00b0 de primaria<\/strong>:<\/p>\n\n\n\n<p>Sabemos que el ingreso de sus hijos a&nbsp; secundaria genera emoci\u00f3n y tambi\u00e9n muchas dudas. Por eso los invitamos el pr\u00f3ximo<strong> viernes 17 enero <strong>en horario de las 5:00 p.m. o a las 7:00 p.m.<\/strong> <\/strong>a una junta informativa para darles a conocer nuestro proyecto de secundaria en <strong>Villa High,<\/strong> donde tendr\u00e1n oportunidad de vivir fragmentos de clases como las que sus hijos tomar\u00e1n el siguiente ciclo escolar.<\/p>\n\n\n\n<p>El mundo que les tocar\u00e1 vivir a nuestros ni\u00f1os ser\u00e1 muy diferente al nuestro. Los avances tecnol\u00f3gicos que impactan en todos los \u00e1mbitos ser\u00e1n exponenciales de ahora en adelante, nuestro gran reto es prepararlos para ser exitosos en el futuro, con habilidades para la vida y la capacidad de seguir aprendiendo siempre.<\/p>\n\n\n\n<p><em>*La junta tendr\u00e1 una duraci\u00f3n aproximada de 2 horas y es \u00fanicamente para padres de familia; en esta ocasi\u00f3n no est\u00e1n invitados los alumnos.<\/em> <\/p>\n\n\n\n<p>La entrada ser\u00e1 por Atepoxco #40. <\/p>\n\n\n\n<p>Los esperamos.<br><br>Para mayores informes comunicarse al Whatsapp de Admisiones.<\/p>\n\n\n\n<p><img loading=\"lazy\" width=\"394\" height=\"404\" class=\"wp-image-109463\" style=\"width: 30px;\" src=\"http:\/\/www.villaeducativa.edu.mx\/newspaper\/wp-content\/uploads\/2024\/08\/whatstel.png\" alt=\"\" srcset=\"https:\/\/www.villaeducativa.edu.mx\/newspaper\/wp-content\/uploads\/2024\/08\/whatstel.png 394w, https:\/\/www.villaeducativa.edu.mx\/newspaper\/wp-content\/uploads\/2024\/08\/whatstel-293x300.png 293w\" sizes=\"(max-width: 394px) 100vw, 394px\" \/> <strong>55 4449 8770<\/strong><\/p>\n\n\n\n<p><span class=\"has-inline-color has-vivid-cyan-blue-color\">Lorena Esparza&nbsp;<br><strong>Directora General<\/strong><\/span><\/p>\n","protected":false},"excerpt":{"rendered":"<p>Estimados Padres de Familia de 6\u00b0 de primaria: Sabemos que el ingreso de sus hijos a&nbsp; secundaria genera emoci\u00f3n y tambi\u00e9n muchas dudas. Por eso los invitamos el pr\u00f3ximo viernes 17 enero en horario de las 5:00 p.m. o a las 7:00 p.m. a una junta informativa para darles a&hellip; <\/p>\n","protected":false},"author":2,"featured_media":120982,"comment_status":"closed","ping_status":"closed","sticky":false,"template":"","format":"standard","meta":{"ngg_post_thumbnail":0},"categories":[3],"tags":[],"_links":{"self":[{"href":"https:\/\/www.villaeducativa.edu.mx\/newspaper\/index.php?rest_route=\/wp\/v2\/posts\/120980"}],"collection":[{"href":"https:\/\/www.villaeducativa.edu.mx\/newspaper\/index.php?rest_route=\/wp\/v2\/posts"}],"about":[{"href":"https:\/\/www.villaeducativa.edu.mx\/newspaper\/index.php?rest_route=\/wp\/v2\/types\/post"}],"author":[{"embeddable":true,"href":"https:\/\/www.villaeducativa.edu.mx\/newspaper\/index.php?rest_route=\/wp\/v2\/users\/2"}],"replies":[{"embeddable":true,"href":"https:\/\/www.villaeducativa.edu.mx\/newspaper\/index.php?rest_route=%2Fwp%2Fv2%2Fcomments&post=120980"}],"version-history":[{"count":3,"href":"https:\/\/www.villaeducativa.edu.mx\/newspaper\/index.php?rest_route=\/wp\/v2\/posts\/120980\/revisions"}],"predecessor-version":[{"id":121002,"href":"https:\/\/www.villaeducativa.edu.mx\/newspaper\/index.php?rest_route=\/wp\/v2\/posts\/120980\/revisions\/121002"}],"wp:featuredmedia":[{"embeddable":true,"href":"https:\/\/www.villaeducativa.edu.mx\/newspaper\/index.php?rest_route=\/wp\/v2\/media\/120982"}],"wp:attachment":[{"href":"https:\/\/www.villaeducativa.edu.mx\/newspaper\/index.php?rest_route=%2Fwp%2Fv2%2Fmedia&parent=120980"}],"wp:term":[{"taxonomy":"category","embeddable":true,"href":"https:\/\/www.villaeducativa.edu.mx\/newspaper\/index.php?rest_route=%2Fwp%2Fv2%2Fcategories&post=120980"},{"taxonomy":"post_tag","embeddable":true,"href":"https:\/\/www.villaeducativa.edu.mx\/newspaper\/index.php?rest_route=%2Fwp%2Fv2%2Ftags&post=120980"}],"curies":[{"name":"wp","href":"https:\/\/api.w.org\/{rel}","templated":true}]}}