{"id":120976,"date":"2025-01-14T08:40:21","date_gmt":"2025-01-14T14:40:21","guid":{"rendered":"https:\/\/www.villaeducativa.edu.mx\/newspaper\/?p=120976"},"modified":"2025-01-14T16:18:45","modified_gmt":"2025-01-14T22:18:45","slug":"k3-sesion-informativa-sobre-villa-educativa-2","status":"publish","type":"post","link":"https:\/\/www.villaeducativa.edu.mx\/newspaper\/?p=120976","title":{"rendered":"K3: Sesi\u00f3n informativa sobre Villa Educativa"},"content":{"rendered":"\n<p id=\"block-59916f04-ae25-4717-ae73-d512c9c7fb7c\"><strong>Estimados Padres de Familia de Kinder 3<\/strong>:<\/p>\n\n\n\n<p id=\"block-dc1f9752-4d34-4973-b316-50eb2be290f6\">Sabemos que el ingreso de sus hijos a primaria genera emoci\u00f3n y tambi\u00e9n muchas dudas. Por eso los invitamos el pr\u00f3ximo <strong>jueves 16 enero en horario de las 5:00 p.m. o a las 7:00 p.m.<\/strong> a una junta informativa para darles a conocer nuestro proyecto de primaria en <strong>Villa Educativa<\/strong>, donde tendr\u00e1n oportunidad de vivir fragmentos de clases como las que sus hijos tomar\u00e1n el siguiente ciclo escolar.<\/p>\n\n\n\n<p id=\"block-8c83db5f-2dc9-46ae-ab14-b8fc27a9de3d\">El mundo que les tocar\u00e1 vivir a nuestros ni\u00f1os ser\u00e1 muy diferente al nuestro. Los avances tecnol\u00f3gicos que impactan en todos los \u00e1mbitos ser\u00e1n exponenciales de ahora en adelante, nuestro gran reto es prepararlos para ser exitosos en el futuro, con habilidades para la vida y la capacidad de seguir aprendiendo siempre.<\/p>\n\n\n\n<p id=\"block-a2295c1a-3565-44e0-b6d3-8b5a047e190c\"><em>*La junta tendr\u00e1 una duraci\u00f3n aproximada de 2 horas y es \u00fanicamente para padres de familia; en esta ocasi\u00f3n no est\u00e1n invitados los alumnos.<\/em><\/p>\n\n\n\n<p>*<em>La entrada ser\u00e1 por<\/em> Atepoxco # 40<\/p>\n\n\n\n<p id=\"block-87a00e29-e173-4dee-86e1-6f50703e4c16\">Los esperamos.<br><br>Para mayores informes comunicarse al Whatsapp de Admisiones.<br><img src=\"http:\/\/www.villaeducativa.edu.mx\/newspaper\/wp-content\/uploads\/2024\/08\/whatstel.png\" alt=\"\" style=\"width: 30px;\"> <strong>55 4449 8770<\/strong><\/p>\n\n\n\n<p id=\"block-eca5faec-804b-4bde-b70a-e08aa4510468\"><span class=\"has-inline-color has-vivid-cyan-blue-color\">Lorena Esparza&nbsp;<br><strong>Directora General<\/strong><\/span><\/p>\n","protected":false},"excerpt":{"rendered":"<p>Estimados Padres de Familia de Kinder 3: Sabemos que el ingreso de sus hijos a primaria genera emoci\u00f3n y tambi\u00e9n muchas dudas. Por eso los invitamos el pr\u00f3ximo jueves 16 enero en horario de las 5:00 p.m. o a las 7:00 p.m. a una junta informativa para darles a conocer&hellip; <\/p>\n","protected":false},"author":2,"featured_media":120977,"comment_status":"closed","ping_status":"closed","sticky":false,"template":"","format":"standard","meta":{"ngg_post_thumbnail":0},"categories":[2],"tags":[],"_links":{"self":[{"href":"https:\/\/www.villaeducativa.edu.mx\/newspaper\/index.php?rest_route=\/wp\/v2\/posts\/120976"}],"collection":[{"href":"https:\/\/www.villaeducativa.edu.mx\/newspaper\/index.php?rest_route=\/wp\/v2\/posts"}],"about":[{"href":"https:\/\/www.villaeducativa.edu.mx\/newspaper\/index.php?rest_route=\/wp\/v2\/types\/post"}],"author":[{"embeddable":true,"href":"https:\/\/www.villaeducativa.edu.mx\/newspaper\/index.php?rest_route=\/wp\/v2\/users\/2"}],"replies":[{"embeddable":true,"href":"https:\/\/www.villaeducativa.edu.mx\/newspaper\/index.php?rest_route=%2Fwp%2Fv2%2Fcomments&post=120976"}],"version-history":[{"count":4,"href":"https:\/\/www.villaeducativa.edu.mx\/newspaper\/index.php?rest_route=\/wp\/v2\/posts\/120976\/revisions"}],"predecessor-version":[{"id":121000,"href":"https:\/\/www.villaeducativa.edu.mx\/newspaper\/index.php?rest_route=\/wp\/v2\/posts\/120976\/revisions\/121000"}],"wp:featuredmedia":[{"embeddable":true,"href":"https:\/\/www.villaeducativa.edu.mx\/newspaper\/index.php?rest_route=\/wp\/v2\/media\/120977"}],"wp:attachment":[{"href":"https:\/\/www.villaeducativa.edu.mx\/newspaper\/index.php?rest_route=%2Fwp%2Fv2%2Fmedia&parent=120976"}],"wp:term":[{"taxonomy":"category","embeddable":true,"href":"https:\/\/www.villaeducativa.edu.mx\/newspaper\/index.php?rest_route=%2Fwp%2Fv2%2Fcategories&post=120976"},{"taxonomy":"post_tag","embeddable":true,"href":"https:\/\/www.villaeducativa.edu.mx\/newspaper\/index.php?rest_route=%2Fwp%2Fv2%2Ftags&post=120976"}],"curies":[{"name":"wp","href":"https:\/\/api.w.org\/{rel}","templated":true}]}}