{"id":120908,"date":"2025-01-14T08:30:00","date_gmt":"2025-01-14T14:30:00","guid":{"rendered":"https:\/\/www.villaeducativa.edu.mx\/newspaper\/?p=120908"},"modified":"2025-01-14T13:12:10","modified_gmt":"2025-01-14T19:12:10","slug":"cierres-de-proyecto","status":"publish","type":"post","link":"https:\/\/www.villaeducativa.edu.mx\/newspaper\/?p=120908","title":{"rendered":"Cierres de Proyecto"},"content":{"rendered":"\n<p>Estimados padres de familia:<\/p>\n\n\n\n<p>Los invitamos cordialmente al <strong>Cierre de proyecto <\/strong>de sus hijos. Este evento especial es una oportunidad para celebrar y compartir el trabajo realizado por los alumnos.<\/p>\n\n\n\n<ul><li><strong>Horario:<\/strong> Los alumnos se presentar\u00e1n en el horario asignado y se retirar\u00e1n al t\u00e9rmino del evento acompa\u00f1ados por ustedes.<\/li><li><strong>Vestimenta:<\/strong> Asistir\u00e1n con su <strong>uniforme de diario<\/strong> (recuerden el c\u00f3digo de vestimenta: pantal\u00f3n azul oscuro).<\/li><li><strong>Entrada:<\/strong> Por la puerta 7 (patio de biblioteca).<\/li><\/ul>\n\n\n\n<figure class=\"wp-block-table is-style-regular\"><table><tbody><tr><td><strong>Grado<\/strong><\/td><td class=\"has-text-align-center\" data-align=\"center\"><strong>D\u00eda&nbsp;<\/strong><\/td><td class=\"has-text-align-center\" data-align=\"center\"><strong>8:30&nbsp;a.m.<\/strong><\/td><td class=\"has-text-align-center\" data-align=\"center\"><strong>10:00<\/strong> <strong>a.m.<\/strong><\/td><td class=\"has-text-align-center\" data-align=\"center\"><strong>12:00<\/strong> <strong>p.m.<\/strong><\/td><td class=\"has-text-align-center\" data-align=\"center\"><strong>1:30<\/strong> <strong>p.m.<\/strong><\/td><\/tr><tr><td><a href=\"http:\/\/www.villaeducativa.edu.mx\/newspaper\/wp-content\/uploads\/2025\/01\/6grado.jpg\" target=\"_blank\" rel=\"noreferrer noopener\">Sexto<\/a><\/td><td class=\"has-text-align-center\" data-align=\"center\">21 de enero&nbsp;<\/td><td class=\"has-text-align-center\" data-align=\"center\">6A<\/td><td class=\"has-text-align-center\" data-align=\"center\">6B<\/td><td class=\"has-text-align-center\" data-align=\"center\">6C<\/td><td class=\"has-text-align-center\" data-align=\"center\">6D<\/td><\/tr><tr><td><a href=\"http:\/\/www.villaeducativa.edu.mx\/newspaper\/wp-content\/uploads\/2025\/01\/1grado.jpg\" target=\"_blank\" rel=\"noreferrer noopener\">Primero<\/a><\/td><td class=\"has-text-align-center\" data-align=\"center\">22 de enero<\/td><td class=\"has-text-align-center\" data-align=\"center\">1A<\/td><td class=\"has-text-align-center\" data-align=\"center\">1B<\/td><td class=\"has-text-align-center\" data-align=\"center\">1C<\/td><td class=\"has-text-align-center\" data-align=\"center\">1D<\/td><\/tr><tr><td><a href=\"http:\/\/www.villaeducativa.edu.mx\/newspaper\/wp-content\/uploads\/2025\/01\/5grado.jpg\" target=\"_blank\" rel=\"noreferrer noopener\">Quinto<\/a><\/td><td class=\"has-text-align-center\" data-align=\"center\">23 de enero<\/td><td class=\"has-text-align-center\" data-align=\"center\">5A<\/td><td class=\"has-text-align-center\" data-align=\"center\">5B<\/td><td class=\"has-text-align-center\" data-align=\"center\">5C<\/td><td class=\"has-text-align-center\" data-align=\"center\">5D<\/td><\/tr><tr><td><a href=\"http:\/\/www.villaeducativa.edu.mx\/newspaper\/wp-content\/uploads\/2025\/01\/2grado.jpg\" target=\"_blank\" rel=\"noreferrer noopener\">Segundo<\/a><\/td><td class=\"has-text-align-center\" data-align=\"center\">24 de enero&nbsp;<\/td><td class=\"has-text-align-center\" data-align=\"center\">2A<\/td><td class=\"has-text-align-center\" data-align=\"center\">2B<\/td><td class=\"has-text-align-center\" data-align=\"center\">2C<\/td><td class=\"has-text-align-center\" data-align=\"center\">2D<\/td><\/tr><tr><td><a href=\"http:\/\/www.villaeducativa.edu.mx\/newspaper\/wp-content\/uploads\/2025\/01\/3grado.jpg\" target=\"_blank\" rel=\"noreferrer noopener\">Tercero<\/a><\/td><td class=\"has-text-align-center\" data-align=\"center\">27 de enero<\/td><td class=\"has-text-align-center\" data-align=\"center\">3A<\/td><td class=\"has-text-align-center\" data-align=\"center\">3B<\/td><td class=\"has-text-align-center\" data-align=\"center\">3C<\/td><td class=\"has-text-align-center\" data-align=\"center\">3D<\/td><\/tr><tr><td><a href=\"http:\/\/www.villaeducativa.edu.mx\/newspaper\/wp-content\/uploads\/2025\/01\/4grado.jpg\" target=\"_blank\" rel=\"noreferrer noopener\">Cuarto<\/a><\/td><td class=\"has-text-align-center\" data-align=\"center\">28 de enero&nbsp;<\/td><td class=\"has-text-align-center\" data-align=\"center\">4A<\/td><td class=\"has-text-align-center\" data-align=\"center\">4B<\/td><td class=\"has-text-align-center\" data-align=\"center\">4C<\/td><td class=\"has-text-align-center\" data-align=\"center\"><\/td><\/tr><\/tbody><\/table><\/figure>\n\n\n\n<p>Ser\u00e1 un momento significativo para todos. <br>\u00a1Los esperamos con entusiasmo!<\/p>\n\n\n\n<p><span class=\"has-inline-color has-vivid-cyan-blue-color\"><strong>Guadalupe G\u00e1lvez y Greta Rodr\u00edguez<\/strong><br><em>Coordinaci\u00f3n de Primaria<\/em><\/span><\/p>\n","protected":false},"excerpt":{"rendered":"<p>Estimados padres de familia: Los invitamos cordialmente al Cierre de proyecto de sus hijos. Este evento especial es una oportunidad para celebrar y compartir el trabajo realizado por los alumnos. Horario: Los alumnos se presentar\u00e1n en el horario asignado y se retirar\u00e1n al t\u00e9rmino del evento acompa\u00f1ados por ustedes. Vestimenta:&hellip; <\/p>\n","protected":false},"author":2,"featured_media":120913,"comment_status":"closed","ping_status":"closed","sticky":false,"template":"","format":"standard","meta":{"ngg_post_thumbnail":0},"categories":[3],"tags":[],"_links":{"self":[{"href":"https:\/\/www.villaeducativa.edu.mx\/newspaper\/index.php?rest_route=\/wp\/v2\/posts\/120908"}],"collection":[{"href":"https:\/\/www.villaeducativa.edu.mx\/newspaper\/index.php?rest_route=\/wp\/v2\/posts"}],"about":[{"href":"https:\/\/www.villaeducativa.edu.mx\/newspaper\/index.php?rest_route=\/wp\/v2\/types\/post"}],"author":[{"embeddable":true,"href":"https:\/\/www.villaeducativa.edu.mx\/newspaper\/index.php?rest_route=\/wp\/v2\/users\/2"}],"replies":[{"embeddable":true,"href":"https:\/\/www.villaeducativa.edu.mx\/newspaper\/index.php?rest_route=%2Fwp%2Fv2%2Fcomments&post=120908"}],"version-history":[{"count":6,"href":"https:\/\/www.villaeducativa.edu.mx\/newspaper\/index.php?rest_route=\/wp\/v2\/posts\/120908\/revisions"}],"predecessor-version":[{"id":120968,"href":"https:\/\/www.villaeducativa.edu.mx\/newspaper\/index.php?rest_route=\/wp\/v2\/posts\/120908\/revisions\/120968"}],"wp:featuredmedia":[{"embeddable":true,"href":"https:\/\/www.villaeducativa.edu.mx\/newspaper\/index.php?rest_route=\/wp\/v2\/media\/120913"}],"wp:attachment":[{"href":"https:\/\/www.villaeducativa.edu.mx\/newspaper\/index.php?rest_route=%2Fwp%2Fv2%2Fmedia&parent=120908"}],"wp:term":[{"taxonomy":"category","embeddable":true,"href":"https:\/\/www.villaeducativa.edu.mx\/newspaper\/index.php?rest_route=%2Fwp%2Fv2%2Fcategories&post=120908"},{"taxonomy":"post_tag","embeddable":true,"href":"https:\/\/www.villaeducativa.edu.mx\/newspaper\/index.php?rest_route=%2Fwp%2Fv2%2Ftags&post=120908"}],"curies":[{"name":"wp","href":"https:\/\/api.w.org\/{rel}","templated":true}]}}