{"id":120869,"date":"2025-01-14T08:40:00","date_gmt":"2025-01-14T14:40:00","guid":{"rendered":"https:\/\/www.villaeducativa.edu.mx\/newspaper\/?p=120869"},"modified":"2025-01-14T13:09:56","modified_gmt":"2025-01-14T19:09:56","slug":"k3-creating-faces-with-emotions","status":"publish","type":"post","link":"https:\/\/www.villaeducativa.edu.mx\/newspaper\/?p=120869","title":{"rendered":"K3: Creating Faces with Emotions"},"content":{"rendered":"\n<p>In our K3 group, the children had a fun and educational experience exploring the world of emotions. Through a creative activity, they learned to identify and represent different emotions using cutouts of facial features. The purpose of the activity was to help them visualize how our facial expressions reflect how we feel and, from there, reflect on what to do when we experience different emotions.<\/p>\n\n\n\n<p>The children received cutouts of eyes, mouths, and eyebrows, and with these materials, they created various expressions representing emotions such as happiness, sadness, anger, fear, and surprise. By observing their creations. After completing the activity, we discussed what to do when we feel strong emotions. The children shared ideas on how they can manage sadness, anger, or happiness, learning that taking a deep breath, talking to a friend, or asking for help are healthy ways to react.<\/p>\n\n\n\n<p>This activity not only helped the children identify their emotions but also raised awareness about how our emotions affect our interactions with others. The goal was to foster empathy, self-understanding, and the importance of expressing what we feel in a healthy way to avoid misunderstandings and conflicts with peers.<\/p>\n\n\n\n<p>We invite families to continue this learning at home, helping children identify and manage their emotions positively. Teaching them to recognize what they feel and how to react respectfully with others is key to the emotional and social development of our little ones.<\/p>\n\n\n\n<p><strong>Together, we can help them grow in an environment where emotional understanding is the foundation of their well-being.<\/strong><\/p>\n\n\n\n<p><strong>Book Recommendation: \u201c<a href=\"https:\/\/drive.google.com\/file\/d\/1QTEqIDbw72raGySkNLVnBHqMaE31krR5\/view?usp=sharing\" target=\"_blank\" rel=\"noreferrer noopener\">El cazo de Lorenzo\u201d<\/a><\/strong><\/p>\n\n\n\n\n\n<div class=\"ngg-galleryoverview ngg-slideshow\"\n\t id=\"ngg-slideshow-de275b7176e9c92e7f294aacfecc6df7-6489848240\"\n     data-gallery-id=\"de275b7176e9c92e7f294aacfecc6df7\"\n     style=\"max-width: 600px; max-height: 620px;\">\n\n \t<div id=\"ngg-image-0\" class=\"ngg-gallery-slideshow-image\" style=\"height:620px\">\n\n        <a href=\"https:\/\/www.villaeducativa.edu.mx\/newspaper\/wp-content\/gallery\/21-carasemocionesk3\/IMG_8698.jpg\"\n           title=\"\"\n           data-src=\"https:\/\/www.villaeducativa.edu.mx\/newspaper\/wp-content\/gallery\/21-carasemocionesk3\/IMG_8698.jpg\"\n           data-thumbnail=\"https:\/\/www.villaeducativa.edu.mx\/newspaper\/wp-content\/gallery\/21-carasemocionesk3\/thumbs\/thumbs_IMG_8698.jpg\"\n           data-image-id=\"55661\"\n           data-title=\"IMG_8698\"\n           data-description=\"\"\n           class=\"ngg-fancybox\" rel=\"de275b7176e9c92e7f294aacfecc6df7\">\n\n            <img data-image-id='55661'\n                 title=\"\"\n                 alt=\"IMG_8698\"\n                 src=\"https:\/\/www.villaeducativa.edu.mx\/newspaper\/wp-content\/gallery\/21-carasemocionesk3\/IMG_8698.jpg\"\n                 style=\"max-height: 600px;\"\/>\n        <\/a>\n\n        <\/div> \n<div id=\"ngg-image-1\" class=\"ngg-gallery-slideshow-image\" style=\"height:620px\">\n\n        <a href=\"https:\/\/www.villaeducativa.edu.mx\/newspaper\/wp-content\/gallery\/21-carasemocionesk3\/IMG_8713.jpg\"\n           title=\"\"\n           data-src=\"https:\/\/www.villaeducativa.edu.mx\/newspaper\/wp-content\/gallery\/21-carasemocionesk3\/IMG_8713.jpg\"\n           data-thumbnail=\"https:\/\/www.villaeducativa.edu.mx\/newspaper\/wp-content\/gallery\/21-carasemocionesk3\/thumbs\/thumbs_IMG_8713.jpg\"\n           data-image-id=\"55670\"\n           data-title=\"IMG_8713\"\n           data-description=\"\"\n           class=\"ngg-fancybox\" rel=\"de275b7176e9c92e7f294aacfecc6df7\">\n\n            <img data-image-id='55670'\n                 title=\"\"\n                 alt=\"IMG_8713\"\n                 src=\"https:\/\/www.villaeducativa.edu.mx\/newspaper\/wp-content\/gallery\/21-carasemocionesk3\/IMG_8713.jpg\"\n                 style=\"max-height: 600px;\"\/>\n        <\/a>\n\n        <\/div> \n<div id=\"ngg-image-2\" class=\"ngg-gallery-slideshow-image\" style=\"height:620px\">\n\n        <a href=\"https:\/\/www.villaeducativa.edu.mx\/newspaper\/wp-content\/gallery\/21-carasemocionesk3\/IMG_8710.jpg\"\n           title=\"\"\n           data-src=\"https:\/\/www.villaeducativa.edu.mx\/newspaper\/wp-content\/gallery\/21-carasemocionesk3\/IMG_8710.jpg\"\n           data-thumbnail=\"https:\/\/www.villaeducativa.edu.mx\/newspaper\/wp-content\/gallery\/21-carasemocionesk3\/thumbs\/thumbs_IMG_8710.jpg\"\n           data-image-id=\"55669\"\n           data-title=\"IMG_8710\"\n           data-description=\"\"\n           class=\"ngg-fancybox\" rel=\"de275b7176e9c92e7f294aacfecc6df7\">\n\n            <img data-image-id='55669'\n                 title=\"\"\n                 alt=\"IMG_8710\"\n                 src=\"https:\/\/www.villaeducativa.edu.mx\/newspaper\/wp-content\/gallery\/21-carasemocionesk3\/IMG_8710.jpg\"\n                 style=\"max-height: 600px;\"\/>\n        <\/a>\n\n        <\/div> \n<div id=\"ngg-image-3\" class=\"ngg-gallery-slideshow-image\" style=\"height:620px\">\n\n        <a href=\"https:\/\/www.villaeducativa.edu.mx\/newspaper\/wp-content\/gallery\/21-carasemocionesk3\/IMG_8709.jpg\"\n           title=\"\"\n           data-src=\"https:\/\/www.villaeducativa.edu.mx\/newspaper\/wp-content\/gallery\/21-carasemocionesk3\/IMG_8709.jpg\"\n           data-thumbnail=\"https:\/\/www.villaeducativa.edu.mx\/newspaper\/wp-content\/gallery\/21-carasemocionesk3\/thumbs\/thumbs_IMG_8709.jpg\"\n           data-image-id=\"55668\"\n           data-title=\"IMG_8709\"\n           data-description=\"\"\n           class=\"ngg-fancybox\" rel=\"de275b7176e9c92e7f294aacfecc6df7\">\n\n            <img data-image-id='55668'\n                 title=\"\"\n                 alt=\"IMG_8709\"\n                 src=\"https:\/\/www.villaeducativa.edu.mx\/newspaper\/wp-content\/gallery\/21-carasemocionesk3\/IMG_8709.jpg\"\n                 style=\"max-height: 600px;\"\/>\n        <\/a>\n\n        <\/div> \n<div id=\"ngg-image-4\" class=\"ngg-gallery-slideshow-image\" style=\"height:620px\">\n\n        <a href=\"https:\/\/www.villaeducativa.edu.mx\/newspaper\/wp-content\/gallery\/21-carasemocionesk3\/IMG_8707.jpg\"\n           title=\"\"\n           data-src=\"https:\/\/www.villaeducativa.edu.mx\/newspaper\/wp-content\/gallery\/21-carasemocionesk3\/IMG_8707.jpg\"\n           data-thumbnail=\"https:\/\/www.villaeducativa.edu.mx\/newspaper\/wp-content\/gallery\/21-carasemocionesk3\/thumbs\/thumbs_IMG_8707.jpg\"\n           data-image-id=\"55667\"\n           data-title=\"IMG_8707\"\n           data-description=\"\"\n           class=\"ngg-fancybox\" rel=\"de275b7176e9c92e7f294aacfecc6df7\">\n\n            <img data-image-id='55667'\n                 title=\"\"\n                 alt=\"IMG_8707\"\n                 src=\"https:\/\/www.villaeducativa.edu.mx\/newspaper\/wp-content\/gallery\/21-carasemocionesk3\/IMG_8707.jpg\"\n                 style=\"max-height: 600px;\"\/>\n        <\/a>\n\n        <\/div> \n<div id=\"ngg-image-5\" class=\"ngg-gallery-slideshow-image\" style=\"height:620px\">\n\n        <a href=\"https:\/\/www.villaeducativa.edu.mx\/newspaper\/wp-content\/gallery\/21-carasemocionesk3\/IMG_8708.jpg\"\n           title=\"\"\n           data-src=\"https:\/\/www.villaeducativa.edu.mx\/newspaper\/wp-content\/gallery\/21-carasemocionesk3\/IMG_8708.jpg\"\n           data-thumbnail=\"https:\/\/www.villaeducativa.edu.mx\/newspaper\/wp-content\/gallery\/21-carasemocionesk3\/thumbs\/thumbs_IMG_8708.jpg\"\n           data-image-id=\"55666\"\n           data-title=\"IMG_8708\"\n           data-description=\"\"\n           class=\"ngg-fancybox\" rel=\"de275b7176e9c92e7f294aacfecc6df7\">\n\n            <img data-image-id='55666'\n                 title=\"\"\n                 alt=\"IMG_8708\"\n                 src=\"https:\/\/www.villaeducativa.edu.mx\/newspaper\/wp-content\/gallery\/21-carasemocionesk3\/IMG_8708.jpg\"\n                 style=\"max-height: 600px;\"\/>\n        <\/a>\n\n        <\/div> \n<div id=\"ngg-image-6\" class=\"ngg-gallery-slideshow-image\" style=\"height:620px\">\n\n        <a href=\"https:\/\/www.villaeducativa.edu.mx\/newspaper\/wp-content\/gallery\/21-carasemocionesk3\/IMG_8706.jpg\"\n           title=\"\"\n           data-src=\"https:\/\/www.villaeducativa.edu.mx\/newspaper\/wp-content\/gallery\/21-carasemocionesk3\/IMG_8706.jpg\"\n           data-thumbnail=\"https:\/\/www.villaeducativa.edu.mx\/newspaper\/wp-content\/gallery\/21-carasemocionesk3\/thumbs\/thumbs_IMG_8706.jpg\"\n           data-image-id=\"55665\"\n           data-title=\"IMG_8706\"\n           data-description=\"\"\n           class=\"ngg-fancybox\" rel=\"de275b7176e9c92e7f294aacfecc6df7\">\n\n            <img data-image-id='55665'\n                 title=\"\"\n                 alt=\"IMG_8706\"\n                 src=\"https:\/\/www.villaeducativa.edu.mx\/newspaper\/wp-content\/gallery\/21-carasemocionesk3\/IMG_8706.jpg\"\n                 style=\"max-height: 600px;\"\/>\n        <\/a>\n\n        <\/div> \n<div id=\"ngg-image-7\" class=\"ngg-gallery-slideshow-image\" style=\"height:620px\">\n\n        <a href=\"https:\/\/www.villaeducativa.edu.mx\/newspaper\/wp-content\/gallery\/21-carasemocionesk3\/IMG_8703.jpg\"\n           title=\"\"\n           data-src=\"https:\/\/www.villaeducativa.edu.mx\/newspaper\/wp-content\/gallery\/21-carasemocionesk3\/IMG_8703.jpg\"\n           data-thumbnail=\"https:\/\/www.villaeducativa.edu.mx\/newspaper\/wp-content\/gallery\/21-carasemocionesk3\/thumbs\/thumbs_IMG_8703.jpg\"\n           data-image-id=\"55664\"\n           data-title=\"IMG_8703\"\n           data-description=\"\"\n           class=\"ngg-fancybox\" rel=\"de275b7176e9c92e7f294aacfecc6df7\">\n\n            <img data-image-id='55664'\n                 title=\"\"\n                 alt=\"IMG_8703\"\n                 src=\"https:\/\/www.villaeducativa.edu.mx\/newspaper\/wp-content\/gallery\/21-carasemocionesk3\/IMG_8703.jpg\"\n                 style=\"max-height: 600px;\"\/>\n        <\/a>\n\n        <\/div> \n<div id=\"ngg-image-8\" class=\"ngg-gallery-slideshow-image\" style=\"height:620px\">\n\n        <a href=\"https:\/\/www.villaeducativa.edu.mx\/newspaper\/wp-content\/gallery\/21-carasemocionesk3\/IMG_8702.jpg\"\n           title=\"\"\n           data-src=\"https:\/\/www.villaeducativa.edu.mx\/newspaper\/wp-content\/gallery\/21-carasemocionesk3\/IMG_8702.jpg\"\n           data-thumbnail=\"https:\/\/www.villaeducativa.edu.mx\/newspaper\/wp-content\/gallery\/21-carasemocionesk3\/thumbs\/thumbs_IMG_8702.jpg\"\n           data-image-id=\"55663\"\n           data-title=\"IMG_8702\"\n           data-description=\"\"\n           class=\"ngg-fancybox\" rel=\"de275b7176e9c92e7f294aacfecc6df7\">\n\n            <img data-image-id='55663'\n                 title=\"\"\n                 alt=\"IMG_8702\"\n                 src=\"https:\/\/www.villaeducativa.edu.mx\/newspaper\/wp-content\/gallery\/21-carasemocionesk3\/IMG_8702.jpg\"\n                 style=\"max-height: 600px;\"\/>\n        <\/a>\n\n        <\/div> \n<div id=\"ngg-image-9\" class=\"ngg-gallery-slideshow-image\" style=\"height:620px\">\n\n        <a href=\"https:\/\/www.villaeducativa.edu.mx\/newspaper\/wp-content\/gallery\/21-carasemocionesk3\/IMG_8696.jpg\"\n           title=\"\"\n           data-src=\"https:\/\/www.villaeducativa.edu.mx\/newspaper\/wp-content\/gallery\/21-carasemocionesk3\/IMG_8696.jpg\"\n           data-thumbnail=\"https:\/\/www.villaeducativa.edu.mx\/newspaper\/wp-content\/gallery\/21-carasemocionesk3\/thumbs\/thumbs_IMG_8696.jpg\"\n           data-image-id=\"55662\"\n           data-title=\"IMG_8696\"\n           data-description=\"\"\n           class=\"ngg-fancybox\" rel=\"de275b7176e9c92e7f294aacfecc6df7\">\n\n            <img data-image-id='55662'\n                 title=\"\"\n                 alt=\"IMG_8696\"\n                 src=\"https:\/\/www.villaeducativa.edu.mx\/newspaper\/wp-content\/gallery\/21-carasemocionesk3\/IMG_8696.jpg\"\n                 style=\"max-height: 600px;\"\/>\n        <\/a>\n\n        <\/div> \n<div id=\"ngg-image-10\" class=\"ngg-gallery-slideshow-image\" style=\"height:620px\">\n\n        <a href=\"https:\/\/www.villaeducativa.edu.mx\/newspaper\/wp-content\/gallery\/21-carasemocionesk3\/IMG_8714.jpg\"\n           title=\"\"\n           data-src=\"https:\/\/www.villaeducativa.edu.mx\/newspaper\/wp-content\/gallery\/21-carasemocionesk3\/IMG_8714.jpg\"\n           data-thumbnail=\"https:\/\/www.villaeducativa.edu.mx\/newspaper\/wp-content\/gallery\/21-carasemocionesk3\/thumbs\/thumbs_IMG_8714.jpg\"\n           data-image-id=\"55651\"\n           data-title=\"IMG_8714\"\n           data-description=\"\"\n           class=\"ngg-fancybox\" rel=\"de275b7176e9c92e7f294aacfecc6df7\">\n\n            <img data-image-id='55651'\n                 title=\"\"\n                 alt=\"IMG_8714\"\n                 src=\"https:\/\/www.villaeducativa.edu.mx\/newspaper\/wp-content\/gallery\/21-carasemocionesk3\/IMG_8714.jpg\"\n                 style=\"max-height: 600px;\"\/>\n        <\/a>\n\n        <\/div> \n<div id=\"ngg-image-11\" class=\"ngg-gallery-slideshow-image\" style=\"height:620px\">\n\n        <a href=\"https:\/\/www.villaeducativa.edu.mx\/newspaper\/wp-content\/gallery\/21-carasemocionesk3\/IMG_8701.jpg\"\n           title=\"\"\n           data-src=\"https:\/\/www.villaeducativa.edu.mx\/newspaper\/wp-content\/gallery\/21-carasemocionesk3\/IMG_8701.jpg\"\n           data-thumbnail=\"https:\/\/www.villaeducativa.edu.mx\/newspaper\/wp-content\/gallery\/21-carasemocionesk3\/thumbs\/thumbs_IMG_8701.jpg\"\n           data-image-id=\"55660\"\n           data-title=\"IMG_8701\"\n           data-description=\"\"\n           class=\"ngg-fancybox\" rel=\"de275b7176e9c92e7f294aacfecc6df7\">\n\n            <img data-image-id='55660'\n                 title=\"\"\n                 alt=\"IMG_8701\"\n                 src=\"https:\/\/www.villaeducativa.edu.mx\/newspaper\/wp-content\/gallery\/21-carasemocionesk3\/IMG_8701.jpg\"\n                 style=\"max-height: 600px;\"\/>\n        <\/a>\n\n        <\/div> \n<div id=\"ngg-image-12\" class=\"ngg-gallery-slideshow-image\" style=\"height:620px\">\n\n        <a href=\"https:\/\/www.villaeducativa.edu.mx\/newspaper\/wp-content\/gallery\/21-carasemocionesk3\/IMG_8700.jpg\"\n           title=\"\"\n           data-src=\"https:\/\/www.villaeducativa.edu.mx\/newspaper\/wp-content\/gallery\/21-carasemocionesk3\/IMG_8700.jpg\"\n           data-thumbnail=\"https:\/\/www.villaeducativa.edu.mx\/newspaper\/wp-content\/gallery\/21-carasemocionesk3\/thumbs\/thumbs_IMG_8700.jpg\"\n           data-image-id=\"55659\"\n           data-title=\"IMG_8700\"\n           data-description=\"\"\n           class=\"ngg-fancybox\" rel=\"de275b7176e9c92e7f294aacfecc6df7\">\n\n            <img data-image-id='55659'\n                 title=\"\"\n                 alt=\"IMG_8700\"\n                 src=\"https:\/\/www.villaeducativa.edu.mx\/newspaper\/wp-content\/gallery\/21-carasemocionesk3\/IMG_8700.jpg\"\n                 style=\"max-height: 600px;\"\/>\n        <\/a>\n\n        <\/div> \n<div id=\"ngg-image-13\" class=\"ngg-gallery-slideshow-image\" style=\"height:620px\">\n\n        <a href=\"https:\/\/www.villaeducativa.edu.mx\/newspaper\/wp-content\/gallery\/21-carasemocionesk3\/IMG_8697.jpg\"\n           title=\"\"\n           data-src=\"https:\/\/www.villaeducativa.edu.mx\/newspaper\/wp-content\/gallery\/21-carasemocionesk3\/IMG_8697.jpg\"\n           data-thumbnail=\"https:\/\/www.villaeducativa.edu.mx\/newspaper\/wp-content\/gallery\/21-carasemocionesk3\/thumbs\/thumbs_IMG_8697.jpg\"\n           data-image-id=\"55658\"\n           data-title=\"IMG_8697\"\n           data-description=\"\"\n           class=\"ngg-fancybox\" rel=\"de275b7176e9c92e7f294aacfecc6df7\">\n\n            <img data-image-id='55658'\n                 title=\"\"\n                 alt=\"IMG_8697\"\n                 src=\"https:\/\/www.villaeducativa.edu.mx\/newspaper\/wp-content\/gallery\/21-carasemocionesk3\/IMG_8697.jpg\"\n                 style=\"max-height: 600px;\"\/>\n        <\/a>\n\n        <\/div> \n<div id=\"ngg-image-14\" class=\"ngg-gallery-slideshow-image\" style=\"height:620px\">\n\n        <a href=\"https:\/\/www.villaeducativa.edu.mx\/newspaper\/wp-content\/gallery\/21-carasemocionesk3\/IMG_8699.jpg\"\n           title=\"\"\n           data-src=\"https:\/\/www.villaeducativa.edu.mx\/newspaper\/wp-content\/gallery\/21-carasemocionesk3\/IMG_8699.jpg\"\n           data-thumbnail=\"https:\/\/www.villaeducativa.edu.mx\/newspaper\/wp-content\/gallery\/21-carasemocionesk3\/thumbs\/thumbs_IMG_8699.jpg\"\n           data-image-id=\"55657\"\n           data-title=\"IMG_8699\"\n           data-description=\"\"\n           class=\"ngg-fancybox\" rel=\"de275b7176e9c92e7f294aacfecc6df7\">\n\n            <img data-image-id='55657'\n                 title=\"\"\n                 alt=\"IMG_8699\"\n                 src=\"https:\/\/www.villaeducativa.edu.mx\/newspaper\/wp-content\/gallery\/21-carasemocionesk3\/IMG_8699.jpg\"\n                 style=\"max-height: 600px;\"\/>\n        <\/a>\n\n        <\/div> \n<div id=\"ngg-image-15\" class=\"ngg-gallery-slideshow-image\" style=\"height:620px\">\n\n        <a href=\"https:\/\/www.villaeducativa.edu.mx\/newspaper\/wp-content\/gallery\/21-carasemocionesk3\/IMG_8694.jpg\"\n           title=\"\"\n           data-src=\"https:\/\/www.villaeducativa.edu.mx\/newspaper\/wp-content\/gallery\/21-carasemocionesk3\/IMG_8694.jpg\"\n           data-thumbnail=\"https:\/\/www.villaeducativa.edu.mx\/newspaper\/wp-content\/gallery\/21-carasemocionesk3\/thumbs\/thumbs_IMG_8694.jpg\"\n           data-image-id=\"55656\"\n           data-title=\"IMG_8694\"\n           data-description=\"\"\n           class=\"ngg-fancybox\" rel=\"de275b7176e9c92e7f294aacfecc6df7\">\n\n            <img data-image-id='55656'\n                 title=\"\"\n                 alt=\"IMG_8694\"\n                 src=\"https:\/\/www.villaeducativa.edu.mx\/newspaper\/wp-content\/gallery\/21-carasemocionesk3\/IMG_8694.jpg\"\n                 style=\"max-height: 600px;\"\/>\n        <\/a>\n\n        <\/div> \n<div id=\"ngg-image-16\" class=\"ngg-gallery-slideshow-image\" style=\"height:620px\">\n\n        <a href=\"https:\/\/www.villaeducativa.edu.mx\/newspaper\/wp-content\/gallery\/21-carasemocionesk3\/IMG_8693.jpg\"\n           title=\"\"\n           data-src=\"https:\/\/www.villaeducativa.edu.mx\/newspaper\/wp-content\/gallery\/21-carasemocionesk3\/IMG_8693.jpg\"\n           data-thumbnail=\"https:\/\/www.villaeducativa.edu.mx\/newspaper\/wp-content\/gallery\/21-carasemocionesk3\/thumbs\/thumbs_IMG_8693.jpg\"\n           data-image-id=\"55655\"\n           data-title=\"IMG_8693\"\n           data-description=\"\"\n           class=\"ngg-fancybox\" rel=\"de275b7176e9c92e7f294aacfecc6df7\">\n\n            <img data-image-id='55655'\n                 title=\"\"\n                 alt=\"IMG_8693\"\n                 src=\"https:\/\/www.villaeducativa.edu.mx\/newspaper\/wp-content\/gallery\/21-carasemocionesk3\/IMG_8693.jpg\"\n                 style=\"max-height: 600px;\"\/>\n        <\/a>\n\n        <\/div> \n<div id=\"ngg-image-17\" class=\"ngg-gallery-slideshow-image\" style=\"height:620px\">\n\n        <a href=\"https:\/\/www.villaeducativa.edu.mx\/newspaper\/wp-content\/gallery\/21-carasemocionesk3\/IMG_8695.jpg\"\n           title=\"\"\n           data-src=\"https:\/\/www.villaeducativa.edu.mx\/newspaper\/wp-content\/gallery\/21-carasemocionesk3\/IMG_8695.jpg\"\n           data-thumbnail=\"https:\/\/www.villaeducativa.edu.mx\/newspaper\/wp-content\/gallery\/21-carasemocionesk3\/thumbs\/thumbs_IMG_8695.jpg\"\n           data-image-id=\"55654\"\n           data-title=\"IMG_8695\"\n           data-description=\"\"\n           class=\"ngg-fancybox\" rel=\"de275b7176e9c92e7f294aacfecc6df7\">\n\n            <img data-image-id='55654'\n                 title=\"\"\n                 alt=\"IMG_8695\"\n                 src=\"https:\/\/www.villaeducativa.edu.mx\/newspaper\/wp-content\/gallery\/21-carasemocionesk3\/IMG_8695.jpg\"\n                 style=\"max-height: 600px;\"\/>\n        <\/a>\n\n        <\/div> \n<div id=\"ngg-image-18\" class=\"ngg-gallery-slideshow-image\" style=\"height:620px\">\n\n        <a href=\"https:\/\/www.villaeducativa.edu.mx\/newspaper\/wp-content\/gallery\/21-carasemocionesk3\/IMG_8691.jpg\"\n           title=\"\"\n           data-src=\"https:\/\/www.villaeducativa.edu.mx\/newspaper\/wp-content\/gallery\/21-carasemocionesk3\/IMG_8691.jpg\"\n           data-thumbnail=\"https:\/\/www.villaeducativa.edu.mx\/newspaper\/wp-content\/gallery\/21-carasemocionesk3\/thumbs\/thumbs_IMG_8691.jpg\"\n           data-image-id=\"55653\"\n           data-title=\"IMG_8691\"\n           data-description=\"\"\n           class=\"ngg-fancybox\" rel=\"de275b7176e9c92e7f294aacfecc6df7\">\n\n            <img data-image-id='55653'\n                 title=\"\"\n                 alt=\"IMG_8691\"\n                 src=\"https:\/\/www.villaeducativa.edu.mx\/newspaper\/wp-content\/gallery\/21-carasemocionesk3\/IMG_8691.jpg\"\n                 style=\"max-height: 600px;\"\/>\n        <\/a>\n\n        <\/div> \n<div id=\"ngg-image-19\" class=\"ngg-gallery-slideshow-image\" style=\"height:620px\">\n\n        <a href=\"https:\/\/www.villaeducativa.edu.mx\/newspaper\/wp-content\/gallery\/21-carasemocionesk3\/IMG_8692_00.jpg\"\n           title=\"\"\n           data-src=\"https:\/\/www.villaeducativa.edu.mx\/newspaper\/wp-content\/gallery\/21-carasemocionesk3\/IMG_8692_00.jpg\"\n           data-thumbnail=\"https:\/\/www.villaeducativa.edu.mx\/newspaper\/wp-content\/gallery\/21-carasemocionesk3\/thumbs\/thumbs_IMG_8692_00.jpg\"\n           data-image-id=\"55652\"\n           data-title=\"IMG_8692_00\"\n           data-description=\"\"\n           class=\"ngg-fancybox\" rel=\"de275b7176e9c92e7f294aacfecc6df7\">\n\n            <img data-image-id='55652'\n                 title=\"\"\n                 alt=\"IMG_8692_00\"\n                 src=\"https:\/\/www.villaeducativa.edu.mx\/newspaper\/wp-content\/gallery\/21-carasemocionesk3\/IMG_8692_00.jpg\"\n                 style=\"max-height: 600px;\"\/>\n        <\/a>\n\n        <\/div> \n<\/div>\n\n\n\n\n\n\n\n<hr class=\"wp-block-separator\"\/>\n\n\n\n<p><em><strong>Creando caras con emociones<\/strong><br>En Kinder 3, los ni\u00f1os vivieron una experiencia divertida y educativa al explorar el mundo de las emociones. A trav\u00e9s de una actividad creativa, aprendieron a identificar y representar distintas emociones utilizando recortes de partes de la cara. La finalidad de la actividad fue ayudarles a visualizar c\u00f3mo nuestras expresiones faciales reflejan lo que sentimos y, a partir de ah\u00ed, reflexionar sobre qu\u00e9 hacer cuando experimentamos diferentes emociones.<\/em><\/p>\n\n\n\n<p><em>Los alumnos realizaron recortes de ojos, bocas y cejas, y con estos materiales crearon diversas expresiones que representan emociones como alegr\u00eda, tristeza, enojo, miedo y sorpresa. Al observar sus propias creaciones, los peque\u00f1os comenzaron a entender c\u00f3mo una cara puede mostrar diferentes sentimientos. Despu\u00e9s de realizar la actividad, platicamos sobre qu\u00e9 hacer cuando sentimos emociones fuertes. Los ni\u00f1os compartieron ideas sobre c\u00f3mo pueden manejar la tristeza, la ira o la felicidad, aprendiendo que tomar un respiro profundo, hablar con un amigo o pedir ayuda, son maneras saludables de reaccionar.<\/em><\/p>\n\n\n\n<p><em>Esta actividad no solo ayud\u00f3 a los ni\u00f1os a identificar sus emociones, sino tambi\u00e9n a tomar conciencia de c\u00f3mo nuestras emociones afectan nuestras interacciones con los dem\u00e1s. El objetivo fue fomentar la empat\u00eda, la autocomprensi\u00f3n y la importancia de expresar lo que sentimos de manera adecuada para evitar malentendidos y conflictos con sus compa\u00f1eros.<\/em><\/p>\n\n\n\n<p><em>Invitamos a las familias a continuar este aprendizaje en casa, ayudando a los ni\u00f1os a identificar y gestionar sus emociones de manera positiva. Ense\u00f1arles a reconocer lo que sienten y a c\u00f3mo reaccionar de manera respetuosa con los dem\u00e1s, es clave para el desarrollo emocional y social de nuestros peque\u00f1os.<\/em><\/p>\n\n\n\n<p><strong><em>Juntos, podemos ayudarles a crecer en un entorno donde la comprensi\u00f3n emocional sea el pilar de su bienestar.<\/em><\/strong><\/p>\n\n\n\n<p><strong><em>Recomendaci\u00f3n: <a href=\"https:\/\/drive.google.com\/file\/d\/1QTEqIDbw72raGySkNLVnBHqMaE31krR5\/view?usp=sharing\" target=\"_blank\" rel=\"noreferrer noopener\">\u201cEl cazo de Lorenzo\u201d<\/a><\/em><\/strong><\/p>\n\n\n\n<blockquote class=\"wp-block-quote\"><p>\u00abEmotions are like the wind: sometimes they push us and other times they guide us.\u00bb<br><em>\u00abLas emociones son como el viento: a veces nos empujan y otras veces nos gu\u00edan.\u00bb<\/em><\/p><cite>-Daniel Goleman<\/cite><\/blockquote>\n\n\n\n<p><span class=\"has-inline-color has-vivid-cyan-blue-color\"><strong>Yustine Sandoval<\/strong><br><em>K3B English Teache<\/em><\/span><em>r<\/em><\/p>\n","protected":false},"excerpt":{"rendered":"<p>In our K3 group, the children had a fun and educational experience exploring the world of emotions. Through a creative activity, they learned to identify and represent different emotions using cutouts of facial features. The purpose of the activity was to help them visualize how our facial expressions reflect how&hellip; <\/p>\n","protected":false},"author":2,"featured_media":120870,"comment_status":"closed","ping_status":"closed","sticky":false,"template":"","format":"standard","meta":{"ngg_post_thumbnail":0},"categories":[2],"tags":[],"_links":{"self":[{"href":"https:\/\/www.villaeducativa.edu.mx\/newspaper\/index.php?rest_route=\/wp\/v2\/posts\/120869"}],"collection":[{"href":"https:\/\/www.villaeducativa.edu.mx\/newspaper\/index.php?rest_route=\/wp\/v2\/posts"}],"about":[{"href":"https:\/\/www.villaeducativa.edu.mx\/newspaper\/index.php?rest_route=\/wp\/v2\/types\/post"}],"author":[{"embeddable":true,"href":"https:\/\/www.villaeducativa.edu.mx\/newspaper\/index.php?rest_route=\/wp\/v2\/users\/2"}],"replies":[{"embeddable":true,"href":"https:\/\/www.villaeducativa.edu.mx\/newspaper\/index.php?rest_route=%2Fwp%2Fv2%2Fcomments&post=120869"}],"version-history":[{"count":2,"href":"https:\/\/www.villaeducativa.edu.mx\/newspaper\/index.php?rest_route=\/wp\/v2\/posts\/120869\/revisions"}],"predecessor-version":[{"id":120967,"href":"https:\/\/www.villaeducativa.edu.mx\/newspaper\/index.php?rest_route=\/wp\/v2\/posts\/120869\/revisions\/120967"}],"wp:featuredmedia":[{"embeddable":true,"href":"https:\/\/www.villaeducativa.edu.mx\/newspaper\/index.php?rest_route=\/wp\/v2\/media\/120870"}],"wp:attachment":[{"href":"https:\/\/www.villaeducativa.edu.mx\/newspaper\/index.php?rest_route=%2Fwp%2Fv2%2Fmedia&parent=120869"}],"wp:term":[{"taxonomy":"category","embeddable":true,"href":"https:\/\/www.villaeducativa.edu.mx\/newspaper\/index.php?rest_route=%2Fwp%2Fv2%2Fcategories&post=120869"},{"taxonomy":"post_tag","embeddable":true,"href":"https:\/\/www.villaeducativa.edu.mx\/newspaper\/index.php?rest_route=%2Fwp%2Fv2%2Ftags&post=120869"}],"curies":[{"name":"wp","href":"https:\/\/api.w.org\/{rel}","templated":true}]}}