{"id":120735,"date":"2025-01-07T09:20:52","date_gmt":"2025-01-07T15:20:52","guid":{"rendered":"https:\/\/www.villaeducativa.edu.mx\/newspaper\/?p=120735"},"modified":"2025-01-13T09:31:15","modified_gmt":"2025-01-13T15:31:15","slug":"fechas-importantes-16","status":"publish","type":"post","link":"https:\/\/www.villaeducativa.edu.mx\/newspaper\/?p=120735","title":{"rendered":"Fechas importantes"},"content":{"rendered":"\n<p id=\"block-30172937-2e98-465a-b6dc-8fc7c8195f80\">Les recordamos las fechas importantes que tenemos en el mes de enero.<\/p>\n\n\n\n<h5 class=\"has-text-align-center\"><strong>Enero<\/strong><\/h5>\n\n\n\n<figure class=\"wp-block-table\"><table><tbody><tr><td class=\"has-text-align-right\" data-align=\"right\"><\/td><td><strong><em>General<\/em><\/strong><\/td><\/tr><tr><td class=\"has-text-align-right\" data-align=\"right\"><strong><span class=\"has-inline-color has-luminous-vivid-orange-color\">6 al 8<\/span><\/strong><\/td><td><strong>\u2022 Formaci\u00f3n docente<\/strong><\/td><\/tr><tr><td class=\"has-text-align-right\" data-align=\"right\"><strong><span class=\"has-inline-color has-luminous-vivid-orange-color\">9<\/span><\/strong><\/td><td><strong>\u2022 Primer d\u00eda de clases despu\u00e9s de vacaciones&nbsp;de&nbsp;fin&nbsp;de&nbsp;a\u00f1o<\/strong><\/td><\/tr><tr><td class=\"has-text-align-right\" data-align=\"right\"><strong><span class=\"has-inline-color has-luminous-vivid-orange-color\">28<\/span><\/strong><\/td><td><strong>\u2022<\/strong> <strong>Morning Coffee HK 10:00 a.m. <\/strong><\/td><\/tr><tr><td class=\"has-text-align-right\" data-align=\"right\"><strong><span class=\"has-inline-color has-luminous-vivid-orange-color\">31<\/span><\/strong><\/td><td><strong>\u2022 Suspensi\u00f3n por consejo t\u00e9cnico y capacitaci\u00f3n<\/strong><br><strong>\u2022 Clase abierta de Club: Motricidad y Ballet<\/strong><\/td><\/tr><tr><td class=\"has-text-align-right\" data-align=\"right\"><\/td><td><strong><em><span class=\"has-inline-color has-luminous-vivid-amber-color\">Happy Kinder<\/span><\/em><\/strong><\/td><\/tr><tr><td class=\"has-text-align-right\" data-align=\"right\"><span class=\"has-inline-color has-luminous-vivid-orange-color\"><strong>13<\/strong><\/span><\/td><td><strong><strong>\u2022<\/strong> Sesi\u00f3n informativa de Happy Kinder (nuevos ingresos)<\/strong><\/td><\/tr><tr><td class=\"has-text-align-right\" data-align=\"right\"><strong><span class=\"has-inline-color has-luminous-vivid-orange-color\">15<\/span><\/strong><\/td><td><strong><strong>\u2022<\/strong><\/strong> <strong>Un d\u00eda en Villa<\/strong><\/td><\/tr><tr><td class=\"has-text-align-right\" data-align=\"right\"><strong><span class=\"has-inline-color has-luminous-vivid-orange-color\">16<\/span><\/strong><\/td><td><strong><strong>\u2022<\/strong> Sesi\u00f3n informativa sobre Villa Educativa para familias de Kinder 3<\/strong><\/td><\/tr><tr><td class=\"has-text-align-right\" data-align=\"right\"><strong><span class=\"has-inline-color has-luminous-vivid-orange-color\">31<\/span><\/strong><\/td><td><strong>\u2022 Sesiones informativas para familias de nuevo ingreso HK 10:00 a.m.<\/strong><\/td><\/tr><tr><td class=\"has-text-align-right\" data-align=\"right\"><\/td><td><strong><em><span class=\"has-inline-color has-vivid-cyan-blue-color\">Villa Educativa<\/span><\/em><\/strong><\/td><\/tr><tr><td class=\"has-text-align-right\" data-align=\"right\"><strong><span class=\"has-inline-color has-luminous-vivid-orange-color\">14 y 15<\/span><\/strong><\/td><td><strong>\u2022 Un d\u00eda en Villa High<\/strong><\/td><\/tr><tr><td class=\"has-text-align-right\" data-align=\"right\"><strong><span class=\"has-inline-color has-luminous-vivid-orange-color\">17<\/span><\/strong><\/td><td><strong>\u2022 Junta informativa sobre Villa High para familias de 6o grado<\/strong><\/td><\/tr><tr><td class=\"has-text-align-right\" data-align=\"right\"><strong><span class=\"has-inline-color has-luminous-vivid-orange-color\">21 al 28<\/span><\/strong><\/td><td><strong>\u2022 Cierres de Proyecto Villa Educativa<\/strong><\/td><\/tr><tr><td class=\"has-text-align-right\" data-align=\"right\"><strong><span class=\"has-inline-color has-luminous-vivid-orange-color\">29<\/span><\/strong><\/td><td><strong>\u2022<\/strong> <strong>Morning Coffee PA\u00a0<strong>9:00<\/strong> a.m.<\/strong><br><strong>\u2022<\/strong> <strong>Morning Coffee PB\u00a0<strong>10:30<\/strong> a.m.<\/strong><\/td><\/tr><tr><td class=\"has-text-align-right\" data-align=\"right\"><strong><span class=\"has-inline-color has-luminous-vivid-orange-color\">31<\/span><\/strong><\/td><td><strong>\u2022 Sesiones informativas para familias de nuevo ingreso VE 8:30 a.m.<\/strong><\/td><\/tr><tr><td class=\"has-text-align-right\" data-align=\"right\"><\/td><td><strong><em><span class=\"has-inline-color has-cyan-bluish-gray-color\">Villa High<\/span><\/em><\/strong><\/td><\/tr><tr><td class=\"has-text-align-right\" data-align=\"right\"><strong><span class=\"has-inline-color has-luminous-vivid-orange-color\">27<\/span><\/strong><\/td><td><strong>\u2022 Cambio de taller en High (2do semestre)<\/strong><\/td><\/tr><tr><td class=\"has-text-align-right\" data-align=\"right\"><strong><span class=\"has-inline-color has-luminous-vivid-orange-color\">28<\/span><\/strong><\/td><td><strong>\u2022<\/strong> <strong>Morning Coffee VH&nbsp;<strong>8:30<\/strong> a.m.<\/strong><\/td><\/tr><tr><td class=\"has-text-align-right\" data-align=\"right\"><strong><span class=\"has-inline-color has-luminous-vivid-orange-color\">31<\/span><\/strong><\/td><td><strong>\u2022 Sesiones informativas para familias de nuevo ingreso VH 10:00 a.m.<\/strong><\/td><\/tr><\/tbody><\/table><\/figure>\n\n\n\n<p><\/p>\n","protected":false},"excerpt":{"rendered":"<p>Les recordamos las fechas importantes que tenemos en el mes de enero de 2025&#8230;<\/p>\n","protected":false},"author":2,"featured_media":120739,"comment_status":"closed","ping_status":"closed","sticky":false,"template":"","format":"standard","meta":{"ngg_post_thumbnail":0},"categories":[17],"tags":[],"_links":{"self":[{"href":"https:\/\/www.villaeducativa.edu.mx\/newspaper\/index.php?rest_route=\/wp\/v2\/posts\/120735"}],"collection":[{"href":"https:\/\/www.villaeducativa.edu.mx\/newspaper\/index.php?rest_route=\/wp\/v2\/posts"}],"about":[{"href":"https:\/\/www.villaeducativa.edu.mx\/newspaper\/index.php?rest_route=\/wp\/v2\/types\/post"}],"author":[{"embeddable":true,"href":"https:\/\/www.villaeducativa.edu.mx\/newspaper\/index.php?rest_route=\/wp\/v2\/users\/2"}],"replies":[{"embeddable":true,"href":"https:\/\/www.villaeducativa.edu.mx\/newspaper\/index.php?rest_route=%2Fwp%2Fv2%2Fcomments&post=120735"}],"version-history":[{"count":5,"href":"https:\/\/www.villaeducativa.edu.mx\/newspaper\/index.php?rest_route=\/wp\/v2\/posts\/120735\/revisions"}],"predecessor-version":[{"id":120816,"href":"https:\/\/www.villaeducativa.edu.mx\/newspaper\/index.php?rest_route=\/wp\/v2\/posts\/120735\/revisions\/120816"}],"wp:featuredmedia":[{"embeddable":true,"href":"https:\/\/www.villaeducativa.edu.mx\/newspaper\/index.php?rest_route=\/wp\/v2\/media\/120739"}],"wp:attachment":[{"href":"https:\/\/www.villaeducativa.edu.mx\/newspaper\/index.php?rest_route=%2Fwp%2Fv2%2Fmedia&parent=120735"}],"wp:term":[{"taxonomy":"category","embeddable":true,"href":"https:\/\/www.villaeducativa.edu.mx\/newspaper\/index.php?rest_route=%2Fwp%2Fv2%2Fcategories&post=120735"},{"taxonomy":"post_tag","embeddable":true,"href":"https:\/\/www.villaeducativa.edu.mx\/newspaper\/index.php?rest_route=%2Fwp%2Fv2%2Ftags&post=120735"}],"curies":[{"name":"wp","href":"https:\/\/api.w.org\/{rel}","templated":true}]}}