{"id":119616,"date":"2025-01-07T08:50:33","date_gmt":"2025-01-07T14:50:33","guid":{"rendered":"https:\/\/www.villaeducativa.edu.mx\/newspaper\/?p=119616"},"modified":"2025-01-07T12:10:27","modified_gmt":"2025-01-07T18:10:27","slug":"6o-welcome-to-villa-high-3","status":"publish","type":"post","link":"https:\/\/www.villaeducativa.edu.mx\/newspaper\/?p=119616","title":{"rendered":"6o: Welcome to Villa High"},"content":{"rendered":"\n<p>Estamos muy emocionados de recibir a los alumnos de 6to; este d\u00eda ser\u00e1 una probadita de lo que pueden esperar cuando ingresen a Villa High. A 6o A y B les toca el martes 14 de enero; a 6o C y D les toca el jueves 16 de enero. <\/p>\n\n\n\n<p>La entrada a Villa High ser\u00e1 por la calle Misterios de 7:00 &#8211; 7:30 a.m. <br>La salida en horario normal por Villa Educativa.&nbsp;<\/p>\n\n\n\n<p>Vivir\u00e1n experiencias en los salones de Ciencias, Makers, Educaci\u00f3n F\u00edsica y todos los talleres. Recibir\u00e1n de regalo una playera del color de la casa a la que a pertenecer\u00e1n desde ese d\u00eda y durante su estancia en Villa High. Pueden ganar puntos para su casa y, con ello, ver quien va a levantar la Copa High al final del d\u00eda. Les regalaremos un lunch.<\/p>\n\n\n\n<p>Deben venir vestidos con pants c\u00f3modos y tenis. En su mochila deben traer su Chromebook y agua.<\/p>\n\n\n\n<p>\u00a1Nos vemos en Villa High!<\/p>\n\n\n\n<p><span class=\"has-inline-color has-vivid-cyan-blue-color\"><strong>James Abad<\/strong><br><em>Villa High Principal<\/em><\/span><\/p>\n","protected":false},"excerpt":{"rendered":"<p>Estamos muy emocionados de recibir a los alumnos de 6to; este d\u00eda ser\u00e1 una probadita de lo que pueden esperar cuando ingresen a Villa High. A 6o A y B les toca el martes 14 de enero; a 6o C y D les toca el jueves 16 de enero. La&hellip; <\/p>\n","protected":false},"author":2,"featured_media":80679,"comment_status":"closed","ping_status":"closed","sticky":false,"template":"","format":"standard","meta":{"ngg_post_thumbnail":0},"categories":[3],"tags":[],"_links":{"self":[{"href":"https:\/\/www.villaeducativa.edu.mx\/newspaper\/index.php?rest_route=\/wp\/v2\/posts\/119616"}],"collection":[{"href":"https:\/\/www.villaeducativa.edu.mx\/newspaper\/index.php?rest_route=\/wp\/v2\/posts"}],"about":[{"href":"https:\/\/www.villaeducativa.edu.mx\/newspaper\/index.php?rest_route=\/wp\/v2\/types\/post"}],"author":[{"embeddable":true,"href":"https:\/\/www.villaeducativa.edu.mx\/newspaper\/index.php?rest_route=\/wp\/v2\/users\/2"}],"replies":[{"embeddable":true,"href":"https:\/\/www.villaeducativa.edu.mx\/newspaper\/index.php?rest_route=%2Fwp%2Fv2%2Fcomments&post=119616"}],"version-history":[{"count":4,"href":"https:\/\/www.villaeducativa.edu.mx\/newspaper\/index.php?rest_route=\/wp\/v2\/posts\/119616\/revisions"}],"predecessor-version":[{"id":120790,"href":"https:\/\/www.villaeducativa.edu.mx\/newspaper\/index.php?rest_route=\/wp\/v2\/posts\/119616\/revisions\/120790"}],"wp:featuredmedia":[{"embeddable":true,"href":"https:\/\/www.villaeducativa.edu.mx\/newspaper\/index.php?rest_route=\/wp\/v2\/media\/80679"}],"wp:attachment":[{"href":"https:\/\/www.villaeducativa.edu.mx\/newspaper\/index.php?rest_route=%2Fwp%2Fv2%2Fmedia&parent=119616"}],"wp:term":[{"taxonomy":"category","embeddable":true,"href":"https:\/\/www.villaeducativa.edu.mx\/newspaper\/index.php?rest_route=%2Fwp%2Fv2%2Fcategories&post=119616"},{"taxonomy":"post_tag","embeddable":true,"href":"https:\/\/www.villaeducativa.edu.mx\/newspaper\/index.php?rest_route=%2Fwp%2Fv2%2Ftags&post=119616"}],"curies":[{"name":"wp","href":"https:\/\/api.w.org\/{rel}","templated":true}]}}