{"id":119613,"date":"2024-12-17T09:00:00","date_gmt":"2024-12-17T15:00:00","guid":{"rendered":"https:\/\/www.villaeducativa.edu.mx\/newspaper\/?p=119613"},"modified":"2024-12-17T15:15:07","modified_gmt":"2024-12-17T21:15:07","slug":"horario-de-atencion-servicios-escolares-miercoles-18","status":"publish","type":"post","link":"https:\/\/www.villaeducativa.edu.mx\/newspaper\/?p=119613","title":{"rendered":"Horario de atenci\u00f3n Servicios Escolares mi\u00e9rcoles 18"},"content":{"rendered":"\n<p><strong>Estimados Padres de Familia,<\/strong><\/p>\n\n\n\n<p>Les recordamos que el d\u00eda mi\u00e9rcoles 18 de diciembre el horario de atenci\u00f3n en Servicios Escolares y Caja ser\u00e1 de 7:30 a.m. a 1:00 p.m.<\/p>\n\n\n\n<p>Reanudamos actividades en servicios administrativos el martes 7 de enero en horario habitual.<\/p>\n\n\n\n<p>\u00a1Felices fiestas!<\/p>\n\n\n\n<p><strong><span class=\"has-inline-color has-vivid-cyan-blue-color\">Diego Compuzano<br><\/span><\/strong><span class=\"has-inline-color has-vivid-cyan-blue-color\"><em>Coordinador de Servicios Escolares<\/em><\/span><\/p>\n","protected":false},"excerpt":{"rendered":"<p>Estimados Padres de Familia, Les recordamos que el d\u00eda mi\u00e9rcoles 18 de diciembre el horario de atenci\u00f3n en Servicios Escolares y Caja ser\u00e1 de 7:30 a.m. a 1:00 p.m. Reanudamos actividades en servicios administrativos el martes 7 de enero en horario habitual. \u00a1Felices fiestas! Diego CompuzanoCoordinador de Servicios Escolares<\/p>\n","protected":false},"author":2,"featured_media":77597,"comment_status":"closed","ping_status":"closed","sticky":false,"template":"","format":"standard","meta":{"ngg_post_thumbnail":0},"categories":[17],"tags":[],"_links":{"self":[{"href":"https:\/\/www.villaeducativa.edu.mx\/newspaper\/index.php?rest_route=\/wp\/v2\/posts\/119613"}],"collection":[{"href":"https:\/\/www.villaeducativa.edu.mx\/newspaper\/index.php?rest_route=\/wp\/v2\/posts"}],"about":[{"href":"https:\/\/www.villaeducativa.edu.mx\/newspaper\/index.php?rest_route=\/wp\/v2\/types\/post"}],"author":[{"embeddable":true,"href":"https:\/\/www.villaeducativa.edu.mx\/newspaper\/index.php?rest_route=\/wp\/v2\/users\/2"}],"replies":[{"embeddable":true,"href":"https:\/\/www.villaeducativa.edu.mx\/newspaper\/index.php?rest_route=%2Fwp%2Fv2%2Fcomments&post=119613"}],"version-history":[{"count":5,"href":"https:\/\/www.villaeducativa.edu.mx\/newspaper\/index.php?rest_route=\/wp\/v2\/posts\/119613\/revisions"}],"predecessor-version":[{"id":120729,"href":"https:\/\/www.villaeducativa.edu.mx\/newspaper\/index.php?rest_route=\/wp\/v2\/posts\/119613\/revisions\/120729"}],"wp:featuredmedia":[{"embeddable":true,"href":"https:\/\/www.villaeducativa.edu.mx\/newspaper\/index.php?rest_route=\/wp\/v2\/media\/77597"}],"wp:attachment":[{"href":"https:\/\/www.villaeducativa.edu.mx\/newspaper\/index.php?rest_route=%2Fwp%2Fv2%2Fmedia&parent=119613"}],"wp:term":[{"taxonomy":"category","embeddable":true,"href":"https:\/\/www.villaeducativa.edu.mx\/newspaper\/index.php?rest_route=%2Fwp%2Fv2%2Fcategories&post=119613"},{"taxonomy":"post_tag","embeddable":true,"href":"https:\/\/www.villaeducativa.edu.mx\/newspaper\/index.php?rest_route=%2Fwp%2Fv2%2Ftags&post=119613"}],"curies":[{"name":"wp","href":"https:\/\/api.w.org\/{rel}","templated":true}]}}