{"id":119334,"date":"2025-01-07T09:00:00","date_gmt":"2025-01-07T15:00:00","guid":{"rendered":"https:\/\/www.villaeducativa.edu.mx\/newspaper\/?p=119334"},"modified":"2025-01-07T12:05:46","modified_gmt":"2025-01-07T18:05:46","slug":"te-estamos-esperando-en-un-dia-en-villa-educativa","status":"publish","type":"post","link":"https:\/\/www.villaeducativa.edu.mx\/newspaper\/?p=119334","title":{"rendered":"Te estamos esperando en un d\u00eda en Villa Educativa"},"content":{"rendered":"\n<p>Nos llena de emoci\u00f3n invitarte a pasar un d\u00eda muy especial en <em>Villa Educativa<\/em> lleno de diversi\u00f3n, aprendizaje y sorpresas preparadas especialmente para ti. Queremos que disfrutes de nuestras actividades y descubras todo lo que hemos preparado para hacer de esta experiencia algo inolvidable.<\/p>\n\n\n\n<p><strong><br>Fecha:<\/strong> 15\u00a0de enero<br><strong>Horario:<\/strong> Entrada a las 8:00 a.m. por la puerta de Happy y salida a la 1:40 p.m. por la puerta de Villa (como todos los d\u00edas).<\/p>\n\n\n\n<p><strong>Recomendaciones:<\/strong><\/p>\n\n\n\n<ul><li>Traer <strong>lunch<\/strong> y un peque\u00f1o snack para el segundo recreo, adem\u00e1s de suficiente agua.<\/li><li><strong>No traer mochila.<\/strong><\/li><li>Marcar todas tus pertenencias.<\/li><li>Asistir con el <strong>uniforme de diario.<\/strong><\/li><\/ul>\n\n\n\n<p>Estamos seguras de que ser\u00e1 un d\u00eda incre\u00edble lleno de risas, aprendizaje y buenos momentos. \u00a1No podemos esperar para compartirlo contigo!\u00a0<\/p>\n\n\n\n<p><strong><span class=\"has-inline-color has-vivid-cyan-blue-color\">Lupita G\u00e1lvez y Greta Rodr\u00edguez<br><\/span><\/strong><span class=\"has-inline-color has-vivid-cyan-blue-color\"><em>Coordinaci\u00f3n de Primaria&nbsp;<\/em><\/span><\/p>\n","protected":false},"excerpt":{"rendered":"<p>Nos llena de emoci\u00f3n invitarte a pasar un d\u00eda muy especial en Villa Educativa lleno de diversi\u00f3n, aprendizaje y sorpresas preparadas especialmente para ti. Queremos que disfrutes de nuestras actividades y descubras todo lo que hemos preparado para hacer de esta experiencia algo inolvidable. Fecha: 15\u00a0de eneroHorario: Entrada a las&hellip; <\/p>\n","protected":false},"author":2,"featured_media":80678,"comment_status":"closed","ping_status":"closed","sticky":false,"template":"","format":"standard","meta":{"ngg_post_thumbnail":0},"categories":[2],"tags":[],"_links":{"self":[{"href":"https:\/\/www.villaeducativa.edu.mx\/newspaper\/index.php?rest_route=\/wp\/v2\/posts\/119334"}],"collection":[{"href":"https:\/\/www.villaeducativa.edu.mx\/newspaper\/index.php?rest_route=\/wp\/v2\/posts"}],"about":[{"href":"https:\/\/www.villaeducativa.edu.mx\/newspaper\/index.php?rest_route=\/wp\/v2\/types\/post"}],"author":[{"embeddable":true,"href":"https:\/\/www.villaeducativa.edu.mx\/newspaper\/index.php?rest_route=\/wp\/v2\/users\/2"}],"replies":[{"embeddable":true,"href":"https:\/\/www.villaeducativa.edu.mx\/newspaper\/index.php?rest_route=%2Fwp%2Fv2%2Fcomments&post=119334"}],"version-history":[{"count":3,"href":"https:\/\/www.villaeducativa.edu.mx\/newspaper\/index.php?rest_route=\/wp\/v2\/posts\/119334\/revisions"}],"predecessor-version":[{"id":120786,"href":"https:\/\/www.villaeducativa.edu.mx\/newspaper\/index.php?rest_route=\/wp\/v2\/posts\/119334\/revisions\/120786"}],"wp:featuredmedia":[{"embeddable":true,"href":"https:\/\/www.villaeducativa.edu.mx\/newspaper\/index.php?rest_route=\/wp\/v2\/media\/80678"}],"wp:attachment":[{"href":"https:\/\/www.villaeducativa.edu.mx\/newspaper\/index.php?rest_route=%2Fwp%2Fv2%2Fmedia&parent=119334"}],"wp:term":[{"taxonomy":"category","embeddable":true,"href":"https:\/\/www.villaeducativa.edu.mx\/newspaper\/index.php?rest_route=%2Fwp%2Fv2%2Fcategories&post=119334"},{"taxonomy":"post_tag","embeddable":true,"href":"https:\/\/www.villaeducativa.edu.mx\/newspaper\/index.php?rest_route=%2Fwp%2Fv2%2Ftags&post=119334"}],"curies":[{"name":"wp","href":"https:\/\/api.w.org\/{rel}","templated":true}]}}