{"id":119314,"date":"2024-12-17T09:03:00","date_gmt":"2024-12-17T15:03:00","guid":{"rendered":"https:\/\/www.villaeducativa.edu.mx\/newspaper\/?p=119314"},"modified":"2024-12-17T11:50:21","modified_gmt":"2024-12-17T17:50:21","slug":"cierre-de-facturacion-2024","status":"publish","type":"post","link":"https:\/\/www.villaeducativa.edu.mx\/newspaper\/?p=119314","title":{"rendered":"Cierre de facturaci\u00f3n 2024"},"content":{"rendered":"\n<p>Estimados Padres de Familia,<\/p>\n\n\n\n<p>Debido al pr\u00f3ximo periodo vacacional decembrino, cerraremos el proceso administrativo de facturaci\u00f3n el jueves 26 de diciembre de 2024.<\/p>\n\n\n\n<p>Los pap\u00e1s que necesiten facturar la colegiatura de diciembre dentro de este ejercicio fiscal 2024 (tanto de escuela como de Club), tendr\u00e1n hasta el lunes 23 de diciembre para realizar los pagos (dicho pago se facturar\u00e1 al d\u00eda siguiente).<\/p>\n\n\n\n<p><em>Los dep\u00f3sitos que se reciban a trav\u00e9s de cualquier medio despu\u00e9s del 23 de diciembre de 2024, ser\u00e1n facturados en enero del 2025.<\/em><\/p>\n\n\n\n<p>Favor de enviar cualquier solicitud referente a facturaci\u00f3n al correo: <a rel=\"noreferrer noopener\" href=\"mailto:caja@villaeducativa.edu.mx\" target=\"_blank\"><span class=\"has-inline-color has-vivid-cyan-blue-color\">caja@villaeducativa.edu.mx<\/span><\/a><\/p>\n\n\n\n<p><strong><span class=\"has-inline-color has-vivid-cyan-blue-color\">Contabilidad y Cobranza<\/span><\/strong><\/p>\n","protected":false},"excerpt":{"rendered":"<p>Estimados Padres de Familia, Debido al pr\u00f3ximo periodo vacacional decembrino, cerraremos el proceso administrativo de facturaci\u00f3n el jueves 26 de diciembre de 2024. Los pap\u00e1s que necesiten facturar la colegiatura de diciembre dentro de este ejercicio fiscal 2024 (tanto de escuela como de Club), tendr\u00e1n hasta el lunes 23 de&hellip; <\/p>\n","protected":false},"author":2,"featured_media":79928,"comment_status":"closed","ping_status":"closed","sticky":false,"template":"","format":"standard","meta":{"ngg_post_thumbnail":0},"categories":[17],"tags":[],"_links":{"self":[{"href":"https:\/\/www.villaeducativa.edu.mx\/newspaper\/index.php?rest_route=\/wp\/v2\/posts\/119314"}],"collection":[{"href":"https:\/\/www.villaeducativa.edu.mx\/newspaper\/index.php?rest_route=\/wp\/v2\/posts"}],"about":[{"href":"https:\/\/www.villaeducativa.edu.mx\/newspaper\/index.php?rest_route=\/wp\/v2\/types\/post"}],"author":[{"embeddable":true,"href":"https:\/\/www.villaeducativa.edu.mx\/newspaper\/index.php?rest_route=\/wp\/v2\/users\/2"}],"replies":[{"embeddable":true,"href":"https:\/\/www.villaeducativa.edu.mx\/newspaper\/index.php?rest_route=%2Fwp%2Fv2%2Fcomments&post=119314"}],"version-history":[{"count":1,"href":"https:\/\/www.villaeducativa.edu.mx\/newspaper\/index.php?rest_route=\/wp\/v2\/posts\/119314\/revisions"}],"predecessor-version":[{"id":119315,"href":"https:\/\/www.villaeducativa.edu.mx\/newspaper\/index.php?rest_route=\/wp\/v2\/posts\/119314\/revisions\/119315"}],"wp:featuredmedia":[{"embeddable":true,"href":"https:\/\/www.villaeducativa.edu.mx\/newspaper\/index.php?rest_route=\/wp\/v2\/media\/79928"}],"wp:attachment":[{"href":"https:\/\/www.villaeducativa.edu.mx\/newspaper\/index.php?rest_route=%2Fwp%2Fv2%2Fmedia&parent=119314"}],"wp:term":[{"taxonomy":"category","embeddable":true,"href":"https:\/\/www.villaeducativa.edu.mx\/newspaper\/index.php?rest_route=%2Fwp%2Fv2%2Fcategories&post=119314"},{"taxonomy":"post_tag","embeddable":true,"href":"https:\/\/www.villaeducativa.edu.mx\/newspaper\/index.php?rest_route=%2Fwp%2Fv2%2Ftags&post=119314"}],"curies":[{"name":"wp","href":"https:\/\/api.w.org\/{rel}","templated":true}]}}