{"id":118606,"date":"2024-12-10T09:05:00","date_gmt":"2024-12-10T15:05:00","guid":{"rendered":"https:\/\/www.villaeducativa.edu.mx\/newspaper\/?p=118606"},"modified":"2024-12-09T12:01:40","modified_gmt":"2024-12-09T18:01:40","slug":"clases-virtuales-12-de-diciembre","status":"publish","type":"post","link":"https:\/\/www.villaeducativa.edu.mx\/newspaper\/?p=118606","title":{"rendered":"Clases virtuales 12 de diciembre"},"content":{"rendered":"\n<p>Recuerden que este&nbsp; jueves 12 de diciembre tendremos clases en l\u00ednea en todas las secciones de la escuela (incluyendo club), debido a la peregrinaci\u00f3n de ese d\u00eda.<\/p>\n\n\n\n<p>Los horarios y material requerido para cada clase est\u00e1n publicados en el classroom de cada grupo. Los maestros de clases especiales se conectar\u00e1n al classroom de cada grupo. <\/p>\n\n\n\n<p>El link se encuentra en Classroom.<\/p>\n\n\n\n<div class=\"wp-block-image\"><figure class=\"aligncenter size-large is-resized\"><img loading=\"lazy\" src=\"https:\/\/www.villaeducativa.edu.mx\/newspaper\/wp-content\/uploads\/2024\/12\/Captura.jpg\" alt=\"\" class=\"wp-image-118611\" width=\"752\" height=\"298\" srcset=\"https:\/\/www.villaeducativa.edu.mx\/newspaper\/wp-content\/uploads\/2024\/12\/Captura.jpg 822w, https:\/\/www.villaeducativa.edu.mx\/newspaper\/wp-content\/uploads\/2024\/12\/Captura-300x119.jpg 300w, https:\/\/www.villaeducativa.edu.mx\/newspaper\/wp-content\/uploads\/2024\/12\/Captura-768x305.jpg 768w, https:\/\/www.villaeducativa.edu.mx\/newspaper\/wp-content\/uploads\/2024\/12\/Captura-600x238.jpg 600w\" sizes=\"(max-width: 752px) 100vw, 752px\" \/><\/figure><\/div>\n\n\n\n<p>\u00a1Muchas gracias por su apoyo!<\/p>\n\n\n\n<p><strong><span class=\"has-inline-color has-vivid-cyan-blue-color\">Carlie Garc\u00eda<br><\/span><\/strong><span class=\"has-inline-color has-vivid-cyan-blue-color\"><em>Preschool Principal<\/em><\/span><\/p>\n","protected":false},"excerpt":{"rendered":"<p>Recuerden que este&nbsp; jueves 12 de diciembre tendremos clases en l\u00ednea en todas las secciones de la escuela (incluyendo club), debido a la peregrinaci\u00f3n de ese d\u00eda. Los horarios y material requerido para cada clase est\u00e1n publicados en el classroom de cada grupo. Los maestros de clases especiales se conectar\u00e1n&hellip; <\/p>\n","protected":false},"author":2,"featured_media":118607,"comment_status":"closed","ping_status":"closed","sticky":false,"template":"","format":"standard","meta":{"ngg_post_thumbnail":0},"categories":[2],"tags":[],"_links":{"self":[{"href":"https:\/\/www.villaeducativa.edu.mx\/newspaper\/index.php?rest_route=\/wp\/v2\/posts\/118606"}],"collection":[{"href":"https:\/\/www.villaeducativa.edu.mx\/newspaper\/index.php?rest_route=\/wp\/v2\/posts"}],"about":[{"href":"https:\/\/www.villaeducativa.edu.mx\/newspaper\/index.php?rest_route=\/wp\/v2\/types\/post"}],"author":[{"embeddable":true,"href":"https:\/\/www.villaeducativa.edu.mx\/newspaper\/index.php?rest_route=\/wp\/v2\/users\/2"}],"replies":[{"embeddable":true,"href":"https:\/\/www.villaeducativa.edu.mx\/newspaper\/index.php?rest_route=%2Fwp%2Fv2%2Fcomments&post=118606"}],"version-history":[{"count":2,"href":"https:\/\/www.villaeducativa.edu.mx\/newspaper\/index.php?rest_route=\/wp\/v2\/posts\/118606\/revisions"}],"predecessor-version":[{"id":118612,"href":"https:\/\/www.villaeducativa.edu.mx\/newspaper\/index.php?rest_route=\/wp\/v2\/posts\/118606\/revisions\/118612"}],"wp:featuredmedia":[{"embeddable":true,"href":"https:\/\/www.villaeducativa.edu.mx\/newspaper\/index.php?rest_route=\/wp\/v2\/media\/118607"}],"wp:attachment":[{"href":"https:\/\/www.villaeducativa.edu.mx\/newspaper\/index.php?rest_route=%2Fwp%2Fv2%2Fmedia&parent=118606"}],"wp:term":[{"taxonomy":"category","embeddable":true,"href":"https:\/\/www.villaeducativa.edu.mx\/newspaper\/index.php?rest_route=%2Fwp%2Fv2%2Fcategories&post=118606"},{"taxonomy":"post_tag","embeddable":true,"href":"https:\/\/www.villaeducativa.edu.mx\/newspaper\/index.php?rest_route=%2Fwp%2Fv2%2Ftags&post=118606"}],"curies":[{"name":"wp","href":"https:\/\/api.w.org\/{rel}","templated":true}]}}