{"id":118478,"date":"2024-12-03T11:00:56","date_gmt":"2024-12-03T17:00:56","guid":{"rendered":"https:\/\/www.villaeducativa.edu.mx\/newspaper\/?p=118478"},"modified":"2025-01-06T11:35:36","modified_gmt":"2025-01-06T17:35:36","slug":"fechas-importantes-15","status":"publish","type":"post","link":"https:\/\/www.villaeducativa.edu.mx\/newspaper\/?p=118478","title":{"rendered":"Fechas importantes"},"content":{"rendered":"\n<p id=\"block-30172937-2e98-465a-b6dc-8fc7c8195f80\">Les recordamos las fechas importantes que tenemos en el mes de diciembre y enero.<\/p>\n\n\n\n<h5 class=\"has-text-align-center\"><strong>Diciembre<\/strong><\/h5>\n\n\n\n<figure class=\"wp-block-table\"><table><tbody><tr><td class=\"has-text-align-right\" data-align=\"right\"><\/td><td><strong><em>General<\/em><\/strong><\/td><\/tr><tr><td class=\"has-text-align-right\" data-align=\"right\"><strong><span class=\"has-inline-color has-luminous-vivid-orange-color\">11<\/span><\/strong><\/td><td><strong><strong>\u2022<\/strong><\/strong> <strong>50 Years of Happy Days en Kataplum 10:00 a.m. a 7:00 p.m.<\/strong><\/td><\/tr><tr><td class=\"has-text-align-right\" data-align=\"right\"><strong><span class=\"has-inline-color has-luminous-vivid-orange-color\">12<\/span><\/strong><\/td><td><strong>\u2022 Clases en l\u00ednea debido a las peregrinaciones<\/strong>.<\/td><\/tr><tr><td class=\"has-text-align-right\" data-align=\"right\"><strong><span class=\"has-inline-color has-luminous-vivid-orange-color\">18<\/span><\/strong><\/td><td><strong>\u2022 \u00daltimo d\u00eda de clases previo a las vacaciones de fin de a\u00f1o.<\/strong><br><strong>\u2022 Celebraci\u00f3n de fin de a\u00f1o de colaboradores, d\u00eda corto. No habr\u00e1 servicio de Club.<\/strong><\/td><\/tr><tr><td class=\"has-text-align-right\" data-align=\"right\"><\/td><td><strong><em><span class=\"has-inline-color has-luminous-vivid-amber-color\">Happy Kinder<\/span><\/em><\/strong><\/td><\/tr><tr><td class=\"has-text-align-right\" data-align=\"right\"><strong><span class=\"has-inline-color has-luminous-vivid-orange-color\">12 al 17<\/span><\/strong><\/td><td><strong><strong>\u2022<\/strong><\/strong> <strong>Juntas individuales de Kinder 2<\/strong><\/td><\/tr><tr><td class=\"has-text-align-right\" data-align=\"right\"><\/td><td><strong><em><span class=\"has-inline-color has-cyan-bluish-gray-color\">Villa High<\/span><\/em><\/strong><\/td><\/tr><tr><td class=\"has-text-align-right\" data-align=\"right\"><span class=\"has-inline-color has-luminous-vivid-orange-color\"><strong>6<\/strong><\/span><\/td><td><strong><strong>\u2022<\/strong><\/strong> <strong><strong>Math Fair VIlla High 3<\/strong><\/strong><\/td><\/tr><\/tbody><\/table><\/figure>\n\n\n\n<h5 class=\"has-text-align-center\"><strong>Enero<\/strong><\/h5>\n\n\n\n<figure class=\"wp-block-table\"><table><tbody><tr><td class=\"has-text-align-right\" data-align=\"right\"><\/td><td><strong><em>General<\/em><\/strong><\/td><\/tr><tr><td class=\"has-text-align-right\" data-align=\"right\"><strong><span class=\"has-inline-color has-luminous-vivid-orange-color\">6 al 8<\/span><\/strong><\/td><td><strong>\u2022 Formaci\u00f3n docente<\/strong><\/td><\/tr><tr><td class=\"has-text-align-right\" data-align=\"right\"><strong><span class=\"has-inline-color has-luminous-vivid-orange-color\">9<\/span><\/strong><\/td><td><strong>\u2022 Primer d\u00eda de clases despu\u00e9s de vacaciones&nbsp;de&nbsp;fin&nbsp;de&nbsp;a\u00f1o<\/strong><\/td><\/tr><tr><td class=\"has-text-align-right\" data-align=\"right\"><strong><span class=\"has-inline-color has-luminous-vivid-orange-color\">28<\/span><\/strong><\/td><td><strong>\u2022<\/strong> <strong>Morning Coffee HK 10:00 a.m. <\/strong><\/td><\/tr><tr><td class=\"has-text-align-right\" data-align=\"right\"><strong><span class=\"has-inline-color has-luminous-vivid-orange-color\">31<\/span><\/strong><\/td><td><strong>\u2022 Suspensi\u00f3n por consejo t\u00e9cnico y capacitaci\u00f3n<\/strong><br><strong>\u2022 Clase abierta de Club: Motricidad y Ballet<\/strong><\/td><\/tr><tr><td class=\"has-text-align-right\" data-align=\"right\"><\/td><td><strong><em><span class=\"has-inline-color has-luminous-vivid-amber-color\">Happy Kinder<\/span><\/em><\/strong><\/td><\/tr><tr><td class=\"has-text-align-right\" data-align=\"right\"><span class=\"has-inline-color has-luminous-vivid-orange-color\"><strong>13<\/strong><\/span><\/td><td><strong><strong>\u2022<\/strong> Sesi\u00f3n informativa de Happy Kinder (nuevos ingresos).<\/strong><\/td><\/tr><tr><td class=\"has-text-align-right\" data-align=\"right\"><strong><span class=\"has-inline-color has-luminous-vivid-orange-color\">15<\/span><\/strong><\/td><td><strong><strong>\u2022<\/strong><\/strong> <strong>Un d\u00eda en Villa<\/strong><\/td><\/tr><tr><td class=\"has-text-align-right\" data-align=\"right\"><strong><span class=\"has-inline-color has-luminous-vivid-orange-color\">16<\/span><\/strong><\/td><td><strong><strong>\u2022<\/strong> Junta informativa sobre Villa Educativa para familias de Kinder 3<\/strong><\/td><\/tr><tr><td class=\"has-text-align-right\" data-align=\"right\"><strong><span class=\"has-inline-color has-luminous-vivid-orange-color\">31<\/span><\/strong><\/td><td><strong>\u2022 Sesiones informativas para familias de nuevo ingreso HK 10:00 a.m.<\/strong><\/td><\/tr><tr><td class=\"has-text-align-right\" data-align=\"right\"><\/td><td><strong><em><span class=\"has-inline-color has-vivid-cyan-blue-color\">Villa Educativa<\/span><\/em><\/strong><\/td><\/tr><tr><td class=\"has-text-align-right\" data-align=\"right\"><strong><span class=\"has-inline-color has-luminous-vivid-orange-color\">14 y 15<\/span><\/strong><\/td><td><strong>\u2022 Un d\u00eda en Villa High<\/strong><\/td><\/tr><tr><td class=\"has-text-align-right\" data-align=\"right\"><strong><span class=\"has-inline-color has-luminous-vivid-orange-color\">17<\/span><\/strong><\/td><td><strong>\u2022 Junta informativa sobre Villa High para familias de 6o grado<\/strong><\/td><\/tr><tr><td class=\"has-text-align-right\" data-align=\"right\"><strong><span class=\"has-inline-color has-luminous-vivid-orange-color\">21 al 28<\/span><\/strong><\/td><td><strong>\u2022 Cierres de Proyecto Villa Educativa<\/strong><\/td><\/tr><tr><td class=\"has-text-align-right\" data-align=\"right\"><strong><span class=\"has-inline-color has-luminous-vivid-orange-color\">29<\/span><\/strong><\/td><td><strong>\u2022<\/strong> <strong>Morning Coffee PA&nbsp;<strong>10:30<\/strong> a.m.<\/strong><br><strong>\u2022<\/strong> <strong>Morning Coffee PB&nbsp;<strong>10:30<\/strong> a.m.<\/strong><\/td><\/tr><tr><td class=\"has-text-align-right\" data-align=\"right\"><strong><span class=\"has-inline-color has-luminous-vivid-orange-color\">31<\/span><\/strong><\/td><td><strong>\u2022 Sesiones informativas para familias de nuevo ingreso VE 8:30 a.m.<\/strong><\/td><\/tr><tr><td class=\"has-text-align-right\" data-align=\"right\"><\/td><td><strong><em><span class=\"has-inline-color has-cyan-bluish-gray-color\">Villa High<\/span><\/em><\/strong><\/td><\/tr><tr><td class=\"has-text-align-right\" data-align=\"right\"><span class=\"has-inline-color has-luminous-vivid-orange-color\"><strong>4<\/strong><\/span><\/td><td><strong><strong>\u2022<\/strong><\/strong> <strong><strong>Junta virtual de viaje a Jap\u00f3n <\/strong>VH<\/strong><\/td><\/tr><tr><td class=\"has-text-align-right\" data-align=\"right\"><strong><span class=\"has-inline-color has-luminous-vivid-orange-color\">27<\/span><\/strong><\/td><td><strong>\u2022 Cambio de taller en High (2do semestre)<\/strong><\/td><\/tr><tr><td class=\"has-text-align-right\" data-align=\"right\"><strong><span class=\"has-inline-color has-luminous-vivid-orange-color\">28<\/span><\/strong><\/td><td><strong>\u2022<\/strong> <strong>Morning Coffee VH&nbsp;<strong>8:30<\/strong> a.m.<\/strong><\/td><\/tr><tr><td class=\"has-text-align-right\" data-align=\"right\"><strong><span class=\"has-inline-color has-luminous-vivid-orange-color\">31<\/span><\/strong><\/td><td><strong>\u2022 Sesiones informativas para familias de nuevo ingreso VH 10:00 a.m.<\/strong><\/td><\/tr><\/tbody><\/table><\/figure>\n\n\n\n<p><\/p>\n","protected":false},"excerpt":{"rendered":"<p>Les recordamos las fechas importantes que tenemos en el mes de diciembre y enero&#8230;<\/p>\n","protected":false},"author":2,"featured_media":118479,"comment_status":"closed","ping_status":"closed","sticky":false,"template":"","format":"standard","meta":{"ngg_post_thumbnail":0},"categories":[17],"tags":[],"_links":{"self":[{"href":"https:\/\/www.villaeducativa.edu.mx\/newspaper\/index.php?rest_route=\/wp\/v2\/posts\/118478"}],"collection":[{"href":"https:\/\/www.villaeducativa.edu.mx\/newspaper\/index.php?rest_route=\/wp\/v2\/posts"}],"about":[{"href":"https:\/\/www.villaeducativa.edu.mx\/newspaper\/index.php?rest_route=\/wp\/v2\/types\/post"}],"author":[{"embeddable":true,"href":"https:\/\/www.villaeducativa.edu.mx\/newspaper\/index.php?rest_route=\/wp\/v2\/users\/2"}],"replies":[{"embeddable":true,"href":"https:\/\/www.villaeducativa.edu.mx\/newspaper\/index.php?rest_route=%2Fwp%2Fv2%2Fcomments&post=118478"}],"version-history":[{"count":8,"href":"https:\/\/www.villaeducativa.edu.mx\/newspaper\/index.php?rest_route=\/wp\/v2\/posts\/118478\/revisions"}],"predecessor-version":[{"id":120737,"href":"https:\/\/www.villaeducativa.edu.mx\/newspaper\/index.php?rest_route=\/wp\/v2\/posts\/118478\/revisions\/120737"}],"wp:featuredmedia":[{"embeddable":true,"href":"https:\/\/www.villaeducativa.edu.mx\/newspaper\/index.php?rest_route=\/wp\/v2\/media\/118479"}],"wp:attachment":[{"href":"https:\/\/www.villaeducativa.edu.mx\/newspaper\/index.php?rest_route=%2Fwp%2Fv2%2Fmedia&parent=118478"}],"wp:term":[{"taxonomy":"category","embeddable":true,"href":"https:\/\/www.villaeducativa.edu.mx\/newspaper\/index.php?rest_route=%2Fwp%2Fv2%2Fcategories&post=118478"},{"taxonomy":"post_tag","embeddable":true,"href":"https:\/\/www.villaeducativa.edu.mx\/newspaper\/index.php?rest_route=%2Fwp%2Fv2%2Ftags&post=118478"}],"curies":[{"name":"wp","href":"https:\/\/api.w.org\/{rel}","templated":true}]}}